{"id":1454,"date":"2014-01-12T19:55:20","date_gmt":"2014-01-12T19:55:20","guid":{"rendered":"http:\/\/parafiabesko.pl\/?p=1454"},"modified":"2014-01-12T19:55:20","modified_gmt":"2014-01-12T19:55:20","slug":"ogloszenia-12-01-2014","status":"publish","type":"post","link":"https:\/\/parafiabesko.pl\/?p=1454","title":{"rendered":"Og\u0142oszenia 12.01.2014"},"content":{"rendered":"<p>\n\t1. &nbsp;Wraz z dzisiejsz\u0105 niedziel\u0105 ko\u0144czymy w liturgii Okres Bo\u017cego Narodzenie, chocia\u017c kol\u0119dy \u015bpiewamy tradycyjnie do 2 lutego.\n<\/p>\n<p><!--more--><\/p>\n<p>\n\t2. We wtorek o godzinie 17.00 Nabo\u017ce\u0144stwo do Bo\u017cego Mi\u0142osierdzia.\n<\/p>\n<p>\n\t3. &nbsp;W \u015brod\u0119 o godzinie 17.00 Nowenna do Matki Bo\u017cej Nieustaj\u0105cej Pomocy.\n<\/p>\n<p>\n\t4. W sobot\u0119 18 stycznia, rozpoczyna si\u0119 w Ko\u015bciele Tydzie\u0144 Modlitwy o Jedno\u015b\u0107 Chrze\u015bcijan.\n<\/p>\n<p>\n\t5. W przysz\u0142\u0105 niedziel\u0119 serdecznie zapraszamy na Koncert kol\u0119d, kt&oacute;ry odb\u0119dzie si\u0119 w naszym ko\u015bciele przed sum\u0105 o godzinie 10.45 w wykonaniu orkiestry OSP z Beska.\n<\/p>\n<p>\n\t6. &nbsp;W tym tygodniu dalszy ci\u0105g wizyty duszpasterskiej.\n<\/p>\n<p>\n\t<strong>Ksi\u0105dz Maciej <\/strong>b\u0119dzie odwiedza\u0142&nbsp; rodziny w poniedzia\u0142ek, wtorek, \u015brod\u0119, od godziny 15.00,&nbsp; a w pi\u0105tek &nbsp;od godziny 9.00.\n<\/p>\n<p>\n\t<strong>Ksi\u0105dz Pawe\u0142 <\/strong>&nbsp;b\u0119dzie odwiedza\u0142&nbsp; rodziny w poniedzia\u0142ek od godziny 9.00, wtorek, \u015brod\u0119, od godziny 15.00, w pi\u0105tek od godziny 12.00, a w sobot\u0119 od godziny 9.00.\n<\/p>\n<p>\n\t7. Serdecznie zapraszamy do udzia\u0142u w rekolekcjach, kt&oacute;re wyg\u0142osi w naszej parafii o. Adam Szustak &ndash; dominikanin:\n<\/p>\n<p>\n\t<strong>Program:<\/strong>\n<\/p>\n<p>\n\t<strong>17.01 &ndash; Pi\u0105tek<\/strong> &ndash; Msza \u015bw. o godz. 17.00 z homili\u0105,<br \/>\n\tok. godz. 18.00 I konferencja na sali w GOK w Besko\n<\/p>\n<p>\n\t<strong>18.01 &ndash; Sobota<\/strong> &ndash; Msza \u015bw. o godz. 17.00 z homili\u0105,<br \/>\n\tok. godz. 18.00 II konferencja na sali w GOK w Besku\n<\/p>\n<p>\n\t<strong>19.01 &ndash; Niedziela<\/strong> &ndash; Msze \u015bw. &ndash; 7.30, 9.15, 11.00, 16.30 z homili\u0105,<br \/>\n\tok. godz. 17.30 III konferencja na sali w GOK w Besku.<\/p>\n","protected":false},"excerpt":{"rendered":"<p>1. &nbsp;Wraz z dzisiejsz\u0105 niedziel\u0105 ko\u0144czymy w liturgii Okres Bo\u017cego Narodzenie, chocia\u017c kol\u0119dy \u015bpiewamy tradycyjnie do 2 lutego.<span class=\"more-link\"><a href=\"https:\/\/parafiabesko.pl\/?p=1454\">Czytaj wi\u0119cej<\/a><\/span><\/p>\n","protected":false},"author":1,"featured_media":1059,"comment_status":"closed","ping_status":"open","sticky":false,"template":"","format":"standard","meta":{"footnotes":""},"categories":[7],"tags":[],"class_list":["entry","author-adminparafiibesko","has-more-link","post-1454","post","type-post","status-publish","format-standard","has-post-thumbnail","category-ogloszenia-parafialne"],"_links":{"self":[{"href":"https:\/\/parafiabesko.pl\/index.php?rest_route=\/wp\/v2\/posts\/1454","targetHints":{"allow":["GET"]}}],"collection":[{"href":"https:\/\/parafiabesko.pl\/index.php?rest_route=\/wp\/v2\/posts"}],"about":[{"href":"https:\/\/parafiabesko.pl\/index.php?rest_route=\/wp\/v2\/types\/post"}],"author":[{"embeddable":true,"href":"https:\/\/parafiabesko.pl\/index.php?rest_route=\/wp\/v2\/users\/1"}],"replies":[{"embeddable":true,"href":"https:\/\/parafiabesko.pl\/index.php?rest_route=%2Fwp%2Fv2%2Fcomments&post=1454"}],"version-history":[{"count":0,"href":"https:\/\/parafiabesko.pl\/index.php?rest_route=\/wp\/v2\/posts\/1454\/revisions"}],"wp:featuredmedia":[{"embeddable":true,"href":"https:\/\/parafiabesko.pl\/index.php?rest_route=\/"}],"wp:attachment":[{"href":"https:\/\/parafiabesko.pl\/index.php?rest_route=%2Fwp%2Fv2%2Fmedia&parent=1454"}],"wp:term":[{"taxonomy":"category","embeddable":true,"href":"https:\/\/parafiabesko.pl\/index.php?rest_route=%2Fwp%2Fv2%2Fcategories&post=1454"},{"taxonomy":"post_tag","embeddable":true,"href":"https:\/\/parafiabesko.pl\/index.php?rest_route=%2Fwp%2Fv2%2Ftags&post=1454"}],"curies":[{"name":"wp","href":"https:\/\/api.w.org\/{rel}","templated":true}]}}