{"id":1442,"date":"2014-01-05T21:00:39","date_gmt":"2014-01-05T21:00:39","guid":{"rendered":"http:\/\/parafiabesko.pl\/?p=1442"},"modified":"2014-01-05T21:00:39","modified_gmt":"2014-01-05T21:00:39","slug":"ogloszenia-5-01-2014","status":"publish","type":"post","link":"https:\/\/parafiabesko.pl\/?p=1442","title":{"rendered":"Og\u0142oszenia 5.01.2014"},"content":{"rendered":"<p>\n\t1. Dzisiaj&nbsp; Niedziela Adoracyjna &ndash; od godziny 12.00 do 16.00 prywatna adoracja rodzin. O godzinie 16.00 Nabo\u017ce\u0144stwo r&oacute;\u017ca\u0144cowe i zmiana tajemnic, adoruje r&oacute;\u017ca Szul Zofii.\n<\/p>\n<p>\n\t<!--more-->\n<\/p>\n<p>\n\t2. Taca z dzisiejszej niedzieli przeznaczona Seminarium Duchowne w Przemy\u015blu.\n<\/p>\n<p>\n\t3.&nbsp; Po Mszach \u015bwi\u0119tych mo\u017cna naby\u0107 w przedsionku ko\u015bcio\u0142a kadzid\u0142o i kred\u0119 i po\u015bwi\u0119ci\u0107 na Trzech Kr&oacute;li.\n<\/p>\n<p>\n\t4.&nbsp; Jutro &nbsp;6 stycznia &ndash; <strong>Uroczysto\u015b\u0107 Objawienia Pa\u0144skiego &ndash; Trzech Kr&oacute;li.<\/strong> B\u0142ogos\u0142awie\u0144stwo kredy i kadzid\u0142a na wszystkich Mszach \u015bwi\u0119tych w Besku. Porz\u0105dek&nbsp; Mszy \u015bwi\u0119tych w Besku: rano 7.30, suma o godzinie 10.00 i po po\u0142udniu o godzinie 16.00 bez Nieszpor&oacute;w. W ko\u015bcio\u0142ach filialnych &nbsp;Msze \u015bwi\u0119te b\u0119d\u0105 odprawiane z po\u015bwi\u0119ceniem kredy i kadzid\u0142a: w Mymoniu o godzinie 8.30 i w Por\u0119bach o godzinie 10.00.\n<\/p>\n<p>\n\t5. Ofiary z\u0142o\u017cone na tac\u0119 w dniu Trzech Kr&oacute;li przeznaczone s\u0105 na Misje \u015bwi\u0119te.\n<\/p>\n<p>\n\t6.&nbsp; We wtorek o godzinie 17.00 Nabo\u017ce\u0144stwo do Bo\u017cego Mi\u0142osierdzia.\n<\/p>\n<p>\n\t7.&nbsp; W \u015brod\u0119 o godzinie 17.00 Nowenna do Matki Bo\u017cej Nieustaj\u0105cej Pomocy.\n<\/p>\n<p>\n\t8.&nbsp; W tym tygodniu dalszy ci\u0105g wizyty duszpasterskiej.\n<\/p>\n<p>\n\t<strong>Ksi\u0105dz Maciej <\/strong>b\u0119dzie odwiedza\u0142 &nbsp;rodziny we wtorek, \u015brod\u0119, czwartek od godziny 15.00,&nbsp; a w pi\u0105tek i sobot\u0119 od godziny 9.00.\n<\/p>\n<p>\n\t<strong>Ksi\u0105dz Pawe\u0142 <\/strong>&nbsp;b\u0119dzie odwiedza\u0142 &nbsp;rodziny w wtorek, \u015brod\u0119, czwartek od godziny 15.00, &nbsp;pi\u0105tek od godziny 12.00, a w sobot\u0119 od godziny 9.00.\n<\/p>\n<p>\n\t9.&nbsp; Dzisiaj po Mszach \u015bwi\u0119tych zg\u0142aszanie dzieci do Chrztu \u015bwi\u0119tego na przysz\u0142\u0105 niedziel\u0119. Konferencja dla rodzic&oacute;w i chrzestnych we czwartek o godzinie 16.00.\n<\/p>\n<p>\n\t10. Za tydzie\u0144 w niedziel\u0119 Chrztu Pa\u0144skiego ko\u0144czy si\u0119 czas Bo\u017cego Narodzenia.<\/p>\n","protected":false},"excerpt":{"rendered":"<p>1. Dzisiaj&nbsp; Niedziela Adoracyjna &ndash; od godziny 12.00 do 16.00 prywatna adoracja rodzin. O godzinie 16.00 Nabo\u017ce\u0144stwo r&oacute;\u017ca\u0144cowe i zmiana tajemnic, adoruje r&oacute;\u017ca Szul Zofii.<span class=\"more-link\"><a href=\"https:\/\/parafiabesko.pl\/?p=1442\">Czytaj wi\u0119cej<\/a><\/span><\/p>\n","protected":false},"author":1,"featured_media":1059,"comment_status":"closed","ping_status":"open","sticky":false,"template":"","format":"standard","meta":{"footnotes":""},"categories":[7],"tags":[],"class_list":["entry","author-adminparafiibesko","has-more-link","post-1442","post","type-post","status-publish","format-standard","has-post-thumbnail","category-ogloszenia-parafialne"],"_links":{"self":[{"href":"https:\/\/parafiabesko.pl\/index.php?rest_route=\/wp\/v2\/posts\/1442","targetHints":{"allow":["GET"]}}],"collection":[{"href":"https:\/\/parafiabesko.pl\/index.php?rest_route=\/wp\/v2\/posts"}],"about":[{"href":"https:\/\/parafiabesko.pl\/index.php?rest_route=\/wp\/v2\/types\/post"}],"author":[{"embeddable":true,"href":"https:\/\/parafiabesko.pl\/index.php?rest_route=\/wp\/v2\/users\/1"}],"replies":[{"embeddable":true,"href":"https:\/\/parafiabesko.pl\/index.php?rest_route=%2Fwp%2Fv2%2Fcomments&post=1442"}],"version-history":[{"count":0,"href":"https:\/\/parafiabesko.pl\/index.php?rest_route=\/wp\/v2\/posts\/1442\/revisions"}],"wp:featuredmedia":[{"embeddable":true,"href":"https:\/\/parafiabesko.pl\/index.php?rest_route=\/"}],"wp:attachment":[{"href":"https:\/\/parafiabesko.pl\/index.php?rest_route=%2Fwp%2Fv2%2Fmedia&parent=1442"}],"wp:term":[{"taxonomy":"category","embeddable":true,"href":"https:\/\/parafiabesko.pl\/index.php?rest_route=%2Fwp%2Fv2%2Fcategories&post=1442"},{"taxonomy":"post_tag","embeddable":true,"href":"https:\/\/parafiabesko.pl\/index.php?rest_route=%2Fwp%2Fv2%2Ftags&post=1442"}],"curies":[{"name":"wp","href":"https:\/\/api.w.org\/{rel}","templated":true}]}}