{"id":1436,"date":"2014-01-05T17:43:39","date_gmt":"2014-01-05T17:43:39","guid":{"rendered":"http:\/\/parafiabesko.pl\/?p=1436"},"modified":"2014-01-05T17:43:39","modified_gmt":"2014-01-05T17:43:39","slug":"intencje-mszalne-6-01-2014-12-01-2014","status":"publish","type":"post","link":"https:\/\/parafiabesko.pl\/?p=1436","title":{"rendered":"Intencje mszalne 6.01.2014-12.01.2014"},"content":{"rendered":"<p>\n\tW najbli\u017cszym tygodniu zostan\u0105 odprawione nast\u0119puj\u0105ce intencje mszalne:\n<\/p>\n<p>\n\t<!--more-->\n<\/p>\n<table border=\"1\" cellpadding=\"1\" cellspacing=\"1\" style=\"width: 500px\">\n<tbody>\n<tr>\n<td style=\"text-align: center\">\n\t\t\t\t<strong>Dzie\u0144 tygodnia<\/strong>\n\t\t\t<\/td>\n<td style=\"text-align: center\">\n\t\t\t\t<strong>godzina<\/strong>\n\t\t\t<\/td>\n<td style=\"text-align: center\">\n\t\t\t\t&nbsp;\n\t\t\t<\/td>\n<\/tr>\n<tr>\n<td colspan=\"1\" rowspan=\"3\">\n\t\t\t\tPoniedzia\u0142ek\n\t\t\t<\/td>\n<td>\n\t\t\t\t7.30\n\t\t\t<\/td>\n<td>\n\t\t\t\t+Tomasz Suwa\u0142a w 10r.\u015bm.\n\t\t\t<\/td>\n<\/tr>\n<tr>\n<td>\n\t\t\t\t10.00\n\t\t\t<\/td>\n<td>\n\t\t\t\t+Edward Oberc w 14r.\u015bm. i ++ z rodziny\n\t\t\t<\/td>\n<\/tr>\n<tr>\n<td>\n\t\t\t\t16.00\n\t\t\t<\/td>\n<td>\n\t\t\t\t+\u0141ukasz Chyna\u0142 (of. koledzy i kole\u017canki z Zespo\u0142u Szk&oacute;\u0142 w Iwoniczu)\n\t\t\t<\/td>\n<\/tr>\n<tr>\n<td colspan=\"1\" rowspan=\"2\">\n\t\t\t\tWtorek\n\t\t\t<\/td>\n<td>\n\t\t\t\t7.00\n\t\t\t<\/td>\n<td>\n<p>\n\t\t\t\t\t1.+\u0141ukasz Chyna\u0142 (of. koledzy i kole\u017canki z Zespo\u0142u Szk&oacute;\u0142 w Iwoniczu)\n\t\t\t\t<\/p>\n<p>\t\t\t\t2.+Eugeniusz Rymarowicz (of. rodzina \u0141usik i Rajter)\n\t\t\t<\/td>\n<\/tr>\n<tr>\n<td>\n\t\t\t\t17.00\n\t\t\t<\/td>\n<td>\n\t\t\t\t+Irena Mermer (of. wnuki)\n\t\t\t<\/td>\n<\/tr>\n<tr>\n<td colspan=\"1\" rowspan=\"2\">\n\t\t\t\t\u015aroda\n\t\t\t<\/td>\n<td>\n\t\t\t\t7.00\n\t\t\t<\/td>\n<td>\n<p>\n\t\t\t\t\t1.+Anna 12r.\u015bm. i Jan 11r.\u015bm. Rajchel\n\t\t\t\t<\/p>\n<p>\t\t\t\t2.+S\u0142awomir\n\t\t\t<\/td>\n<\/tr>\n<tr>\n<td>\n\t\t\t\t17.00\n\t\t\t<\/td>\n<td>\n\t\t\t\t+Maria i Walerian Kornasiewicz w rocznic\u0119 \u015bmierci\n\t\t\t<\/td>\n<\/tr>\n<tr>\n<td colspan=\"1\" rowspan=\"2\">\n\t\t\t\tCzwartek\n\t\t\t<\/td>\n<td>\n\t\t\t\t7.00\n\t\t\t<\/td>\n<td>\n<p>\n\t\t\t\t\t1.+\u0141ukasz Chyna\u0142 (of. koledzy i kole\u017canki z Zespo\u0142u Szk&oacute;\u0142 w Iwoniczu)\n\t\t\t\t<\/p>\n<p>\t\t\t\t2.+Zofia Wr&oacute;bel i Wac\u0142aw Marcyszyn\n\t\t\t<\/td>\n<\/tr>\n<tr>\n<td>\n\t\t\t\t17.00\n\t\t\t<\/td>\n<td>\n\t\t\t\t+Waleria Kijowska w 15r.\u015bm.\n\t\t\t<\/td>\n<\/tr>\n<tr>\n<td colspan=\"1\" rowspan=\"2\">\n\t\t\t\tPi\u0105tek\n\t\t\t<\/td>\n<td>\n\t\t\t\t7.00\n\t\t\t<\/td>\n<td>\n<p>\n\t\t\t\t\t1.+\u0141ukasz Chyna\u0142 (of. Dyrekcja i nauczyciele Zespo\u0142u Szk&oacute;\u0142 w Iwoniczu)\n\t\t\t\t<\/p>\n<p>\n\t\t\t\t\t2.+Zofia Kielar (of. r&oacute;\u017ca Ewy \u0106wi\u0105ka\u0142y)\n\t\t\t\t<\/p>\n<\/td>\n<\/tr>\n<tr>\n<td>\n\t\t\t\t17.00\n\t\t\t<\/td>\n<td>\n\t\t\t\t+Irena Mermer (of. siostra Wies\u0142awa)\n\t\t\t<\/td>\n<\/tr>\n<tr>\n<td colspan=\"1\" rowspan=\"2\">\n\t\t\t\tSobota\n\t\t\t<\/td>\n<td>\n\t\t\t\t7.00\n\t\t\t<\/td>\n<td>\n<p>\n\t\t\t\t\t1.+\u0141ukasz Chyna\u0142 (of. Dyrekcja i nauczyciele Zespo\u0142u Szk&oacute;\u0142 w Iwoniczu)\n\t\t\t\t<\/p>\n<p>\n\t\t\t\t\t2.+Irena Mermer (of. rodzina Soko\u0142owskich ze Wzdowa)\n\t\t\t\t<\/p>\n<\/td>\n<\/tr>\n<tr>\n<td>\n\t\t\t\t17.00\n\t\t\t<\/td>\n<td>\n<p>\n\t\t\t\t\t+Edward Szajner\n\t\t\t\t<\/p>\n<\/td>\n<\/tr>\n<tr>\n<td colspan=\"1\" rowspan=\"4\">\n\t\t\t\tNiedziela\n\t\t\t<\/td>\n<td>\n\t\t\t\t7.30\n\t\t\t<\/td>\n<td>\n\t\t\t\t+Anna, W\u0142adys\u0142aw i Jan\n\t\t\t<\/td>\n<\/tr>\n<tr>\n<td>\n\t\t\t\t9.15\n\t\t\t<\/td>\n<td>\n<p>\n\t\t\t\t\t+Roman Kazimiera Oberc i J&oacute;zef Ja\u015blar\n\t\t\t\t<\/p>\n<\/td>\n<\/tr>\n<tr>\n<td>\n\t\t\t\t11.00\n\t\t\t<\/td>\n<td>\n\t\t\t\tW intencji parafian\n\t\t\t<\/td>\n<\/tr>\n<tr>\n<td>\n\t\t\t\t16.30\n\t\t\t<\/td>\n<td>\n<p>\n\t\t\t\t\t+Maria w 17r.\u015bm, Andrzej, Stanis\u0142aw Sza\u0142ankiewicz\n\t\t\t\t<\/p>\n<\/td>\n<\/tr>\n<\/tbody>\n<\/table>\n<p>\n\t&nbsp;<\/p>\n","protected":false},"excerpt":{"rendered":"<p>W najbli\u017cszym tygodniu zostan\u0105 odprawione nast\u0119puj\u0105ce intencje mszalne:<span class=\"more-link\"><a href=\"https:\/\/parafiabesko.pl\/?p=1436\">Czytaj wi\u0119cej<\/a><\/span><\/p>\n","protected":false},"author":1,"featured_media":1055,"comment_status":"closed","ping_status":"open","sticky":false,"template":"","format":"standard","meta":{"footnotes":""},"categories":[7],"tags":[],"class_list":["entry","author-adminparafiibesko","has-more-link","post-1436","post","type-post","status-publish","format-standard","has-post-thumbnail","category-ogloszenia-parafialne"],"_links":{"self":[{"href":"https:\/\/parafiabesko.pl\/index.php?rest_route=\/wp\/v2\/posts\/1436","targetHints":{"allow":["GET"]}}],"collection":[{"href":"https:\/\/parafiabesko.pl\/index.php?rest_route=\/wp\/v2\/posts"}],"about":[{"href":"https:\/\/parafiabesko.pl\/index.php?rest_route=\/wp\/v2\/types\/post"}],"author":[{"embeddable":true,"href":"https:\/\/parafiabesko.pl\/index.php?rest_route=\/wp\/v2\/users\/1"}],"replies":[{"embeddable":true,"href":"https:\/\/parafiabesko.pl\/index.php?rest_route=%2Fwp%2Fv2%2Fcomments&post=1436"}],"version-history":[{"count":0,"href":"https:\/\/parafiabesko.pl\/index.php?rest_route=\/wp\/v2\/posts\/1436\/revisions"}],"wp:featuredmedia":[{"embeddable":true,"href":"https:\/\/parafiabesko.pl\/index.php?rest_route=\/"}],"wp:attachment":[{"href":"https:\/\/parafiabesko.pl\/index.php?rest_route=%2Fwp%2Fv2%2Fmedia&parent=1436"}],"wp:term":[{"taxonomy":"category","embeddable":true,"href":"https:\/\/parafiabesko.pl\/index.php?rest_route=%2Fwp%2Fv2%2Fcategories&post=1436"},{"taxonomy":"post_tag","embeddable":true,"href":"https:\/\/parafiabesko.pl\/index.php?rest_route=%2Fwp%2Fv2%2Ftags&post=1436"}],"curies":[{"name":"wp","href":"https:\/\/api.w.org\/{rel}","templated":true}]}}