{"id":1425,"date":"2014-01-01T11:49:45","date_gmt":"2014-01-01T11:49:45","guid":{"rendered":"http:\/\/parafiabesko.pl\/?p=1425"},"modified":"2014-01-01T11:49:45","modified_gmt":"2014-01-01T11:49:45","slug":"prace-w-parafii-besko-w-2013-roku","status":"publish","type":"post","link":"https:\/\/parafiabesko.pl\/?p=1425","title":{"rendered":"Prace w Parafii Besko w 2013 roku."},"content":{"rendered":"<p>\n\t<strong>Ko\u015bci&oacute;\u0142 filialny w Mymoniu:<\/strong>\n<\/p>\n<p>\n\t&#8211; &nbsp;u\u0142o\u017cenie nowej posadzki marmurowej w prezbiterium ko\u015bcio\u0142a, zamontowanie nowego o\u0142tarza marmurowego, &nbsp;ambonki marmurowej i &nbsp;chrzcielnicy\n<\/p>\n<p><!--more--><\/p>\n<p>\n\t<strong>Ko\u015bci&oacute;\u0142&nbsp; filialny w Por\u0119bach:<\/strong>\n<\/p>\n<p>\n\t&#8211; wymiana blachy na ca\u0142ym dachu ko\u015bcio\u0142a, wymiana blachy na wie\u017cy ko\u015bcio\u0142a, prace przy trawniku wok&oacute;\u0142 ko\u015bcio\u0142a i ogrodzeniu ko\u015bcio\u0142a\n<\/p>\n<p>\n\t<strong>Cmentarz parafialny w Besku:<\/strong>\n<\/p>\n<p>\n\t&#8211;&nbsp; doko\u0144czenie wycinki drzew na cmentarzu i usuni\u0119cie rozwalaj\u0105cego si\u0119 ogrodzenia cmentarza i remont muru kamiennego przed cmentarzem parafialnym &#8211;&nbsp; t\u0105 ostatni\u0105 prac\u0119&nbsp; wykonali pracownicy wyznaczeni przez w&oacute;jta Gminy Besko, remont i malowanie bramy cmentarnej\n<\/p>\n<p>\n\t<strong>Zabytkowy ko\u015bci&oacute;\u0142 w Besku:<\/strong>\n<\/p>\n<p>\n\t&#8211; ci\u0119cie i transport 10 m3 drewna ma zabytkowy ko\u015bci&oacute;\u0142, wyci\u0119cie 3 starych drzew przy zabytkowym ko\u015bciele za pozwoleniem Urz\u0119du Gminy i w\u0142adz konserwatorskich, wykonano remont muru kamiennego od strony drogi &nbsp;\/prac\u0119&nbsp; t\u0105 wykonali pracownicy wyznaczeni przez w&oacute;jta Gminy Besko\/, oraz rozpocz\u0119cie prac konserwatorskich przy starym ko\u015bciele na kt&oacute;re z\u0142o\u017cy\u0142y si\u0119 wymiana &frac14; &nbsp;podwalin drewnianych zabytkowego ko\u015bcio\u0142a, prace te finansowa\u0142a Parafia Besko i Wojew&oacute;dzki Konserwator Zabytk&oacute;w\n<\/p>\n<p>\n\t<strong>Ko\u015bci&oacute;\u0142 parafialny w Besku:<\/strong>\n<\/p>\n<p>\n\t<strong>&#8211;&nbsp; <\/strong>doko\u0144czono prace w g\u0142&oacute;wnej zakrystii jak uk\u0142adanie d\u0119bowej boazerii, a w drugiej zakrystii wykonano malowanie \u015bcian i uk\u0142adanie lamperii z greinplastu , wykonano i zamontowano d\u0119bowe &nbsp;rega\u0142y i&nbsp; kotary, wykonano remont i zabezpieczono przed wod\u0105&nbsp; balkon nowego ko\u015bcio\u0142a, w nawie ko\u015bcio\u0142a zamontowano dwa witra\u017ce&nbsp; nr 4 &ndash; <em>Um\u0119czony pod Ponckim Pi\u0142atem<\/em> i nr 9 &ndash; <em>Wierz\u0119 w \u015bwi\u0119ty Ko\u015bci&oacute;\u0142 powszechny. \u015bwi\u0119tych obcowanie<\/em>, wykonano renowacj\u0119 krzy\u017ca procesyjnego, ber\u0142a procesyjnego i mosi\u0119\u017cnego stojaka pod pascha\u0142, wok&oacute;\u0142 ko\u015bcio\u0142a wyczyszczono i zapiaskowano kostk\u0119 brukow\u0105, a tak\u017ce wykonano konieczny remont g\u0142&oacute;wnych schod&oacute;w prowadz\u0105cych do ko\u015bcio\u0142a, zakupiono urz\u0105dzenia do koszenia trawnik&oacute;w wok&oacute;\u0142 ko\u015bcio\u0142a i od\u015bnie\u017cania.\n<\/p>\n<p>\n\t<strong>Podzi\u0119kowanie:<\/strong>\n<\/p>\n<p>\n\t&nbsp;Powy\u017csze prace mog\u0142y by\u0107 wykonane w mijaj\u0105cym roku dzi\u0119ki ofiarno\u015bci Parafian, zaanga\u017cowaniu Duszpasterskiej Rady Parafialnej, \u017cyczliwo\u015bci pana W&oacute;jta Gminy Besko Mariusza Ba\u0142abana, &nbsp;pracownik&oacute;w Urz\u0119du Gminy w Besku, osobom zbieraj\u0105cym ofiary na ko\u015bci&oacute;\u0142, Radzie So\u0142eckiej w Besku, stra\u017cakom i wielu Parafianom, kt&oacute;rzy bezinteresownie po\u015bwi\u0119cili sw&oacute;j czas i talent, aby nasze \u015bwi\u0105tynie pi\u0119knia\u0142y i by\u0142y chlub\u0105 naszej Parafii.<\/p>\n","protected":false},"excerpt":{"rendered":"<p>Ko\u015bci&oacute;\u0142 filialny w Mymoniu: &#8211; &nbsp;u\u0142o\u017cenie nowej posadzki marmurowej w prezbiterium ko\u015bcio\u0142a, zamontowanie nowego o\u0142tarza marmurowego, &nbsp;ambonki marmurowej i &nbsp;chrzcielnicy<span class=\"more-link\"><a href=\"https:\/\/parafiabesko.pl\/?p=1425\">Czytaj wi\u0119cej<\/a><\/span><\/p>\n","protected":false},"author":1,"featured_media":699,"comment_status":"closed","ping_status":"open","sticky":false,"template":"","format":"standard","meta":{"footnotes":""},"categories":[6],"tags":[],"class_list":["entry","author-adminparafiibesko","has-more-link","post-1425","post","type-post","status-publish","format-standard","has-post-thumbnail","category-uncategorized"],"_links":{"self":[{"href":"https:\/\/parafiabesko.pl\/index.php?rest_route=\/wp\/v2\/posts\/1425","targetHints":{"allow":["GET"]}}],"collection":[{"href":"https:\/\/parafiabesko.pl\/index.php?rest_route=\/wp\/v2\/posts"}],"about":[{"href":"https:\/\/parafiabesko.pl\/index.php?rest_route=\/wp\/v2\/types\/post"}],"author":[{"embeddable":true,"href":"https:\/\/parafiabesko.pl\/index.php?rest_route=\/wp\/v2\/users\/1"}],"replies":[{"embeddable":true,"href":"https:\/\/parafiabesko.pl\/index.php?rest_route=%2Fwp%2Fv2%2Fcomments&post=1425"}],"version-history":[{"count":0,"href":"https:\/\/parafiabesko.pl\/index.php?rest_route=\/wp\/v2\/posts\/1425\/revisions"}],"wp:featuredmedia":[{"embeddable":true,"href":"https:\/\/parafiabesko.pl\/index.php?rest_route=\/"}],"wp:attachment":[{"href":"https:\/\/parafiabesko.pl\/index.php?rest_route=%2Fwp%2Fv2%2Fmedia&parent=1425"}],"wp:term":[{"taxonomy":"category","embeddable":true,"href":"https:\/\/parafiabesko.pl\/index.php?rest_route=%2Fwp%2Fv2%2Fcategories&post=1425"},{"taxonomy":"post_tag","embeddable":true,"href":"https:\/\/parafiabesko.pl\/index.php?rest_route=%2Fwp%2Fv2%2Ftags&post=1425"}],"curies":[{"name":"wp","href":"https:\/\/api.w.org\/{rel}","templated":true}]}}