{"id":1421,"date":"2014-01-01T11:46:20","date_gmt":"2014-01-01T11:46:20","guid":{"rendered":"http:\/\/parafiabesko.pl\/?p=1421"},"modified":"2014-01-01T11:46:20","modified_gmt":"2014-01-01T11:46:20","slug":"zarys-waznych-wydarzen-duszpasterskich-w-parafii-besko-w-2013-roku","status":"publish","type":"post","link":"https:\/\/parafiabesko.pl\/?p=1421","title":{"rendered":"Zarys wa\u017cnych wydarze\u0144 duszpasterskich w 2013 roku."},"content":{"rendered":"<p>\n\t<strong>1. 21 lutego<\/strong> <strong>2013 r.<\/strong> o godzinie 19.00 w GOK-u w Besku rozpocz\u0119\u0142o &nbsp;si\u0119 <strong>Seminarium Odnowy Wiary <\/strong>prowadzone przez zaproszonych ksi\u0119\u017cy i Odnow\u0119 w Duchu \u015bwi\u0119tym z Parafii i trwa\u0142o przez 7 tygodni. Zaj\u0119cia koordynowa\u0142 ksi\u0105dz Pawe\u0142 Sobol wikariusz.\n<\/p>\n<p><!--more--><\/p>\n<p>\n\t<strong>2. &nbsp;7-8 marca 2013 r.<\/strong>&nbsp; Rekolekcje dla Zespo\u0142u Szk&oacute;\u0142 w Besku. Prowadzi\u0142 ksi\u0105dz \u0141ukasz Sowa.\n<\/p>\n<p>\n\t<strong>3.&nbsp; 8-11 marca 2013 r.<\/strong>&nbsp; Rekolekcje Parafialne g\u0142osi\u0142 ks. Adam Nitka, &nbsp;michalita, egzorcysta diecezjalny.\n<\/p>\n<p>\n\t<strong>4. 14 kwietnia<\/strong> <strong>2013r.<\/strong> na sumie uroczy\u015bcie Ksi\u0105dz Dziekan J&oacute;zef Ni\u017cnik wr\u0119czy\u0142 akty nominacyjne &nbsp;powo\u0142anej Parafialnej Radzie Duszpasterskiej.\n<\/p>\n<p>\n\t<strong>5. 24 sierpnia<\/strong> &nbsp;<strong>2013 r<\/strong>. decyzj\u0105 Ksi\u0119dza Arcybiskupa&nbsp; zako\u0144czy\u0142 w naszej Parafii pos\u0142ug\u0119 wikariusza ks. Pawe\u0142 Sobol, kt&oacute;remu za dwuletni\u0105 prac\u0119 w naszej Parafii i zaanga\u017cowanie sk\u0142adamy serdeczne. B&oacute;g zap\u0142a\u0107 ! Polecaj\u0105c modlitwom Parafian tego gorliwego kap\u0142ana. Jednocze\u015bnie&nbsp; pos\u0142ug\u0119 wikariusza w naszej Parafii rozpocz\u0105\u0142 ks. Maciej Flader neoprezbiter.\n<\/p>\n<p>\n\t<strong>6. &nbsp;Wizytacja kanoniczna &nbsp;ks. biskupa Stanis\u0142awa Jamrozka w Parafii Besko&nbsp; 11 &#8211;&nbsp; 13.10.2013 r.<\/strong>\n<\/p>\n<p>\n\t<strong>Pi\u0105tek 11.09.2013 r.<\/strong>\n<\/p>\n<p>\n\t&nbsp;godz. 12.30 Spotkanie z nauczycielami i uczniami w Zespole Szk&oacute;\u0142 w Besku.\n<\/p>\n<p>\n\tgodz. 13.30 Spotkanie w przedszkolu si&oacute;str felicjanek.\n<\/p>\n<p>\n\t<strong>Niedziela 13.10.2013 r.<\/strong>\n<\/p>\n<p>\n\tGodz. 8.00&nbsp; Ko\u015bci&oacute;\u0142 w Mymoniu&nbsp; &#8211;&nbsp; S\u0142owo Ks. Biskupa.\n<\/p>\n<p>\n\tGodz. 9.30&nbsp; Ko\u015bci&oacute;\u0142 w Por\u0119bach&nbsp; &#8211;&nbsp;&nbsp; S\u0142owo Ks. Biskupa.\n<\/p>\n<p>\n\tGodz. 11.00&nbsp; Ko\u015bci&oacute;\u0142&nbsp; w Besku Sum\u0119&nbsp; odprawi\u0142&nbsp; i S\u0142owo Bo\u017ce g\u0142osi Ks. Biskup, Bierzmowanie.&nbsp; Po Mszy \u015bw. Spotkanie z grupami dzia\u0142aj\u0105cymi w Parafii. Odwiedzenie chorych. Nawiedzenie i modlitwa na cmentarzu parafialnym.\n<\/p>\n<p>\n\t<strong>7.<\/strong> Prowadzenie bezinteresownie przez Tomasza Ja\u015blara na bie\u017c\u0105co parafialnej strony internetowej: <strong>parafiabesko.pl <\/strong>Wa\u017cne jest t\u0142umaczenie historii Parafii Besko na j\u0119zyk angielski.<\/p>\n","protected":false},"excerpt":{"rendered":"<p>1. 21 lutego 2013 r. o godzinie 19.00 w GOK-u w Besku rozpocz\u0119\u0142o &nbsp;si\u0119 Seminarium Odnowy Wiary prowadzone przez zaproszonych ksi\u0119\u017cy i Odnow\u0119 w Duchu \u015bwi\u0119tym z Parafii i trwa\u0142o przez 7 tygodni. Zaj\u0119cia koordynowa\u0142 ksi\u0105dz Pawe\u0142 Sobol wikariusz.<span class=\"more-link\"><a href=\"https:\/\/parafiabesko.pl\/?p=1421\">Czytaj wi\u0119cej<\/a><\/span><\/p>\n","protected":false},"author":1,"featured_media":703,"comment_status":"closed","ping_status":"open","sticky":false,"template":"","format":"standard","meta":{"footnotes":""},"categories":[6],"tags":[],"class_list":["entry","author-adminparafiibesko","has-more-link","post-1421","post","type-post","status-publish","format-standard","has-post-thumbnail","category-uncategorized"],"_links":{"self":[{"href":"https:\/\/parafiabesko.pl\/index.php?rest_route=\/wp\/v2\/posts\/1421","targetHints":{"allow":["GET"]}}],"collection":[{"href":"https:\/\/parafiabesko.pl\/index.php?rest_route=\/wp\/v2\/posts"}],"about":[{"href":"https:\/\/parafiabesko.pl\/index.php?rest_route=\/wp\/v2\/types\/post"}],"author":[{"embeddable":true,"href":"https:\/\/parafiabesko.pl\/index.php?rest_route=\/wp\/v2\/users\/1"}],"replies":[{"embeddable":true,"href":"https:\/\/parafiabesko.pl\/index.php?rest_route=%2Fwp%2Fv2%2Fcomments&post=1421"}],"version-history":[{"count":0,"href":"https:\/\/parafiabesko.pl\/index.php?rest_route=\/wp\/v2\/posts\/1421\/revisions"}],"wp:featuredmedia":[{"embeddable":true,"href":"https:\/\/parafiabesko.pl\/index.php?rest_route=\/"}],"wp:attachment":[{"href":"https:\/\/parafiabesko.pl\/index.php?rest_route=%2Fwp%2Fv2%2Fmedia&parent=1421"}],"wp:term":[{"taxonomy":"category","embeddable":true,"href":"https:\/\/parafiabesko.pl\/index.php?rest_route=%2Fwp%2Fv2%2Fcategories&post=1421"},{"taxonomy":"post_tag","embeddable":true,"href":"https:\/\/parafiabesko.pl\/index.php?rest_route=%2Fwp%2Fv2%2Ftags&post=1421"}],"curies":[{"name":"wp","href":"https:\/\/api.w.org\/{rel}","templated":true}]}}