{"id":1397,"date":"2013-12-29T19:29:38","date_gmt":"2013-12-29T19:29:38","guid":{"rendered":"http:\/\/parafiabesko.pl\/?p=1397"},"modified":"2013-12-29T19:29:38","modified_gmt":"2013-12-29T19:29:38","slug":"ogloszenia-29-12-2013","status":"publish","type":"post","link":"https:\/\/parafiabesko.pl\/?p=1397","title":{"rendered":"Og\u0142oszenia 29.12.2013"},"content":{"rendered":"<p style=\"text-align: justify;\">\n\t1. We wtorek 31 grudnia 2013 roku&nbsp; Nabo\u017ce\u0144stwo dzi\u0119kczynno-przeb\u0142agalne na zako\u0144czenie Starego Roku w Besku, w Mymoniu i w Por\u0119bach o godzinie 16.00.\n<\/p>\n<p><!--more--><\/p>\n<p style=\"text-align: justify;\">\n\t2. We \u015brod\u0119 1 stycznia 2014 &nbsp;Nowy Rok&nbsp; &#8211;&nbsp; Uroczysto\u015b\u0107 Bo\u017cej Rodzicielki Maryi dzie\u0144 modlitw o pok&oacute;j na \u015bwiecie. Porz\u0105dek Mszy \u015bwi\u0119tych &ndash; w Besku: 7.30, 9.15, suma o 11.00 i po po\u0142udniu o 16.00 bez Nieszpor&oacute;w. W Mymoniu 8.30, w Por\u0119bach o 10.00.\n<\/p>\n<p style=\"text-align: justify;\">\n\t3.&nbsp; I czwartek miesi\u0105ca o godzinie 17.00 Godzina \u015bwi\u0119ta.\n<\/p>\n<p style=\"text-align: justify;\">\n\t4.&nbsp; I pi\u0105tek miesi\u0105ca o godzinie 7.00 Msza \u015bwi\u0119ta i adoracja adoruje r&oacute;\u017ca Kielar El\u017cbiety.&nbsp; Wieczorem o godzinie 17.00 Msza \u015bwi\u0119ta i adoracja. W ko\u015bcio\u0142ach filialnych Mymoniu i w Por\u0119bach &ndash; adoracja, spowied\u017a i Msza \u015bwi\u0119ta o godzinie 15.30.\n<\/p>\n<p style=\"text-align: justify;\">\n\t5.&nbsp; I sobota miesi\u0105ca o godzinie 7.00 Msza \u015bwi\u0119ta i nabo\u017ce\u0144stwo do Matki Bo\u017cej, adoruje r&oacute;\u017ca Ewy \u0106wi\u0105ka\u0142y. Wieczorem o godzinie 17.00 Msza \u015bwi\u0119ta i nabo\u017ce\u0144stwo do Matki Bo\u017cej.\n<\/p>\n<p style=\"text-align: justify;\">\n\t6. W przysz\u0142\u0105 niedziel\u0119 Niedziela Adoracyjna &ndash; od godziny 12.00 do 16.00 prywatna adoracja rodzin. O godzinie 16.00 Nabo\u017ce\u0144stwo r&oacute;\u017ca\u0144cowe i zmiana tajemnic, adoruje r&oacute;\u017ca Szul Zofii.\n<\/p>\n<p style=\"text-align: justify;\">\n\t7. W tym tygodniu rozpocznie si\u0119 wizyta duszpasterska w Besku.\n<\/p>\n<p style=\"text-align: justify;\">\n\t&nbsp;<strong>Ksi\u0105dz Maciej<\/strong> odwiedzi rodziny &ndash; rozpocznie od ulicy Podkarpackiej prawa strona, nast\u0119pnie Hrabe\u0144, Wie\u015b i dzielnica za torami w stron\u0119 Por\u0119b.\n<\/p>\n<p style=\"text-align: justify;\">\n\t&nbsp;<strong>Ksi\u0105dz Pawe\u0142<\/strong> odwiedzi rodziny &ndash; rozpocznie od ulicy Podkarpackiej lewa strona, ulica Wolska, Sucha Wie\u015b, Podg&oacute;ry, G&oacute;ry, ulic\u0119 Bieszczadzk\u0105, Zapowiedz, ulica Starowiejska i dzielnice Cieplaki, Frysztak i Ogrody.\n<\/p>\n<p style=\"text-align: justify;\">\n\tW tym tygodniu ksi\u0119\u017c\u0105 b\u0119d\u0105 odwiedza\u0107 rodziny w poniedzia\u0142ek, czwartek i sobot\u0119 od godziny 9.00 do wieczora, a w pi\u0105tek od godziny 9.00 do 15.00.\n<\/p>\n<p style=\"text-align: justify;\">\n\tPrzypominamy, \u017ce na spotkanie kol\u0119dowe przygotowujemy st&oacute;\u0142 a na nim krzy\u017c, Pismo \u015bwi\u0119te, wod\u0119 \u015bwi\u0119con\u0105 i kropid\u0142o.\n<\/p>\n<p style=\"text-align: justify;\">\n\t8. Serdecznie dzi\u0119kujemy za ofiarowanie choinek do ko\u015bcio\u0142a&nbsp; panu Mieczys\u0142awowi Kasperkiewiczowi, a za udekorowanie ko\u015bcio\u0142a na \u015bwi\u0119ta &ndash; siostrom zakonnym, panu ko\u015bcielnemu, cz\u0142onkom Akcji Katolickiej, a ministrantom, lektorom, scholii, orkiestrze, panu organi\u015bcie za przygotowanie liturgii na \u015bwi\u0119ta. B&oacute;g zap\u0142a\u0107 !<\/p>\n","protected":false},"excerpt":{"rendered":"<p>1. We wtorek 31 grudnia 2013 roku&nbsp; Nabo\u017ce\u0144stwo dzi\u0119kczynno-przeb\u0142agalne na zako\u0144czenie Starego Roku w Besku, w Mymoniu i w Por\u0119bach o godzinie 16.00.<span class=\"more-link\"><a href=\"https:\/\/parafiabesko.pl\/?p=1397\">Czytaj wi\u0119cej<\/a><\/span><\/p>\n","protected":false},"author":1,"featured_media":1059,"comment_status":"closed","ping_status":"open","sticky":false,"template":"","format":"standard","meta":{"footnotes":""},"categories":[7],"tags":[],"class_list":["entry","author-adminparafiibesko","has-more-link","post-1397","post","type-post","status-publish","format-standard","has-post-thumbnail","category-ogloszenia-parafialne"],"_links":{"self":[{"href":"https:\/\/parafiabesko.pl\/index.php?rest_route=\/wp\/v2\/posts\/1397","targetHints":{"allow":["GET"]}}],"collection":[{"href":"https:\/\/parafiabesko.pl\/index.php?rest_route=\/wp\/v2\/posts"}],"about":[{"href":"https:\/\/parafiabesko.pl\/index.php?rest_route=\/wp\/v2\/types\/post"}],"author":[{"embeddable":true,"href":"https:\/\/parafiabesko.pl\/index.php?rest_route=\/wp\/v2\/users\/1"}],"replies":[{"embeddable":true,"href":"https:\/\/parafiabesko.pl\/index.php?rest_route=%2Fwp%2Fv2%2Fcomments&post=1397"}],"version-history":[{"count":0,"href":"https:\/\/parafiabesko.pl\/index.php?rest_route=\/wp\/v2\/posts\/1397\/revisions"}],"wp:featuredmedia":[{"embeddable":true,"href":"https:\/\/parafiabesko.pl\/index.php?rest_route=\/"}],"wp:attachment":[{"href":"https:\/\/parafiabesko.pl\/index.php?rest_route=%2Fwp%2Fv2%2Fmedia&parent=1397"}],"wp:term":[{"taxonomy":"category","embeddable":true,"href":"https:\/\/parafiabesko.pl\/index.php?rest_route=%2Fwp%2Fv2%2Fcategories&post=1397"},{"taxonomy":"post_tag","embeddable":true,"href":"https:\/\/parafiabesko.pl\/index.php?rest_route=%2Fwp%2Fv2%2Ftags&post=1397"}],"curies":[{"name":"wp","href":"https:\/\/api.w.org\/{rel}","templated":true}]}}