{"id":1391,"date":"2013-12-29T12:10:51","date_gmt":"2013-12-29T12:10:51","guid":{"rendered":"http:\/\/parafiabesko.pl\/?p=1391"},"modified":"2013-12-29T12:10:51","modified_gmt":"2013-12-29T12:10:51","slug":"niedziela-sw-rodziny-2013","status":"publish","type":"post","link":"https:\/\/parafiabesko.pl\/?p=1391","title":{"rendered":"Niedziela \u015bw. Rodziny 2013"},"content":{"rendered":"<p style=\"text-align: justify;\">\n\t<strong>List Pasterski Episkopatu Polski do duszpasterskiego wykorzystania w Niedziel\u0119 \u015awi\u0119tej Rodziny 2013 roku<\/strong>\n<\/p>\n<p>\n\t<!--more-->\n<\/p>\n<p style=\"text-align: justify;\">\n\tDrogie Siostry, drodzy Bracia!\n<\/p>\n<p style=\"text-align: justify;\">\n\tKa\u017cdego roku w Oktawie Narodzenia Pa\u0144skiego prze\u017cywamy Niedziel\u0119 \u015awi\u0119tej Rodziny. Kierujemy my\u015bl ku naszym rodzinom i podejmujemy refleksj\u0119 na temat sytuacji wsp&oacute;\u0142czesnej rodziny. Dzisiejsza Ewangelia opowiada o tym, \u017ce Rodzina z Nazaretu w trudnych i niejasnych sytuacjach stara\u0142a si\u0119 odczyta\u0107 i wype\u0142ni\u0107 wol\u0119 Bo\u017c\u0105, dzi\u0119ki czemu wychodzi\u0142a z nich odnowiona. Takie zachowanie stanowi dla nas wa\u017cn\u0105 wskaz&oacute;wk\u0119, \u017ce tak\u017ce dzisiaj pos\u0142usze\u0144stwo Bogu i Jego niezrozumia\u0142ej czasem woli jest gwarantem szcz\u0119\u015bcia w rodzinie.\n<\/p>\n<p style=\"text-align: justify;\">\n\tB\u0142ogos\u0142awiony Jan Pawe\u0142 II, do kt&oacute;rego kanonizacji si\u0119 przygotowujemy, przypomina, \u017ce prawda o instytucji ma\u0142\u017ce\u0144stwa jest &bdquo;ponad wol\u0105 jednostek, kaprysami poszczeg&oacute;lnych ma\u0142\u017ce\u0144stw, decyzjami organizm&oacute;w spo\u0142ecznych i rz\u0105dowych&rdquo; (23 II 1980). Prawdy tej nale\u017cy szuka\u0107 u Boga, poniewa\u017c &bdquo;sam B&oacute;g jest tw&oacute;rc\u0105 ma\u0142\u017ce\u0144stwa&rdquo; (GS 48). To B&oacute;g stworzy\u0142 cz\u0142owieka m\u0119\u017cczyzn\u0105 i kobiet\u0105, za\u015b bycie &ndash; w ciele i duszy &ndash; m\u0119\u017cczyzn\u0105 &bdquo;dla&rdquo; kobiety i kobiet\u0105 &bdquo;dla&rdquo; m\u0119\u017cczyzny uczyni\u0142 wielkim i niezast\u0105pionym darem oraz zadaniem w \u017cyciu ma\u0142\u017ce\u0144skim. Rodzin\u0119 opar\u0142 na fundamencie ma\u0142\u017ce\u0144stwa z\u0142\u0105czonego na ca\u0142e \u017cycie mi\u0142o\u015bci\u0105 nierozerwaln\u0105 i wy\u0142\u0105czn\u0105. Postanowi\u0142, \u017ce taka w\u0142a\u015bnie rodzina b\u0119dzie w\u0142a\u015bciwym \u015brodowiskiem rozwoju dzieci, kt&oacute;rym przeka\u017ce \u017cycie oraz zapewni rozw&oacute;j materialny i duchowy.\n<\/p>\n<p style=\"text-align: justify;\">\n\tTa chrze\u015bcija\u0144ska wizja nie jest jak\u0105\u015b arbitralnie narzucon\u0105 norm\u0105, ale wyp\u0142ywa z odczytania natury osoby ludzkiej, natury ma\u0142\u017ce\u0144stwa i rodziny. Odrzucanie tej wizji prowadzi nieuchronnie do rozk\u0142adu rodzin i do kl\u0119ski cz\u0142owieka. Jak pokazuje historia ludzko\u015bci, lekcewa\u017cenie Stw&oacute;rcy jest zawsze niebezpieczne i zagra\u017ca szcz\u0119\u015bliwej przysz\u0142o\u015bci cz\u0142owieka i \u015bwiata. Musz\u0105 zatem budzi\u0107 najwy\u017cszy niepok&oacute;j pr&oacute;by przedefiniowania poj\u0119cia ma\u0142\u017ce\u0144stwa i rodziny narzucane wsp&oacute;\u0142cze\u015bnie, zw\u0142aszcza przez zwolennik&oacute;w ideologii <em>gender<\/em> i nag\u0142a\u015bniane przez niekt&oacute;re media. Wobec nasilaj\u0105cych si\u0119 atak&oacute;w tej ideologii skierowanych na r&oacute;\u017cne obszary \u017cycia rodzinnego i spo\u0142ecznego czujemy si\u0119 przynagleni, by z jednej strony stanowczo i jednoznacznie wypowiedzie\u0107 si\u0119 w obronie chrze\u015bcija\u0144skiej rodziny, fundamentalnych warto\u015bci, kt&oacute;re j\u0105 chroni\u0105, a z drugiej przestrzec przed zagro\u017ceniami p\u0142yn\u0105cymi z propagowania nowego typu form \u017cycia rodzinnego.\n<\/p>\n<p style=\"text-align: justify;\">\n\tIdeologia <em>gender<\/em> stanowi efekt trwaj\u0105cych od dziesi\u0119cioleci przemian ideowo-kulturowych, mocno zakorzenionych w marksizmie i neomarksizmie, promowanych przez niekt&oacute;re ruchy feministyczne oraz rewolucj\u0119 seksualn\u0105. <em>Genderyzm <\/em>promuje zasady ca\u0142kowicie sprzeczne z rzeczywisto\u015bci\u0105 i integralnym pojmowaniem natury cz\u0142owieka. Twierdzi, \u017ce p\u0142e\u0107 biologiczna nie ma znaczenia spo\u0142ecznego, i \u017ce liczy si\u0119 przede wszystkim p\u0142e\u0107 kulturowa, kt&oacute;r\u0105 cz\u0142owiek mo\u017ce swobodnie modelowa\u0107 i definiowa\u0107, niezale\u017cnie od uwarunkowa\u0144 biologicznych. Wed\u0142ug tej ideologii cz\u0142owiek mo\u017ce siebie w dobrowolny spos&oacute;b okre\u015bla\u0107: czy jest m\u0119\u017cczyzn\u0105 czy kobiet\u0105, mo\u017ce te\u017c dowolnie wybiera\u0107 w\u0142asn\u0105 orientacj\u0119 seksualn\u0105. To dobrowolne samookre\u015blenie, kt&oacute;re nie musi by\u0107 czym\u015b jednorazowym, ma prowadzi\u0107 do tego, by spo\u0142ecze\u0144stwo zaakceptowa\u0142o prawo do zak\u0142adania nowego typu rodzin, na przyk\u0142ad zbudowanych na zwi\u0105zkach o charakterze homoseksualnym.&nbsp;&nbsp;&nbsp;&nbsp;&nbsp;&nbsp;\n<\/p>\n<p style=\"text-align: justify;\">\n\tNiebezpiecze\u0144stwo ideologii <em>gender<\/em> wynika w gruncie rzeczy z jej g\u0142\u0119boko destrukcyjnego charakteru zar&oacute;wno wobec osoby, jak i relacji mi\u0119dzyludzkich, a wi\u0119c ca\u0142ego \u017cycia spo\u0142ecznego. Cz\u0142owiek o niepewnej to\u017csamo\u015bci p\u0142ciowej nie jest w stanie odkry\u0107 i wype\u0142ni\u0107 zada\u0144 stoj\u0105cych przed nim zar&oacute;wno w \u017cyciu ma\u0142\u017ce\u0144sko-rodzinnym, jak i spo\u0142eczno-zawodowym. Pr&oacute;ba zr&oacute;wnania r&oacute;\u017cnego typu zwi\u0105zk&oacute;w jest <em>de facto <\/em>powa\u017cnym os\u0142abieniem ma\u0142\u017ce\u0144stwa jako wsp&oacute;lnoty m\u0119\u017cczyzny i kobiety oraz rodziny, na ma\u0142\u017ce\u0144stwie zbudowanej.\n<\/p>\n<p style=\"text-align: justify;\">\n\tSpotykamy si\u0119 z r&oacute;\u017cnymi postawami wobec dzia\u0142a\u0144 podejmowanych przez zwolennik&oacute;w ideologii <em>gender<\/em>. Zdecydowana wi\u0119kszo\u015b\u0107 nie wie, czym jest ta ideologia, nie wyczuwa wi\u0119c \u017cadnego niebezpiecze\u0144stwa. W\u0105skie grono os&oacute;b &ndash; zw\u0142aszcza nauczycieli i wychowawc&oacute;w, w tym tak\u017ce katechet&oacute;w i duszpasterzy &ndash; pr&oacute;buje na w\u0142asn\u0105 r\u0119k\u0119 poszukiwa\u0107 konstruktywnych sposob&oacute;w przeciwdzia\u0142ania jej. S\u0105 wreszcie i tacy, kt&oacute;rzy widz\u0105c absurdalno\u015b\u0107 tej ideologii uwa\u017caj\u0105, \u017ce Polacy sami odrzuc\u0105 proponowane im utopijne wizje. Tymczasem ideologia <em>gender<\/em> bez wiedzy spo\u0142ecze\u0144stwa i zgody Polak&oacute;w od wielu miesi\u0119cy wprowadzana jest w r&oacute;\u017cne struktury \u017cycia spo\u0142ecznego: edukacj\u0119, s\u0142u\u017cb\u0119 zdrowia, dzia\u0142alno\u015b\u0107 plac&oacute;wek kulturalno-o\u015bwiatowych i organizacji pozarz\u0105dowych. W przekazach cz\u0119\u015bci medi&oacute;w jest ukazywana pozytywnie: jako przeciwdzia\u0142anie przemocy oraz d\u0105\u017cenie do r&oacute;wnouprawnienia.\n<\/p>\n<p style=\"text-align: justify;\">\n\t<strong>Wsp&oacute;lnota Ko\u015bcio\u0142a w spos&oacute;b integralny patrzy na cz\u0142owieka i jego p\u0142e\u0107, dostrzegaj\u0105c w niej wymiar cielesno-biologiczny, psychiczno-kulturowy oraz duchowy. Nie jest czym\u015b niew\u0142a\u015bciwym prowadzenie bada\u0144 nad wp\u0142ywem kultury na p\u0142e\u0107. Gro\u017ane jest natomiast ideologiczne twierdzenie, \u017ce p\u0142e\u0107 biologiczna nie ma \u017cadnego istotnego znaczenia dla \u017cycia spo\u0142ecznego. Ko\u015bci&oacute;\u0142 jednoznacznie opowiada si\u0119 przeciw dyskryminacji ze wzgl\u0119du na p\u0142e\u0107, ale r&oacute;wnocze\u015bnie dostrzega niebezpiecze\u0144stwo niwelowania warto\u015bci p\u0142ci. To nie fakt istnienia dw&oacute;ch p\u0142ci jest \u017ar&oacute;d\u0142em dyskryminacji, ale brak duchowego odniesienia, ludzki egoizm i pycha, kt&oacute;re trzeba stale przezwyci\u0119\u017ca\u0107. Ko\u015bci&oacute;\u0142 w \u017caden spos&oacute;b nie zgadza si\u0119 na poni\u017canie os&oacute;b o sk\u0142onno\u015bciach homoseksualnych, ale r&oacute;wnocze\u015bnie z naciskiem podkre\u015bla, \u017ce aktywno\u015b\u0107 homoseksualna jest g\u0142\u0119boko nieuporz\u0105dkowana oraz \u017ce nie mo\u017cna spo\u0142ecznie zr&oacute;wnywa\u0107 ma\u0142\u017ce\u0144stwa b\u0119d\u0105cego wsp&oacute;lnot\u0105 m\u0119\u017cczyzny i kobiety ze zwi\u0105zkiem homoseksualnym<\/strong>.&nbsp;&nbsp;&nbsp;&nbsp;&nbsp;&nbsp;&nbsp;&nbsp;&nbsp;&nbsp;&nbsp;&nbsp;&nbsp;&nbsp;&nbsp;&nbsp;&nbsp;&nbsp;&nbsp;\n<\/p>\n<p style=\"text-align: justify;\">\n\tW \u015bwi\u0119to \u015awi\u0119tej Rodziny zwracamy si\u0119 z gor\u0105cym apelem do rodzin chrze\u015bcija\u0144skich, do przedstawicieli ruch&oacute;w religijnych i stowarzysze\u0144 ko\u015bcielnych oraz wszystkich ludzi dobrej woli, aby odwa\u017cnie podejmowali dzia\u0142ania, kt&oacute;re b\u0119d\u0105 s\u0142u\u017cy\u0107 upowszechnianiu prawdy o ma\u0142\u017ce\u0144stwie i rodzinie. Bardziej ni\u017c kiedykolwiek potrzebna jest dzisiaj edukacja \u015brodowisk wychowawczych.\n<\/p>\n<p style=\"text-align: justify;\">\n\tApelujemy tak\u017ce do instytucji odpowiadaj\u0105cych za polsk\u0105 edukacj\u0119, aby nie ulega\u0142y naciskom nielicznych, cho\u0107 bardzo g\u0142o\u015bnych, \u015brodowisk, dysponuj\u0105cych niema\u0142ymi \u015brodkami finansowymi, kt&oacute;re w imi\u0119 nowoczesnego wychowania dokonuj\u0105 eksperyment&oacute;w na dzieciach i m\u0142odzie\u017cy. Wzywamy instytucje o\u015bwiatowe, aby zaanga\u017cowa\u0142y si\u0119 w promowanie integralnej wizji cz\u0142owieka.\n<\/p>\n<p style=\"text-align: justify;\">\n\tWszystkich wierz\u0105cych prosimy o \u017carliw\u0105 modlitw\u0119 w intencji ma\u0142\u017ce\u0144stw, rodzin oraz wychowywanych w nich dzieci. Pro\u015bmy Ducha \u015awi\u0119tego, aby udziela\u0142 nam nieustannie \u015bwiat\u0142a rozumienia i widzenia prawdy w tym, co jest niebezpiecze\u0144stwem i zagro\u017ceniem nie tylko dla rodziny, ale dla naszej Ojczyzny i ca\u0142ej ludzko\u015bci. M&oacute;dlmy si\u0119 tak\u017ce o odwag\u0119 bycia lud\u017ami wiary i odwa\u017cnymi obro\u0144cami Prawdy. Niech w podejmowaniu tego trudu wzorem do na\u015bladowania oraz pomoc\u0105 duchow\u0105 b\u0119dzie \u015awi\u0119ta Rodzina z Nazaretu, w kt&oacute;rej wychowywa\u0142 si\u0119 Syn Bo\u017cy &ndash; Jezus Chrystus.\n<\/p>\n<p style=\"text-align: justify;\">\n\tW tym duchu udzielamy wszystkim pasterskiego b\u0142ogos\u0142awie\u0144stwa.\n<\/p>\n<p style=\"text-align: justify;\">\n\t&nbsp;\n<\/p>\n<p style=\"text-align: justify;\">\n\tPodpisali: Pasterze Ko\u015bcio\u0142a katolickiego w Polsce\n<\/p>\n<p style=\"text-align: justify;\">\n\t&nbsp;\n<\/p>\n<p style=\"text-align: justify;\">\n\t&nbsp;<\/p>\n","protected":false},"excerpt":{"rendered":"<p>List Pasterski Episkopatu Polski do duszpasterskiego wykorzystania w Niedziel\u0119 \u015awi\u0119tej Rodziny 2013 roku<span class=\"more-link\"><a href=\"https:\/\/parafiabesko.pl\/?p=1391\">Czytaj wi\u0119cej<\/a><\/span><\/p>\n","protected":false},"author":1,"featured_media":1395,"comment_status":"closed","ping_status":"open","sticky":false,"template":"","format":"standard","meta":{"footnotes":""},"categories":[6],"tags":[],"class_list":["entry","author-adminparafiibesko","has-more-link","post-1391","post","type-post","status-publish","format-standard","has-post-thumbnail","category-uncategorized"],"_links":{"self":[{"href":"https:\/\/parafiabesko.pl\/index.php?rest_route=\/wp\/v2\/posts\/1391","targetHints":{"allow":["GET"]}}],"collection":[{"href":"https:\/\/parafiabesko.pl\/index.php?rest_route=\/wp\/v2\/posts"}],"about":[{"href":"https:\/\/parafiabesko.pl\/index.php?rest_route=\/wp\/v2\/types\/post"}],"author":[{"embeddable":true,"href":"https:\/\/parafiabesko.pl\/index.php?rest_route=\/wp\/v2\/users\/1"}],"replies":[{"embeddable":true,"href":"https:\/\/parafiabesko.pl\/index.php?rest_route=%2Fwp%2Fv2%2Fcomments&post=1391"}],"version-history":[{"count":0,"href":"https:\/\/parafiabesko.pl\/index.php?rest_route=\/wp\/v2\/posts\/1391\/revisions"}],"wp:featuredmedia":[{"embeddable":true,"href":"https:\/\/parafiabesko.pl\/index.php?rest_route=\/"}],"wp:attachment":[{"href":"https:\/\/parafiabesko.pl\/index.php?rest_route=%2Fwp%2Fv2%2Fmedia&parent=1391"}],"wp:term":[{"taxonomy":"category","embeddable":true,"href":"https:\/\/parafiabesko.pl\/index.php?rest_route=%2Fwp%2Fv2%2Fcategories&post=1391"},{"taxonomy":"post_tag","embeddable":true,"href":"https:\/\/parafiabesko.pl\/index.php?rest_route=%2Fwp%2Fv2%2Ftags&post=1391"}],"curies":[{"name":"wp","href":"https:\/\/api.w.org\/{rel}","templated":true}]}}