{"id":1387,"date":"2013-12-26T19:54:32","date_gmt":"2013-12-26T19:54:32","guid":{"rendered":"http:\/\/parafiabesko.pl\/?p=1387"},"modified":"2013-12-26T19:54:32","modified_gmt":"2013-12-26T19:54:32","slug":"list-na-swieto-sw-szczepana-2013","status":"publish","type":"post","link":"https:\/\/parafiabesko.pl\/?p=1387","title":{"rendered":"List na \u015awi\u0119to \u015bw. Szczepana 2013"},"content":{"rendered":"<p style=\"text-align: justify;\">\n\t<strong>Wymagaj\u0105ca rado\u015b\u0107 p\u0142yn\u0105ca z wiary w Chrystusa<\/strong>\n<\/p>\n<p style=\"text-align: justify;\">\n\tUkochani w Chrystusie Panu, Siostry i Bracia\n<\/p>\n<p>\n\t<!--more-->\n<\/p>\n<p style=\"text-align: justify;\">\n\t&nbsp;&nbsp;&nbsp;&nbsp;&nbsp;&nbsp;&nbsp;&nbsp;&nbsp;&nbsp;&nbsp; Bo\u017ce Narodzenie jest do\u015bwiadczeniem wielkiej rado\u015bci, \u015bwiat\u0142a i pokoju, ale nie zawsze i nie dla wszystkich. W konkretnych sytuacjach te prze\u017cycia nabieraj\u0105 dla niekt&oacute;rych ciemniejszej barwy i bij\u0105 znacznie mniejszym ciep\u0142em. W niejednej rodzinie blask Bo\u017cego Narodzenia tylko na kr&oacute;tki moment zakrywa zmartwienia, cierpienie, niepewno\u015b\u0107 jutra oraz s\u0142abo\u015bci i z\u0142o, kt&oacute;re zdaj\u0105 si\u0119 na sta\u0142e go\u015bci\u0107 pod dachem domu. Kilka od\u015bwi\u0119tnych godzin sp\u0119dzonych w kr\u0119gu tych, kt&oacute;rych najbardziej kochamy, tylko po cz\u0119\u015bci pozwala zapomnie\u0107 o ci\u0119\u017ckim codziennym trudzie ponoszonym w nieustannej walce o godne duchowe i materialne \u017cycie najbli\u017cszych. Z tego powodu w sercach wielu z nas nawet podczas \u015bpiewu podnios\u0142ych kol\u0119d i obserwowania rado\u015bci wymalowanej na beztroskich buziach dzieci zafascynowanych niezwyk\u0142o\u015bci\u0105 \u015bwi\u0105t, k\u0142\u0119bi\u0105 si\u0119 wci\u0105\u017c szare i przygn\u0119biaj\u0105ce my\u015bli, \u017ce ju\u017c jutro trzeba b\u0119dzie obudzi\u0107 si\u0119 z tego pi\u0119knego snu i wr&oacute;ci\u0107 do smutnej codzienno\u015bci, kt&oacute;ra jak ostry mro\u017any wiatr zdmuchnie wigilijn\u0105 \u015bwiec\u0119 i zabierze rado\u015b\u0107 p\u0142yn\u0105c\u0105 z przyjaznego obcowania z Bogiem i lud\u017ami. Martwimy si\u0119, \u017ce zn&oacute;w wr&oacute;ci z\u0142o i niepok&oacute;j sumienia z powodu pope\u0142nionych grzech&oacute;w, \u017ce powr&oacute;c\u0105 rodzinne nieporozumienia i k\u0142&oacute;tnie, ludzka oboj\u0119tno\u015b\u0107 i gniew, a tak\u017ce l\u0119k przed przerastaj\u0105c\u0105 nas i niepewn\u0105 przysz\u0142o\u015bci\u0105, kt&oacute;rej tak trudno zaradzi\u0107.\n<\/p>\n<p style=\"text-align: justify;\">\n\tZ tymi naszymi z\u0142o\u017conymi my\u015blami zdaje si\u0119 wsp&oacute;\u0142brzmie\u0107 liturgia \u015bwi\u0105tecznych dni. Z narodzin Jezusa ciesz\u0105 si\u0119 Maryja, J&oacute;zef, pasterze i Anio\u0142owie, ale kontrastuje z ni\u0105 oboj\u0119tno\u015b\u0107 mieszka\u0144c&oacute;w Jerozolimy oraz wrogo\u015b\u0107 Heroda, kt&oacute;re ka\u017c\u0105 \u015awi\u0119tej Rodzinie tu\u0142a\u0107 si\u0119 w wielkim ub&oacute;stwie i ch\u0142odzie, \u017cebrz\u0105c o nocleg i chleb. Ludzka ozi\u0119b\u0142o\u015b\u0107, wrogo\u015b\u0107 i niesprawiedliwo\u015b\u0107 poddaj\u0105 okrutnej pr&oacute;bie rado\u015b\u0107 z Bo\u017cego wcielenia w sercu Naj\u015bwi\u0119tszej Matki i Jej Oblubie\u0144ca. Cho\u0107 s\u0105 uosobieniem Dobra i Niewinno\u015bci, zostaj\u0105 wyp\u0119dzeni wraz z Jezusem najpierw do betlejemskiej szopy poza miasto, a potem do dalekiego obcego Egiptu. Jak\u017ce wymagaj\u0105c\u0105 rado\u015bci\u0105 s\u0105 dla tej \u015bwi\u0119tej Pary Ma\u0142\u017conk&oacute;w narodziny Zbawcy i Pocieszyciela \u015bwiata. Podobnie jest te\u017c w \u017cyciu Szczepana &#8211; wiernego i nieustraszonego diakona. Jego pokorne i \u015bwi\u0119te \u017cycie prze\u017cywane w wielkim pokoju i rado\u015bci wyp\u0142ywaj\u0105cym z tego, \u017ce by\u0142 uczniem Chrystusa i s\u0142u\u017cy\u0142 Jego ewangelii, nagle zostaje brutalnie zgaszone przez nienawi\u015b\u0107 i przemoc. Patrz\u0105c na przyk\u0142ad \u015awi\u0119tej Rodziny i Szczepana oraz na nasz\u0105 tera\u017aniejszo\u015b\u0107 rodzi si\u0119 pytanie: Czy ludzie wierni Bogu s\u0105 skazani na smutek i cierpienie? Czy chrze\u015bcijanin mo\u017ce by\u0107 cz\u0142owiekiem prawdziwej rado\u015bci i na czym opiera pok&oacute;j serca?\n<\/p>\n<p style=\"text-align: justify;\">\n\tZastan&oacute;wmy si\u0119 nad odpowiedzi\u0105 na te trudne pytania tak mocno wpisane w nasz\u0105 codzienn\u0105 egzystencj\u0119. W atmosferze narodzin Jezusa Chrystusa zapowiadaj\u0105cych Jego \u015bwi\u0119te \u017cycie oraz chwalebn\u0105 m\u0119k\u0119 i zmartwychwstanie, dzisiejsza liturgia pokazuj\u0105ca czyst\u0105 i odwa\u017cn\u0105 wiar\u0119 Szczepana, pozwala nam znale\u017a\u0107 \u017ar&oacute;d\u0142o, prawdziwy sens i si\u0142\u0119 rado\u015bci chrze\u015bcija\u0144skiej. Rado\u015b\u0107 jest bowiem najpi\u0119kniejsz\u0105 odpowiedzi\u0105 na mi\u0142o\u015b\u0107 objawion\u0105 w cudzie Bo\u017cego Narodzenia, jest owocem p&oacute;j\u015bcia za Jezusem i moc\u0105 przezwyci\u0119\u017caj\u0105c\u0105 ka\u017cd\u0105 trudno\u015b\u0107 i smutek. Wz&oacute;r tej pi\u0119knej chrze\u015bcija\u0144skiej rado\u015bci zostawi\u0142 nam diakon Szczepan, pierwszy m\u0119czennik, o kt&oacute;rym \u015bwi\u0119ty \u0141ukasz w Dziejach Apostolskich m&oacute;wi, \u017ce, podobnie jak Matka Naj\u015bwi\u0119tsza, by\u0142 cz\u0142owiekiem pe\u0142nym \u0142aski (Dz 6,8), to znaczy szczeg&oacute;lnie umi\u0142owanym i obdarowanym przez Boga. A zatem, tak jak Maryja, by\u0142 r&oacute;wnie\u017c cz\u0142owiekiem Bo\u017cej rado\u015bci. Kt&oacute;rego\u015b dnia spotka\u0142 na swej drodze Jezusa i od tej chwili jego \u017cycie nabra\u0142o nowego sensu, sta\u0142o si\u0119 pe\u0142n\u0105 wesela i wewn\u0119trznego pokoju s\u0142u\u017cb\u0105 dla Boga i braci. Jego silna wiara i szczera ufno\u015b\u0107 pok\u0142adana w Bogu sprawia\u0142y, \u017ce w epoce rodz\u0105cego si\u0119 Ko\u015bcio\u0142a dokonywa\u0142 znak&oacute;w w imieniu Jezusa, kt&oacute;re budzi\u0142y podziw mieszka\u0144c&oacute;w Jerozolimy. Niestety jego rado\u015b\u0107, ewangeliczny radykalizm \u017cycia i odwaga, z jak\u0105 broni\u0142 wiary w Jezusa, sprawi\u0142y, \u017ce sta\u0142 si\u0119 obiektem nienawistnego ataku \u017cydowskiej synagogi. W prze\u015bladowaniu \u015bwi\u0119ty Szczepan si\u0119 nie zachwia\u0142. Pe\u0142en Bo\u017cej m\u0105dro\u015bci i mocy pochodz\u0105cej od Ducha \u015awi\u0119tego m\u0119\u017cnie stawia\u0142 czo\u0142a zarzutom i postanowi\u0142 by\u0107 wiernym Chrystusowi a\u017c do ko\u0144ca. By\u0142 przecie\u017c Jego uczniem, zakocha\u0142 si\u0119 w Jego Ewangelii, chcia\u0142 \u017cy\u0107, a je\u015bli b\u0119dzie trzeba, cierpie\u0107 i umrze\u0107 dla Jezusa. A czyni\u0142 to z wielk\u0105 dum\u0105 i rado\u015bci\u0105, gdy\u017c wiedzia\u0142, \u017ce Chrystus odni&oacute;s\u0142 zwyci\u0119stwo nad wszelkim z\u0142em, a przede wszystkim z mi\u0142o\u015bci odda\u0142 \u017cycie za niego i za ka\u017cdego cz\u0142owieka. Niesiony czyst\u0105 mi\u0142o\u015bci\u0105 do Jezusa, Szczepan postanowi\u0142 by\u0107 podobny do swego Pana. Chcia\u0142 by\u0107 blisko Niego, by sw\u0105 wierno\u015bci\u0105 i mi\u0142o\u015bci\u0105 zapewni\u0107 sobie Jego mi\u0142o\u015b\u0107 i wierno\u015b\u0107 w ziemskim \u017cyciu, a tak\u017ce w \u015bwiecie przysz\u0142ym. W tej sytuacji gro\u017aby, przemoc i szyderstwa prze\u015bladowc&oacute;w nie napawa\u0142y l\u0119kiem Szczepana. Wiedzia\u0142, \u017ce nie mo\u017ce zawie\u015b\u0107 swego Mistrza, skoro Ten otworzy\u0142 przed nim niebo &#8211; kr&oacute;lestwo rado\u015bci &#8211; i pozwoli\u0142 ogl\u0105da\u0107 oblicze Pana Boga. C&oacute;\u017c wobec tak wielkiego wyr&oacute;\u017cnienia i zaszczytu znaczy\u0142 gniew z\u0142ych i bezlitosnych ludzi, a nawet kamienie nios\u0105ce b&oacute;l i \u015bmier\u0107. Szczepan by\u0142 nape\u0142niony moc\u0105 Ducha, kt&oacute;ra w tym najwa\u017cniejszym momencie \u017cycia by\u0142a niego \u015bwiat\u0142em i si\u0142\u0105, ale te\u017c \u017ar&oacute;d\u0142em rado\u015bci, \u017ce sta\u0142 si\u0119 godny cierpie\u0107 dla Boga. Nic to, \u017ce \u017bydzi wyrzucili go poza miasto i kamienowali. W tym samym momencie Chrystus z otwartymi r\u0119koma przyjmowa\u0142 go przecie\u017c do wiecznego miasta &ndash; nowego Jeruzalem, nagradzaj\u0105c wieczn\u0105 rado\u015bci\u0105 za jego wierno\u015b\u0107 i mi\u0142o\u015b\u0107. Wpatrzony w przeczyste oblicze Chrystusa, Szczepan nie nosi\u0142 w sercu nawet urazy do kamienuj\u0105cych go prze\u015bladowc&oacute;w, gdy\u017c na wz&oacute;r Mistrza postanowi\u0142 przebaczy\u0107 im nienawi\u015b\u0107 i krzywd\u0119, prosz\u0105c Boga o darowanie ich winy. Pok&oacute;j i rado\u015b\u0107 na obliczu \u015bwi\u0119tego diakona by\u0142a tak wielkie, \u017ce a\u017c zatrwo\u017cy\u0142y nienawistnych przeciwnik&oacute;w. Po nied\u0142ugim czasie ich przyw&oacute;dca &#8211; Szawe\u0142 &#8211; nieprzejednany wr&oacute;g Chrystusa i Jego uczni&oacute;w, r&oacute;wnie\u017c zobaczy\u0142 otwarte niebo i blask chwa\u0142y Bo\u017cego Syna, kt&oacute;ry spowodowa\u0142 radykaln\u0105 odmian\u0119 jego \u017cycia. Odt\u0105d, poci\u0105gni\u0119ty t\u0105 sam\u0105 mi\u0142o\u015bci\u0105 do Jezusa co Szczepan, sta\u0142 si\u0119 gorliwym na\u015bladowc\u0105 \u015bwi\u0119tego diakona, aby z rado\u015bci\u0105 i oddaniem dope\u0142ni\u0107 misj\u0119, kt&oacute;r\u0105 wcze\u015bniej przerwa\u0142 przyczyniaj\u0105c si\u0119 do jego zab&oacute;jstwa. Dla Boga bowiem nie ma nic niemo\u017cliwego. On pot\u0119g\u0105 swej mi\u0142o\u015bci mo\u017ce przemieni\u0107 w rado\u015b\u0107 nawet najwi\u0119kszy smutek i cierpienie, ukoi\u0107 przebaczeniem rany grzechu, a mi\u0142osierdziem przywr&oacute;ci\u0107 nadziej\u0119.\n<\/p>\n<p style=\"text-align: justify;\">\n\t&nbsp;&nbsp;&nbsp;&nbsp;&nbsp;&nbsp;&nbsp;&nbsp;&nbsp;&nbsp;&nbsp; Przyk\u0142ad \u015bwi\u0119tego Szczepana uczy, \u017ce chrze\u015bcijanin mo\u017ce i winien by\u0107 cz\u0142owiekiem rado\u015bci. Trzeba tylko szuka\u0107 jej prawdziwego oblicza, a nie tylko kr&oacute;tkotrwa\u0142ych i z\u0142udnych jej przejaw&oacute;w. Nieprzemijaj\u0105cym \u017ar&oacute;d\u0142em rado\u015bci jest wielko\u015b\u0107 i mi\u0142o\u015b\u0107 Boga objawiaj\u0105ca si\u0119 w tajemnicy narodzenia Jezusa, a jeszcze mocniej w Jego \u015bmierci i zmartwychwstaniu, kt&oacute;re wci\u0105\u017c mo\u017cna odkrywa\u0107 i rozwa\u017ca\u0107 w s\u0142owie Bo\u017cym i Eucharystii. Najwi\u0119ksz\u0105 rado\u015bci\u0105 wierz\u0105cego jest blisko\u015b\u0107 Jezusa, kt&oacute;rej trzeba cierpliwie i wytrwale szuka\u0107 na drogach \u017cycia, a potem z ca\u0142ych si\u0142 zabiega\u0107, by jej nie straci\u0107. On bowiem zawsze przebacza, zawsze podnosi, pozwala zacz\u0105\u0107 od nowa, daje sens naszym wysi\u0142kom, spe\u0142nia marzenia i pro\u015bby. Rado\u015bci p\u0142yn\u0105cej z bycia dzieckiem Boga, kt&oacute;re jest odkupione mi\u0142o\u015bci\u0105 Chrystusa i codziennie umacniane \u0142ask\u0105 i m\u0105dro\u015bci\u0105 Ducha \u015awi\u0119tego nikt nie jest w stanie nam zabra\u0107. Mo\u017cemy j\u0105 zagubi\u0107 tylko my sami, kiedy na swej \u017cyciowej drodze porzucimy Jezusa dla przemijaj\u0105cych uciech i wygody. B\u0105d\u017amy wi\u0119c rado\u015bni Bo\u017ca wiar\u0105 i mi\u0142o\u015bci\u0105, kt&oacute;ra nigdy nie zawodzi, tak jak nie zawiod\u0142a patrona dnia dzisiejszego &ndash; \u015bwi\u0119tego diakona Szczepana.\n<\/p>\n<p style=\"text-align: justify;\">\n\tKo\u0144cz\u0105c t\u0119 refleksj\u0119, w imieniu wsp&oacute;lnoty Seminarium Duchownego w Przemy\u015blu, chcia\u0142bym z serca podzi\u0119kowa\u0107 drogim naszym Dobroczy\u0144com za wszelk\u0105 \u017cyczliwo\u015b\u0107. B&oacute;g zap\u0142a\u0107 za Wasze modlitwy w intencji kap\u0142an&oacute;w i przygotowuj\u0105cych si\u0119 do s\u0142u\u017cby kap\u0142a\u0144skiej, B&oacute;g zap\u0142a\u0107 za pomoc materialn\u0105, dzi\u0119ki kt&oacute;rej mo\u017cemy duchowo i intelektualnie wzrasta\u0107. Prosimy, by\u015bcie o nas pami\u0119tali. Obiecujemy modlitw\u0119, by \u0142aska Bo\u017cego b\u0142ogos\u0142awie\u0144stwa by\u0142a Wam ci\u0105g\u0142\u0105 pociech\u0105 i wsparciem. Na ca\u0142y Nowy Rok \u017cyczymy wielu rado\u015bci, niech Jezus darzy wszelkim szcz\u0119\u015bciem, a Jego Matka roztacza nad Wami sw\u0105 czu\u0142\u0105 opiek\u0119.\n<\/p>\n<p style=\"text-align: justify;\">\n\t&nbsp;\n<\/p>\n<p style=\"text-align: center;\">\n\tRektor WSD w Przemy\u015blu, ks. Dariusz Dziadosz<\/p>\n","protected":false},"excerpt":{"rendered":"<p>Wymagaj\u0105ca rado\u015b\u0107 p\u0142yn\u0105ca z wiary w Chrystusa Ukochani w Chrystusie Panu, Siostry i Bracia<span class=\"more-link\"><a href=\"https:\/\/parafiabesko.pl\/?p=1387\">Czytaj wi\u0119cej<\/a><\/span><\/p>\n","protected":false},"author":1,"featured_media":674,"comment_status":"closed","ping_status":"open","sticky":false,"template":"","format":"standard","meta":{"footnotes":""},"categories":[6],"tags":[],"class_list":["entry","author-adminparafiibesko","has-more-link","post-1387","post","type-post","status-publish","format-standard","has-post-thumbnail","category-uncategorized"],"_links":{"self":[{"href":"https:\/\/parafiabesko.pl\/index.php?rest_route=\/wp\/v2\/posts\/1387","targetHints":{"allow":["GET"]}}],"collection":[{"href":"https:\/\/parafiabesko.pl\/index.php?rest_route=\/wp\/v2\/posts"}],"about":[{"href":"https:\/\/parafiabesko.pl\/index.php?rest_route=\/wp\/v2\/types\/post"}],"author":[{"embeddable":true,"href":"https:\/\/parafiabesko.pl\/index.php?rest_route=\/wp\/v2\/users\/1"}],"replies":[{"embeddable":true,"href":"https:\/\/parafiabesko.pl\/index.php?rest_route=%2Fwp%2Fv2%2Fcomments&post=1387"}],"version-history":[{"count":0,"href":"https:\/\/parafiabesko.pl\/index.php?rest_route=\/wp\/v2\/posts\/1387\/revisions"}],"wp:featuredmedia":[{"embeddable":true,"href":"https:\/\/parafiabesko.pl\/index.php?rest_route=\/"}],"wp:attachment":[{"href":"https:\/\/parafiabesko.pl\/index.php?rest_route=%2Fwp%2Fv2%2Fmedia&parent=1387"}],"wp:term":[{"taxonomy":"category","embeddable":true,"href":"https:\/\/parafiabesko.pl\/index.php?rest_route=%2Fwp%2Fv2%2Fcategories&post=1387"},{"taxonomy":"post_tag","embeddable":true,"href":"https:\/\/parafiabesko.pl\/index.php?rest_route=%2Fwp%2Fv2%2Ftags&post=1387"}],"curies":[{"name":"wp","href":"https:\/\/api.w.org\/{rel}","templated":true}]}}