{"id":1373,"date":"2013-12-22T21:48:47","date_gmt":"2013-12-22T21:48:47","guid":{"rendered":"http:\/\/parafiabesko.pl\/?p=1373"},"modified":"2013-12-22T21:48:47","modified_gmt":"2013-12-22T21:48:47","slug":"ogloszenia-22-12-2013","status":"publish","type":"post","link":"https:\/\/parafiabesko.pl\/?p=1373","title":{"rendered":"Og\u0142oszenia 22.12.2013"},"content":{"rendered":"<p>\n\t1. W poniedzia\u0142ek i wtorek roraty o godzinie 6.30 Godzinki, a o godzinie 7.00 Msza \u015bwi\u0119ta. W te dwa dni Mszy \u015bwi\u0119tej wieczorowej nie b\u0119dzie.\n<\/p>\n<p><!--more--><\/p>\n<p>\n\t2. W poniedzia\u0142ek od godziny 8.00 odwiedziny chorych przed \u015bwi\u0119tami z udzieleniem sakrament&oacute;w: Pokuty i Eucharystii. Chorych odwiedza\u0107 b\u0119dzie dw&oacute;ch kap\u0142an&oacute;w.\n<\/p>\n<p>\n\t3. We wtorek 24 grudnia Wigilia dzie\u0144 oczekiwania na Uroczysto\u015b\u0107 Narodzenia Pa\u0144skiego. Mszy \u015bwi\u0119tej wieczorowej nie b\u0119dzie. Wieczorem zasiadamy do wieczerzy wigilijnej. Przypominamy Parafianom, \u017ce wieczerz\u0119 rozpoczynamy czytaniem Pisma \u015bwi\u0119tego o narodzeniu Pana Jezusa z ewangelii \u015bwi\u0119tego \u0141ukasza, modlimy si\u0119 za \u017cywych i zmar\u0142ych i \u015bpiewamy kol\u0119dy. W ten wiecz&oacute;r wykluczamy alkohol.\n<\/p>\n<p>\n\t4. Pasterka w Besku o godzinie 24.00, a w ko\u015bcio\u0142ach filialnych w Mymoniu i w Por\u0119bach o godzinie 22.00. Po\u0142ow\u0119 ofiar na tac\u0119 z Pasterki przeznaczona jest na Diecezjalny Fundusz Ochrony \u017bycia. 4. We \u015brod\u0119 25 grudnia Uroczysto\u015b\u0107 Bo\u017cego Narodzenia. Porz\u0105dek Mszy \u015bwi\u0119tej w Besku: 7.30, 9.15, 11.00 i 16.00 bez Nieszpor&oacute;w. W ko\u015bcio\u0142ach filialnych w Mymoniu 8.30, w Por\u0119bach 10.00.\n<\/p>\n<p>\n\t5. W czwartek 26 grudnia \u015awi\u0119to \u015bwi\u0119tego Szczepana. Porz\u0105dek Mszy \u015bwi\u0119tej w Besku: 7.30, 9.15, 11.00 i 16.00 bez Nieszpor&oacute;w. Na sumie obrz\u0119d rozes\u0142ania kol\u0119dnik&oacute;w misyjnych. W ko\u015bcio\u0142ach filialnych w Mymoniu 8.30, w Por\u0119bach 10.00 i obrz\u0119d rozes\u0142ania kol\u0119dnik&oacute;w misyjnych. Taca z tego dnia przeznaczona na Seminarium Duchowne w Przemy\u015blu.\n<\/p>\n<p>\n\t6. W pi\u0105tek 27 grudnia \u015awi\u0119to \u015bwi\u0119tego Jana aposto\u0142a i ewangelisty. Dni oktawy Narodzenia Pa\u0144skiego nie zwalniaj\u0105 z obowi\u0105zku wstrzemi\u0119\u017cliwi\u015bci od pokarm&oacute;w mi\u0119snych.\n<\/p>\n<p>\n\t7. W sobot\u0119 28 grudnia \u015awi\u0119to \u015bwi\u0119tych M\u0142odziank&oacute;w. Kol\u0119dnicy misyjni w tym dniu odwiedz\u0105 rodziny naszej Parafii, prosimy \u017cyczliwe przyj\u0119cie misyjnych kol\u0119dnik&oacute;w. Ofiary w tym roku zostan\u0105 przeznaczone na rzecz kongijskich dzieci do\u015bwiadczanych przez konflikty zbrojne. W roku ubieg\u0142ym, kol\u0119dnicy misyjni pomagali swoim r&oacute;wie\u015bnikom z Wietnamu, uda\u0142o si\u0119 zgromadzi\u0107 ponad 700 tys. z\u0142.\n<\/p>\n<p>\n\t8. W najbli\u017csz\u0105 niedziel\u0119 to \u015awi\u0119to \u015awi\u0119tej Rodziny.\n<\/p>\n<p>\n\t9. Pan organista i siostry zakonne dzi\u0119kuj\u0105 za ofiary z\u0142o\u017cone z racji nabywania op\u0142atk&oacute;w wigilijnych.<\/p>\n","protected":false},"excerpt":{"rendered":"<p>1. W poniedzia\u0142ek i wtorek roraty o godzinie 6.30 Godzinki, a o godzinie 7.00 Msza \u015bwi\u0119ta. W te dwa dni Mszy \u015bwi\u0119tej wieczorowej nie b\u0119dzie.<span class=\"more-link\"><a href=\"https:\/\/parafiabesko.pl\/?p=1373\">Czytaj wi\u0119cej<\/a><\/span><\/p>\n","protected":false},"author":1,"featured_media":1059,"comment_status":"closed","ping_status":"open","sticky":false,"template":"","format":"standard","meta":{"footnotes":""},"categories":[7],"tags":[],"class_list":["entry","author-adminparafiibesko","has-more-link","post-1373","post","type-post","status-publish","format-standard","has-post-thumbnail","category-ogloszenia-parafialne"],"_links":{"self":[{"href":"https:\/\/parafiabesko.pl\/index.php?rest_route=\/wp\/v2\/posts\/1373","targetHints":{"allow":["GET"]}}],"collection":[{"href":"https:\/\/parafiabesko.pl\/index.php?rest_route=\/wp\/v2\/posts"}],"about":[{"href":"https:\/\/parafiabesko.pl\/index.php?rest_route=\/wp\/v2\/types\/post"}],"author":[{"embeddable":true,"href":"https:\/\/parafiabesko.pl\/index.php?rest_route=\/wp\/v2\/users\/1"}],"replies":[{"embeddable":true,"href":"https:\/\/parafiabesko.pl\/index.php?rest_route=%2Fwp%2Fv2%2Fcomments&post=1373"}],"version-history":[{"count":0,"href":"https:\/\/parafiabesko.pl\/index.php?rest_route=\/wp\/v2\/posts\/1373\/revisions"}],"wp:featuredmedia":[{"embeddable":true,"href":"https:\/\/parafiabesko.pl\/index.php?rest_route=\/"}],"wp:attachment":[{"href":"https:\/\/parafiabesko.pl\/index.php?rest_route=%2Fwp%2Fv2%2Fmedia&parent=1373"}],"wp:term":[{"taxonomy":"category","embeddable":true,"href":"https:\/\/parafiabesko.pl\/index.php?rest_route=%2Fwp%2Fv2%2Fcategories&post=1373"},{"taxonomy":"post_tag","embeddable":true,"href":"https:\/\/parafiabesko.pl\/index.php?rest_route=%2Fwp%2Fv2%2Ftags&post=1373"}],"curies":[{"name":"wp","href":"https:\/\/api.w.org\/{rel}","templated":true}]}}