{"id":1341,"date":"2013-12-15T06:44:56","date_gmt":"2013-12-15T06:44:56","guid":{"rendered":"http:\/\/parafiabesko.pl\/?p=1341"},"modified":"2013-12-15T06:44:56","modified_gmt":"2013-12-15T06:44:56","slug":"ogloszenia-15-12-2013","status":"publish","type":"post","link":"https:\/\/parafiabesko.pl\/?p=1341","title":{"rendered":"Og\u0142oszenia 15.12.2013"},"content":{"rendered":"<p>\n\t1. Po Mszach \u015bwi\u0119tych zbi&oacute;rka do puszek na pomoc dla Mi\u0142osza, naszego parafianina, kt&oacute;ry potrzebuje specjalistycznego leczenia za granic\u0105.\n<\/p>\n<p><!--more--><\/p>\n<p>\n\t2. Dzisiaj po Mszach \u015bwi\u0119tych zg\u0142aszanie chorych do spowiedzi i komunii \u015bwi\u0105tecznej. Chorych b\u0119dziemy odwiedza\u0107 w poniedzia\u0142ek 23 grudnia.\n<\/p>\n<p>\n\t3. W tym tygodniu ze wzgl\u0119du na spowied\u017a \u015bwi\u0105teczn\u0105 we wszystkich Parafiach naszego dekanatu Msza \u015bwi\u0119ta b\u0119dzie odprawiana tylko rano. O godzinie 6.30 Godzinki i o godzinie 7.00 Msza \u015bwi\u0119ta roratnia. Kancelaria parafialna w tym tygodniu b\u0119dzie czynna tylko po rannej Mszy \u015bwi\u0119tej.\n<\/p>\n<p>\n\t4. Spowied\u017a \u015bwi\u0119ta przed \u015bwi\u0119tami Bo\u017cego Narodzenia w naszej Parafii b\u0119dzie w najbli\u017csz\u0105 sobot\u0119 21 grudnia i tak: w Besku od godziny 9.00-12.00 i 14.30-17.00. W ko\u015bcio\u0142ach filialnych w Mymoniu od godziny 9.00, a Por\u0119bach od godziny 14.30 oraz spowied\u017a chorych w domach. Prosimy, skorzysta\u0107 ze spowiedzi parafialnej, poniewa\u017c w p&oacute;\u017aniejszym czasie przed \u015bwi\u0119tami okazji do spowiedzi b\u0119dzie niewiele.\n<\/p>\n<p>\n\t5. Dzisiaj po Mszy \u015bwi\u0119tej wieczorowej spotkanie Akcji Katolickiej.<\/p>\n","protected":false},"excerpt":{"rendered":"<p>1. Po Mszach \u015bwi\u0119tych zbi&oacute;rka do puszek na pomoc dla Mi\u0142osza, naszego parafianina, kt&oacute;ry potrzebuje specjalistycznego leczenia za granic\u0105.<span class=\"more-link\"><a href=\"https:\/\/parafiabesko.pl\/?p=1341\">Czytaj wi\u0119cej<\/a><\/span><\/p>\n","protected":false},"author":1,"featured_media":1059,"comment_status":"closed","ping_status":"open","sticky":false,"template":"","format":"standard","meta":{"footnotes":""},"categories":[7],"tags":[],"class_list":["entry","author-adminparafiibesko","has-more-link","post-1341","post","type-post","status-publish","format-standard","has-post-thumbnail","category-ogloszenia-parafialne"],"_links":{"self":[{"href":"https:\/\/parafiabesko.pl\/index.php?rest_route=\/wp\/v2\/posts\/1341","targetHints":{"allow":["GET"]}}],"collection":[{"href":"https:\/\/parafiabesko.pl\/index.php?rest_route=\/wp\/v2\/posts"}],"about":[{"href":"https:\/\/parafiabesko.pl\/index.php?rest_route=\/wp\/v2\/types\/post"}],"author":[{"embeddable":true,"href":"https:\/\/parafiabesko.pl\/index.php?rest_route=\/wp\/v2\/users\/1"}],"replies":[{"embeddable":true,"href":"https:\/\/parafiabesko.pl\/index.php?rest_route=%2Fwp%2Fv2%2Fcomments&post=1341"}],"version-history":[{"count":0,"href":"https:\/\/parafiabesko.pl\/index.php?rest_route=\/wp\/v2\/posts\/1341\/revisions"}],"wp:featuredmedia":[{"embeddable":true,"href":"https:\/\/parafiabesko.pl\/index.php?rest_route=\/"}],"wp:attachment":[{"href":"https:\/\/parafiabesko.pl\/index.php?rest_route=%2Fwp%2Fv2%2Fmedia&parent=1341"}],"wp:term":[{"taxonomy":"category","embeddable":true,"href":"https:\/\/parafiabesko.pl\/index.php?rest_route=%2Fwp%2Fv2%2Fcategories&post=1341"},{"taxonomy":"post_tag","embeddable":true,"href":"https:\/\/parafiabesko.pl\/index.php?rest_route=%2Fwp%2Fv2%2Ftags&post=1341"}],"curies":[{"name":"wp","href":"https:\/\/api.w.org\/{rel}","templated":true}]}}