{"id":1338,"date":"2013-12-15T06:40:41","date_gmt":"2013-12-15T06:40:41","guid":{"rendered":"http:\/\/parafiabesko.pl\/?p=1338"},"modified":"2013-12-15T06:40:41","modified_gmt":"2013-12-15T06:40:41","slug":"intencje-mszalne-16-12-22-12-2013","status":"publish","type":"post","link":"https:\/\/parafiabesko.pl\/?p=1338","title":{"rendered":"Intencje mszalne 16.12-22.12.2013"},"content":{"rendered":"<p>\n\tW najbli\u017cszym tygodniu zostan\u0105 odprawione nast\u0119puj\u0105ce intencje mszalne:\n<\/p>\n<p>\n\t<!--more-->\n<\/p>\n<table border=\"1\" cellpadding=\"1\" cellspacing=\"1\" style=\"width: 500px\">\n<tbody>\n<tr>\n<td style=\"text-align: center\">\n\t\t\t\t<strong>Dzie\u0144 tygodnia<\/strong>\n\t\t\t<\/td>\n<td style=\"text-align: center\">\n\t\t\t\t<strong>godzina<\/strong>\n\t\t\t<\/td>\n<td style=\"text-align: center\">\n\t\t\t\t&nbsp;\n\t\t\t<\/td>\n<\/tr>\n<tr>\n<td colspan=\"1\" rowspan=\"1\">\n\t\t\t\tPoniedzia\u0142ek\n\t\t\t<\/td>\n<td>\n\t\t\t\t7.00\n\t\t\t<\/td>\n<td>\n<p>\n\t\t\t\t\t1.+Stanis\u0142aw Helena Kocha\u0144scy\n\t\t\t\t<\/p>\n<p>\t\t\t\t2.+Tomasz, Gustawa, Pawe\u0142, Magdalena, Jacek, Jadwiga i Antoni\n\t\t\t<\/td>\n<\/tr>\n<tr>\n<td colspan=\"1\" rowspan=\"1\">\n\t\t\t\tWtorek\n\t\t\t<\/td>\n<td>\n\t\t\t\t7.00\n\t\t\t<\/td>\n<td>\n<p>\n\t\t\t\t\t1.+Stanis\u0142awa Suwa\u0142a\n\t\t\t\t<\/p>\n<p>\t\t\t\t2.Za \u015bp. Stanis\u0142awa ojca siostry Agni\n\t\t\t<\/td>\n<\/tr>\n<tr>\n<td colspan=\"1\" rowspan=\"1\">\n\t\t\t\t\u015aroda\n\t\t\t<\/td>\n<td>\n\t\t\t\t7.00\n\t\t\t<\/td>\n<td>\n<p>\n\t\t\t\t\t1.+Stanis\u0142aw Szuber w 15r.\u015bm\n\t\t\t\t<\/p>\n<p>\t\t\t\t2.+Jan Kasperkowicz w 3r.\u015bm\n\t\t\t<\/td>\n<\/tr>\n<tr>\n<td colspan=\"1\" rowspan=\"1\">\n\t\t\t\tCzwartek\n\t\t\t<\/td>\n<td>\n\t\t\t\t7.00\n\t\t\t<\/td>\n<td>\n<p style=\"margin-left:15.85pt;\">\n\t\t\t\t\t1.+\u0141ukasz Chyna\u0142 (of. Janusz i Marta Ogarek z Zakliczyna)\n\t\t\t\t<\/p>\n<p>\t\t\t\t2.O zdrowie dla Roberta\n\t\t\t<\/td>\n<\/tr>\n<tr>\n<td colspan=\"1\" rowspan=\"1\">\n\t\t\t\tPi\u0105tek\n\t\t\t<\/td>\n<td>\n\t\t\t\t7.0\n\t\t\t<\/td>\n<td>\n<p style=\"margin-left:15.85pt;\">\n\t\t\t\t\t1.Za dziadk&oacute;w Feliksa i Mari\u0119 Kr&oacute;lickich w 1r.\u015bm. (of. Marcin i Kasia)\n\t\t\t\t<\/p>\n<p>\t\t\t\t2.+Jan Kwiatkowski, J&oacute;zefa, Anna i Stanis\u0142awa\n\t\t\t<\/td>\n<\/tr>\n<tr>\n<td colspan=\"1\" rowspan=\"1\">\n\t\t\t\tSobota\n\t\t\t<\/td>\n<td>\n\t\t\t\t7.00\n\t\t\t<\/td>\n<td>\n<p>\n\t\t\t\t\t1.+Edward Chyna\u0142 i \u0141ukasz\n\t\t\t\t<\/p>\n<p>\n\t\t\t\t\t2.+Marek Suwa\u0142a w 3r.\u015bm.\n\t\t\t\t<\/p>\n<p>\t\t\t\t3.W intencji Bogu wiadomej\n\t\t\t<\/td>\n<\/tr>\n<tr>\n<td colspan=\"1\" rowspan=\"4\">\n\t\t\t\tNiedziela\n\t\t\t<\/td>\n<td>\n\t\t\t\t6.30\n\t\t\t<\/td>\n<td>\n\t\t\t\t+Stanis\u0142aw D\u0105browski\n\t\t\t<\/td>\n<\/tr>\n<tr>\n<td>\n\t\t\t\t9.15\n\t\t\t<\/td>\n<td>\n\t\t\t\t+Bogumi\u0142a Kocha\u0144ska\n\t\t\t<\/td>\n<\/tr>\n<tr>\n<td>\n\t\t\t\t11.00\n\t\t\t<\/td>\n<td>\n\t\t\t\tW intencji parafian\n\t\t\t<\/td>\n<\/tr>\n<tr>\n<td>\n\t\t\t\t16.30\n\t\t\t<\/td>\n<td>\n\t\t\t\t+Maria Kijowska i Jan\n\t\t\t<\/td>\n<\/tr>\n<\/tbody>\n<\/table>\n<p>\n\t&nbsp;<\/p>\n","protected":false},"excerpt":{"rendered":"<p>W najbli\u017cszym tygodniu zostan\u0105 odprawione nast\u0119puj\u0105ce intencje mszalne:<span class=\"more-link\"><a href=\"https:\/\/parafiabesko.pl\/?p=1338\">Czytaj wi\u0119cej<\/a><\/span><\/p>\n","protected":false},"author":1,"featured_media":1055,"comment_status":"closed","ping_status":"open","sticky":false,"template":"","format":"standard","meta":{"footnotes":""},"categories":[7],"tags":[],"class_list":["entry","author-adminparafiibesko","has-more-link","post-1338","post","type-post","status-publish","format-standard","has-post-thumbnail","category-ogloszenia-parafialne"],"_links":{"self":[{"href":"https:\/\/parafiabesko.pl\/index.php?rest_route=\/wp\/v2\/posts\/1338","targetHints":{"allow":["GET"]}}],"collection":[{"href":"https:\/\/parafiabesko.pl\/index.php?rest_route=\/wp\/v2\/posts"}],"about":[{"href":"https:\/\/parafiabesko.pl\/index.php?rest_route=\/wp\/v2\/types\/post"}],"author":[{"embeddable":true,"href":"https:\/\/parafiabesko.pl\/index.php?rest_route=\/wp\/v2\/users\/1"}],"replies":[{"embeddable":true,"href":"https:\/\/parafiabesko.pl\/index.php?rest_route=%2Fwp%2Fv2%2Fcomments&post=1338"}],"version-history":[{"count":0,"href":"https:\/\/parafiabesko.pl\/index.php?rest_route=\/wp\/v2\/posts\/1338\/revisions"}],"wp:featuredmedia":[{"embeddable":true,"href":"https:\/\/parafiabesko.pl\/index.php?rest_route=\/"}],"wp:attachment":[{"href":"https:\/\/parafiabesko.pl\/index.php?rest_route=%2Fwp%2Fv2%2Fmedia&parent=1338"}],"wp:term":[{"taxonomy":"category","embeddable":true,"href":"https:\/\/parafiabesko.pl\/index.php?rest_route=%2Fwp%2Fv2%2Fcategories&post=1338"},{"taxonomy":"post_tag","embeddable":true,"href":"https:\/\/parafiabesko.pl\/index.php?rest_route=%2Fwp%2Fv2%2Ftags&post=1338"}],"curies":[{"name":"wp","href":"https:\/\/api.w.org\/{rel}","templated":true}]}}