{"id":1333,"date":"2013-12-08T20:01:15","date_gmt":"2013-12-08T20:01:15","guid":{"rendered":"http:\/\/parafiabesko.pl\/?p=1333"},"modified":"2013-12-08T20:01:15","modified_gmt":"2013-12-08T20:01:15","slug":"ogloszenia-8-12-2013","status":"publish","type":"post","link":"https:\/\/parafiabesko.pl\/?p=1333","title":{"rendered":"Og\u0142oszenia 8.12.2013"},"content":{"rendered":"<p>\n\t1. Dzisiaj 8 grudnia Uroczysto\u015b\u0107 Niepokalanego Pocz\u0119cia NMP w tym dniu mo\u017cna zyska\u0107 odpust zupe\u0142ny pod zwyk\u0142ymi warunkami. Porz\u0105dek Mszy \u015bwi\u0119tych: o godzinie 6.00 Godzinki o godzinie 6.30 Msza \u015bwi\u0119ta,&nbsp; pozosta\u0142e Msze \u015bwi\u0119te: 9.15. suma o godzinie 11.00 i po po\u0142udniu Msza \u015bwi\u0119ta o godzinie 16.30. Na godzin\u0119 11.00 zapraszamy dzieci klasy II i rodzic&oacute;w na wr\u0119czenie po\u015bwi\u0119conych medalik&oacute;w\n<\/p>\n<p><!--more--><\/p>\n<p>\n\t2. Po Mszach \u015bwi\u0119tych mo\u017cna naby\u0107 \u015bwiec\u0119 &bdquo;Wigilijne Dzie\u0142o Pomocy Dzieciom&bdquo;\n<\/p>\n<p>\n\t3. &nbsp;Roraty w dni powszednie o godzinie 16.30 Godzinki, o 17.00 Msza \u015bwi\u0119ta. Zapraszamy dzieci, m\u0142odzie\u017c, starszych na te nabo\u017ce\u0144stwa.\n<\/p>\n<p>\n\t4. Dzisiaj dzie\u0144 modlitw za Ko\u015bci&oacute;\u0142 na Wchodzie . Po Mszach \u015bwi\u0119tych zbi&oacute;rka do puszki&nbsp; na pomoc Ko\u015bcio\u0142owi na Wschodzie.<\/p>\n","protected":false},"excerpt":{"rendered":"<p>1. Dzisiaj 8 grudnia Uroczysto\u015b\u0107 Niepokalanego Pocz\u0119cia NMP w tym dniu mo\u017cna zyska\u0107 odpust zupe\u0142ny pod zwyk\u0142ymi warunkami. Porz\u0105dek Mszy \u015bwi\u0119tych: o godzinie 6.00 Godzinki o godzinie 6.30 Msza \u015bwi\u0119ta,&nbsp; pozosta\u0142e Msze \u015bwi\u0119te: 9.15. suma o godzinie 11.00 i po po\u0142udniu Msza \u015bwi\u0119ta o godzinie 16.30. Na godzin\u0119 11.00 zapraszamy<span class=\"more-link\"><a href=\"https:\/\/parafiabesko.pl\/?p=1333\">Czytaj wi\u0119cej<\/a><\/span><\/p>\n","protected":false},"author":1,"featured_media":1059,"comment_status":"closed","ping_status":"open","sticky":false,"template":"","format":"standard","meta":{"footnotes":""},"categories":[7],"tags":[],"class_list":["entry","author-adminparafiibesko","has-more-link","post-1333","post","type-post","status-publish","format-standard","has-post-thumbnail","category-ogloszenia-parafialne"],"_links":{"self":[{"href":"https:\/\/parafiabesko.pl\/index.php?rest_route=\/wp\/v2\/posts\/1333","targetHints":{"allow":["GET"]}}],"collection":[{"href":"https:\/\/parafiabesko.pl\/index.php?rest_route=\/wp\/v2\/posts"}],"about":[{"href":"https:\/\/parafiabesko.pl\/index.php?rest_route=\/wp\/v2\/types\/post"}],"author":[{"embeddable":true,"href":"https:\/\/parafiabesko.pl\/index.php?rest_route=\/wp\/v2\/users\/1"}],"replies":[{"embeddable":true,"href":"https:\/\/parafiabesko.pl\/index.php?rest_route=%2Fwp%2Fv2%2Fcomments&post=1333"}],"version-history":[{"count":0,"href":"https:\/\/parafiabesko.pl\/index.php?rest_route=\/wp\/v2\/posts\/1333\/revisions"}],"wp:featuredmedia":[{"embeddable":true,"href":"https:\/\/parafiabesko.pl\/index.php?rest_route=\/"}],"wp:attachment":[{"href":"https:\/\/parafiabesko.pl\/index.php?rest_route=%2Fwp%2Fv2%2Fmedia&parent=1333"}],"wp:term":[{"taxonomy":"category","embeddable":true,"href":"https:\/\/parafiabesko.pl\/index.php?rest_route=%2Fwp%2Fv2%2Fcategories&post=1333"},{"taxonomy":"post_tag","embeddable":true,"href":"https:\/\/parafiabesko.pl\/index.php?rest_route=%2Fwp%2Fv2%2Ftags&post=1333"}],"curies":[{"name":"wp","href":"https:\/\/api.w.org\/{rel}","templated":true}]}}