{"id":1327,"date":"2013-12-01T19:51:25","date_gmt":"2013-12-01T19:51:25","guid":{"rendered":"http:\/\/parafiabesko.pl\/?p=1327"},"modified":"2013-12-01T19:51:25","modified_gmt":"2013-12-01T19:51:25","slug":"ogloszenia-1-12-2013","status":"publish","type":"post","link":"https:\/\/parafiabesko.pl\/?p=1327","title":{"rendered":"Og\u0142oszenia 1.12.2013"},"content":{"rendered":"<p>\n\t1.&nbsp; Dzisiaj rozpoczyna si\u0119 Adwent, czas radosnego oczekiwania na przyj\u015bcie Pana. O godzinie 6.00 Godzinki po nich o 6.30 Msza \u015bwi\u0119ta. Pozosta\u0142e Msze \u015bwi\u0119te: 9.15, 11.00 i 16.30. Jest to niedziela adoracyjna, od godziny 12.00 do 16.00 prywatna adoracja rodzin. O godzinie 16.00 nabo\u017ce\u0144stwo r&oacute;\u017ca\u0144cowe i zmiana tajemnic, adoruje r&oacute;\u017ca Mikosz Kazimiery.\n<\/p>\n<p><!--more--><\/p>\n<p>\n\t2. Po Mszach \u015bwi\u0119tych mo\u017cna naby\u0107 \u015bwiec\u0119 &bdquo;Wigilijne Dzie\u0142o Pomocy Dzieciom&bdquo;. Ofiara 5 z\u0142otych.\n<\/p>\n<p>\n\t3. Roraty w dni powszednie o godzinie 16.30 Godzinki, o 17.00 Msza \u015bwi\u0119ta. Zapraszamy dzieci, m\u0142odzie\u017c, starszych na te nabo\u017ce\u0144stwa.\n<\/p>\n<p>\n\t4. Dzisiaj po Mszach \u015bwi\u0119tych zg\u0142aszanie dzieci do chrztu \u015bwi\u0119tego na dwa terminy, a wi\u0119c na przysz\u0142\u0105 niedziel\u0119 i na \u015awi\u0119to \u015bwi\u0119tego Szczepana. Konferencja dla rodzic&oacute;w i chrzestnych we czwartek o godzinie 16.00.\n<\/p>\n<p>\n\t5. Taca z dzisiejszej niedzieli przeznaczona jest na Seminarium Duchowne w Przemy\u015blu. Na Mszach \u015bwi\u0119tych o godzinie 9.15 i 11.00 s\u0142owo Rektora naszego Seminarium g\u0142osi alumn naszego Seminarium.\n<\/p>\n<p>\n\t6. Spowied\u017a przed I pi\u0105tkiem do poniedzia\u0142ku rano i wieczorem przed Msz\u0105 \u015bwi\u0119t\u0105. Dzieci i m\u0142odzie\u017c do spowiedzi zapraszamy we \u015brod\u0119 od godziny 16.00\n<\/p>\n<p>\n\t7. I pi\u0105tek miesi\u0105ca rano o godzinie 7.00 Msza \u015bwi\u0119ta i adoracja, adoruje r&oacute;\u017ca &nbsp;Marii Rajter. Wieczorem roraty.\n<\/p>\n<p>\n\t8. I sobota miesi\u0105ca, rano o godzinie 7.00 Msza \u015bwi\u0119ta i Nabo\u017ce\u0144stwo do Matki Bo\u017cej adoruje r&oacute;\u017ca Ziemia\u0144skiej Kazimiery. Wieczorem roraty.\n<\/p>\n<p>\n\t9. &nbsp;W przysz\u0142\u0105 &nbsp;niedziel\u0119 8 grudnia Uroczysto\u015b\u0107 Niepokalanego Pocz\u0119cia NMP w tym dniu mo\u017cna zyska\u0107 odpust zupe\u0142ny pod zwyk\u0142ymi warunkami. Porz\u0105dek Mszy \u015bwi\u0119tych: o godzinie 6.00 Godzinki o godzinie 6.30 Msza \u015bwi\u0119ta, &nbsp;pozosta\u0142e Msze \u015bwi\u0119te: 9.15. suma o godzinie 11.00 i po po\u0142udniu Msza \u015bwi\u0119ta o godzinie 16.30. Na godzin\u0119 11.00 zapraszamy dzieci klasy II i rodzic&oacute;w na wr\u0119czenie po\u015bwi\u0119conych medalik&oacute;w.\n<\/p>\n<p>\n\t10. W tym tygodniu pan organista kontynuuje&nbsp; roznoszenie op\u0142atk&oacute;w.&nbsp; U si&oacute;str zakonnych w op\u0142atki zaopatruje si\u0119 wyznaczona cz\u0119\u015b\u0107 Parafii. Przypominamy ze ofiary sk\u0142adane przy tej okazji to jest cz\u0119\u015b\u0107 wynagrodzenia za ca\u0142oroczn\u0105 prac\u0119 w naszym ko\u015bciele.<\/p>\n","protected":false},"excerpt":{"rendered":"<p>1.&nbsp; Dzisiaj rozpoczyna si\u0119 Adwent, czas radosnego oczekiwania na przyj\u015bcie Pana. O godzinie 6.00 Godzinki po nich o 6.30 Msza \u015bwi\u0119ta. Pozosta\u0142e Msze \u015bwi\u0119te: 9.15, 11.00 i 16.30. Jest to niedziela adoracyjna, od godziny 12.00 do 16.00 prywatna adoracja rodzin. O godzinie 16.00 nabo\u017ce\u0144stwo r&oacute;\u017ca\u0144cowe i zmiana tajemnic, adoruje r&oacute;\u017ca<span class=\"more-link\"><a href=\"https:\/\/parafiabesko.pl\/?p=1327\">Czytaj wi\u0119cej<\/a><\/span><\/p>\n","protected":false},"author":1,"featured_media":1059,"comment_status":"closed","ping_status":"open","sticky":false,"template":"","format":"standard","meta":{"footnotes":""},"categories":[7],"tags":[],"class_list":["entry","author-adminparafiibesko","has-more-link","post-1327","post","type-post","status-publish","format-standard","has-post-thumbnail","category-ogloszenia-parafialne"],"_links":{"self":[{"href":"https:\/\/parafiabesko.pl\/index.php?rest_route=\/wp\/v2\/posts\/1327","targetHints":{"allow":["GET"]}}],"collection":[{"href":"https:\/\/parafiabesko.pl\/index.php?rest_route=\/wp\/v2\/posts"}],"about":[{"href":"https:\/\/parafiabesko.pl\/index.php?rest_route=\/wp\/v2\/types\/post"}],"author":[{"embeddable":true,"href":"https:\/\/parafiabesko.pl\/index.php?rest_route=\/wp\/v2\/users\/1"}],"replies":[{"embeddable":true,"href":"https:\/\/parafiabesko.pl\/index.php?rest_route=%2Fwp%2Fv2%2Fcomments&post=1327"}],"version-history":[{"count":0,"href":"https:\/\/parafiabesko.pl\/index.php?rest_route=\/wp\/v2\/posts\/1327\/revisions"}],"wp:featuredmedia":[{"embeddable":true,"href":"https:\/\/parafiabesko.pl\/index.php?rest_route=\/"}],"wp:attachment":[{"href":"https:\/\/parafiabesko.pl\/index.php?rest_route=%2Fwp%2Fv2%2Fmedia&parent=1327"}],"wp:term":[{"taxonomy":"category","embeddable":true,"href":"https:\/\/parafiabesko.pl\/index.php?rest_route=%2Fwp%2Fv2%2Fcategories&post=1327"},{"taxonomy":"post_tag","embeddable":true,"href":"https:\/\/parafiabesko.pl\/index.php?rest_route=%2Fwp%2Fv2%2Ftags&post=1327"}],"curies":[{"name":"wp","href":"https:\/\/api.w.org\/{rel}","templated":true}]}}