{"id":1310,"date":"2013-12-04T21:16:45","date_gmt":"2013-12-04T21:16:45","guid":{"rendered":"http:\/\/parafiabesko.pl\/?p=1310"},"modified":"2013-12-04T21:16:45","modified_gmt":"2013-12-04T21:16:45","slug":"adwent-2013","status":"publish","type":"post","link":"https:\/\/parafiabesko.pl\/?p=1310","title":{"rendered":"Adwent 2013"},"content":{"rendered":"<p style=\"text-align: center;\">\n\t<strong>WIERZ<\/strong><strong>\u0118 W SYNA BO\u017bEGO<\/strong>\n<\/p>\n<p style=\"text-align: center;\">\n\t<strong>List Pasterski Episkopatu Polski na Adwent Roku Pa<\/strong><strong>\u0144skiego 2013<\/strong>\n<\/p>\n<p><!--more--><\/p>\n<p style=\"text-align: justify;\">\n\t&nbsp;\n<\/p>\n<p style=\"text-align: justify;\">\n\tDrodzy Bracia i Siostry!\n<\/p>\n<p style=\"text-align: justify;\">\n\t<strong>1. Adwent to radosne oczekiwanie na Zbawiciela.<\/strong> Ws\u0142uchuj\u0105c si\u0119 w s\u0142owa znanej pie\u015bni ko\u015bcielnej &bdquo;Niebiosa, ros\u0119 spu\u015b\u0107cie nam z g&oacute;ry&rdquo;, wchodzimy w Adwent, czyli w oczekiwanie na przyj\u015bcie Zbawiciela. Nie jest to czas umartwie\u0144, ale porz\u0105dkowania naszych sumie\u0144 i naszego \u017cycia. W tym okresie \u0142\u0105czymy si\u0119 w naszym oczekiwaniu ze wszystkimi sprawiedliwymi synami i c&oacute;rkami Izraela. W spos&oacute;b szczeg&oacute;lny \u0142\u0105czymy si\u0119 z Maryj\u0105 i jej Oblubie\u0144cem, \u015bw. J&oacute;zefem, dla kt&oacute;rych Adwent &ndash; od chwili Zwiastowania &ndash; by\u0142 radosnym wyczekiwaniem na narodziny Jezusa. Dzisiejsza liturgia przypomina nam ten czas wypatrywania naszego zbawienia. Pan jest blisko. &bdquo;Nadesz\u0142a godzina powstania ze snu&rdquo; (por. Rz 13, 11).\n<\/p>\n<p style=\"text-align: justify;\">\n\tOczekujemy na Bo\u017ce Narodzenie, na narodziny \u017bycia, kt&oacute;re stanowi \u017ar&oacute;d\u0142o i pocz\u0105tek ka\u017cdego ludzkiego istnienia i ca\u0142ej ludzkiej przysz\u0142o\u015bci (por. Hi 12,10). Adwent jest szko\u0142\u0105 czekania. I to mo\u017ce stanowi\u0107 dla nas trudno\u015b\u0107, poniewa\u017c wielu ludzi &ndash; tak\u017ce wielu chrze\u015bcijan &ndash; nie potrafi czeka\u0107. Charakterystyczne dla wsp&oacute;\u0142czesnego cz\u0142owieka, zw\u0142aszcza m\u0142odego, jest to, \u017ce chce mie\u0107 wiele, od razu i po najni\u017cszych kosztach. Nie umiemy cierpliwie czeka\u0107 nawet na \u015bwi\u0119ta Bo\u017cego Narodzenia. W sklepach ju\u017c teraz widzimy \u015bwi\u0105teczne dekoracje, a z g\u0142o\u015bnik&oacute;w od wielu dni p\u0142ynie \u015bpiew kol\u0119d. Do czego nas zach\u0119caj\u0105? Czy do otwarcia Chrystusowi naszych serc, czy te\u017c raczej do otwarcia portfeli lub u\u017cycia kart kredytowych?&nbsp; W takim klimacie trudno jest zrozumie\u0107, \u017ce Adwent musi mie\u0107 sw&oacute;j rytm i swoje tempo. A przecie\u017c warto wykorzysta\u0107 ten czas na duchowe przygotowanie do czekaj\u0105cych nas \u015bwi\u0105t. Na naszej adwentowej drodze Ko\u015bci&oacute;\u0142 zaprasza nas do czuwania razem z Maryj\u0105, do pog\u0142\u0119biana w czasie rorat nadziei na spotkanie z Panem. W dniach skupienia, rekolekcjach&nbsp; adwentowych i sakramencie pokuty mo\u017cemy przygotowa\u0107 nasze serca na spotkanie z Tym, kt&oacute;ry przychodzi i otworzy\u0107 je na potrzeby innych.\n<\/p>\n<p style=\"text-align: justify;\">\n\t<strong>2. Czekamy na rocznic<\/strong><strong>\u0119 Chrztu Polski. <\/strong>Rozpoczynaj\u0105cy si\u0119 Adwent wpisuje si\u0119 w inny czas oczekiwania, nieco d\u0142u\u017cszy, zwi\u0105zany&nbsp; z 1050. rocznic\u0105 Chrztu Polski. B\u0119dziemy j\u0105 prze\u017cywa\u0107 za trzy lata. To historyczne wydarzenie zapocz\u0105tkowa\u0142o nie tylko dzieje Ko\u015bcio\u0142a na ziemiach polskich, ale tak\u017ce przyczyni\u0142o si\u0119 do powstania zr\u0119b&oacute;w polskiej pa\u0144stwowo\u015bci. Od momentu przyj\u0119cia chrztu w 966 roku rozpocz\u0119\u0142y si\u0119 dzieje naszej ojczyzny. Chrzest Mieszka I po\u0142o\u017cy\u0142 stabilny fundament dla tworzonego przez niego pa\u0144stwa. Przede wszystkim jednak przyj\u0119cie chrze\u015bcija\u0144stwa spowodowa\u0142o wielki zwrot w wymiarze religijnym. Polacy zacz\u0119li odchodzi\u0107 od ba\u0142wochwalstwa, odcina\u0107 si\u0119 od barbarzy\u0144stwa i odrzuca\u0107 wielo\u017ce\u0144stwo. Na p\u0142aszczy\u017anie pa\u0144stwowej wprowadzono normy prawa rzymskiego. Jak\u017ce wa\u017cna jest tak\u017ce kulturotw&oacute;rcza rola Chrztu Polski, widoczna najbardziej w prowadzonych przez Ko\u015bci&oacute;\u0142 szko\u0142ach, znajduj\u0105ca sw&oacute;j wyraz m.in. w sztuce, muzyce, literaturze i architekturze.\n<\/p>\n<p style=\"text-align: justify;\">\n\t\u015awi\u0119towanie tej rocznicy jest wa\u017cne, ale nie mo\u017ce by\u0107 celem samym w sobie. Znajomo\u015b\u0107 naszej przesz\u0142o\u015bci pozwala odkrywa\u0107 i docenia\u0107 chrze\u015bcija\u0144skie korzenie, z kt&oacute;rych wyrastamy. S\u0142u\u017cy to patrzeniu na tera\u017aniejszo\u015b\u0107 przez pryzmat wiary w Boga, by w konsekwencji budowa\u0107 nasz\u0105 przysz\u0142o\u015b\u0107 na fundamencie do\u015bwiadczenia \u017cywego spotkania z Chrystusem. Chcemy, by wspomnienie historycznego wydarzenia o fundamentalnym znaczeniu dla chrze\u015bcija\u0144stwa i pa\u0144stwowo\u015bci na naszej ziemi, sta\u0142o si\u0119 impulsem do odnowienia i umocnienia naszej wiary.\n<\/p>\n<p style=\"text-align: justify;\">\n\tW ramach przygotowania do tego jubileuszu Konferencja Episkopatu Polski opracowa\u0142a program duszpasterski na lata 2013-2017, kt&oacute;rego mottem s\u0105 s\u0142owa: &bdquo;Przez Chrystusa, z Chrystusem, w Chrystusie. Przez wiar\u0119 i chrzest do \u015bwiadectwa&rdquo;. Program ten jest propozycj\u0105 duchowej drogi, prowadz\u0105cej do odnowienia przymierza chrzcielnego z Bogiem, do postawienia Boga w centrum naszego \u017cycia i do dawania \u015bwiadectwa wiary. Jest ono wa\u017cne w naszych rodzinach, wsp&oacute;lnotach, parafiach a zw\u0142aszcza wobec naszych si&oacute;str i braci, kt&oacute;rzy \u017cyj\u0105 ju\u017c tak, jakby Boga nie by\u0142o, dla kt&oacute;rych Adwent nie istnieje, bo nie maj\u0105 na co czeka\u0107. Chcemy najpierw ewangelizowa\u0107 samych siebie. Chcemy si\u0119 nawraca\u0107. Ale chcemy tak\u017ce dociera\u0107 z Dobr\u0105 Nowin\u0105 do tych, kt&oacute;rzy &ndash; jak m&oacute;wi Papie\u017c Franciszek &ndash; &bdquo;\u017cyj\u0105 na peryferiach&rdquo;.\n<\/p>\n<p style=\"text-align: justify;\">\n\t&nbsp;&nbsp;&nbsp;&nbsp;&nbsp;&nbsp;&nbsp;&nbsp;&nbsp;&nbsp;&nbsp; Rok pracy duszpasterskiej, kt&oacute;ry rozpoczynamy dzisiejsz\u0105 niedziel\u0105, prze\u017cywa\u0107 b\u0119dziemy pod has\u0142em: &bdquo;Wierz\u0119 w Syna Bo\u017cego&rdquo;. &bdquo;Wierzymy i wyznajemy, \u017ce Jezus z Nazaretu, (&hellip;) jest odwiecznym Synem Bo\u017cym, kt&oacute;ry sta\u0142 si\u0119 cz\u0142owiekiem&rdquo; (KKK 423). Wyznanie to jest fundamentem naszej wiary. Wierzymy Jezusowi, gdy przyjmujemy Jego S\u0142owo i spotykamy si\u0119 z Nim w sakramentach. Wierzymy w Jezusa, gdy przyjmujemy Go osobi\u015bcie w naszym \u017cyciu, w naszych rodzinach i w naszych \u015brodowiskach. Pozw&oacute;lmy Mu przemawia\u0107 do naszych serc i budzi\u0107 w nich t\u0119sknot\u0119 za tym, co prawdziwe, dobre i pi\u0119kne. A zatem pozw&oacute;lmy Mu, by nas prowadzi\u0142 drog\u0105 \u017cycia.\n<\/p>\n<p style=\"text-align: justify;\">\n\t<strong>3. Oczekujemy na kanonizacj<\/strong><strong>\u0119 Jana Paw\u0142a II. <\/strong>W rozpoczynaj\u0105cym si\u0119 roku duszpasterskim szczeg&oacute;lnym wydarzeniem b\u0119dzie kanonizacja dw&oacute;ch wielkich papie\u017cy Jana XXIII i Jana Paw\u0142a II. Z rado\u015bci\u0105 oczekujemy i przygotowujemy si\u0119 na og\u0142oszenie \u015bwi\u0119tym naszego wielkiego Rodaka.\n<\/p>\n<p style=\"text-align: justify;\">\n\tWielu z nas nale\u017cy do pokole\u0144, kt&oacute;rym dane by\u0142o do\u015bwiadczy\u0107 dzia\u0142ania mocy Bo\u017cej w tym niezwyk\u0142ym cz\u0142owieku. Jan Pawe\u0142 II konsekwentnie uczy\u0142 nas, \u017ce si\u0142a wiary zale\u017cy od otwarcia na dzia\u0142anie Ducha \u015awi\u0119tego. Sam ka\u017cdego dnia prosi\u0142 Ducha \u015awi\u0119tego o Jego dary. Praktyk\u0119 tej modlitwy wyni&oacute;s\u0142 z rodzinnego domu. Nauczy\u0142 si\u0119 jej od swojego ojca i by\u0142 jej wierny przez ca\u0142e \u017cycie. Wielokrotnie mogli\u015bmy si\u0119 przekona\u0107, jak B&oacute;g wys\u0142uchiwa\u0142 jego modlitwy, czyni\u0105c go narz\u0119dziem swej \u0142aski.\n<\/p>\n<p style=\"text-align: justify;\">\n\tW czasie pierwszej wizyty w Ojczy\u017anie, w ko\u015bciele w Wadowicach, Jan Pawe\u0142 II zatrzyma\u0142 si\u0119 przy chrzcielnicy i na kolanach dzi\u0119kowa\u0142 Bogu za dar nowego \u017cycia otrzymanego na chrzcie \u015bwi\u0119tym. W prosty spos&oacute;b pokaza\u0142 nam, jak bardzo potrzebne jest, by\u015bmy piel\u0119gnowali w sobie duchowo\u015b\u0107 chrzcieln\u0105. W 1988 roku pisa\u0142: &bdquo;W\u015br&oacute;d licznych \u017cyciowych odkry\u0107 nie mo\u017ce zabrakn\u0105\u0107 jednego, kt&oacute;re posiada podstawowe znaczenie dla ka\u017cdej ludzkiej istoty: osobistego odkrycia Jezusa Chrystusa. Odkrywanie Chrystusa wci\u0105\u017c od nowa i coraz lepiej, jest najwspanialsz\u0105 przygod\u0105 naszego \u017cycia. Ale nie wystarczy odkry\u0107 Go tylko raz jeden. Ka\u017cde bowiem odkrycie Go staje si\u0119 zach\u0119t\u0105 do tego, by jeszcze bardziej Go szuka\u0107 i coraz lepiej poznawa\u0107&rdquo; (<em>Or\u0119dzie na IV \u015awiatowy Dzie\u0144 M\u0142odzie\u017cy<\/em>, n. 1).\n<\/p>\n<p style=\"text-align: justify;\">\n\tW zako\u0144czonym przed tygodniem Roku Wiary u\u015bwiadamiali\u015bmy sobie, \u017ce wiara jest darem, ale tak\u017ce powa\u017cnym zadaniem. Nie mo\u017cemy poprzesta\u0107 na wzruszeniach. Nie mo\u017cemy tylko wspomina\u0107 przesz\u0142o\u015bci. Dlatego nie powinni\u015bmy ucieka\u0107 przed odpowiedzialno\u015bci\u0105 za przekaz wiary tym, kt&oacute;rzy id\u0105 z nami i przyjd\u0105 po nas. To jest najwi\u0119ksze wyzwanie, przed jakim stajemy. Postarajmy si\u0119 wype\u0142ni\u0107 to zadanie, poprzez kierowanie si\u0119 zasadami wiary, dawanie \u015bwiadectwa w najbli\u017cszym otoczeniu i obron\u0119 Ko\u015bcio\u0142a. Wiara musi przenika\u0107 nasze my\u015blenie i dzia\u0142anie, nasz\u0105 prac\u0119 nad sob\u0105 i apostolstwo. Do takiej odpowiedzialno\u015bci przygotowywa\u0142 nas Jan Pawe\u0142 II, &bdquo;b\u0142ogos\u0142awiony ze wzgl\u0119du na sw\u0105 wiar\u0119 mocn\u0105 i wielkoduszn\u0105, wiar\u0119 apostolsk\u0105 (por. <em>Homilia Benedykt XVI w czasie beatyfikacji Jana Paw\u0142a II<\/em>). Jego kanonizacja jest ostateczn\u0105 piecz\u0119ci\u0105, gwarantuj\u0105c\u0105 autentyczno\u015b\u0107 tego, czym sam \u017cy\u0142 i co nam proponowa\u0142. Od nas zale\u017cy, czy og\u0142oszenie \u015bwi\u0119tym tego \u015awiadka wiary zostawi w nas \u015blad, czy zaowocuje w naszych sercach i postawach \u017cyw\u0105 wiar\u0105, g\u0142\u0119bok\u0105 nadziej\u0105 i gor\u0105c\u0105 mi\u0142o\u015bci\u0105.\n<\/p>\n<p style=\"text-align: justify;\">\n\t&nbsp;&nbsp;&nbsp;&nbsp;&nbsp;&nbsp;&nbsp;&nbsp;&nbsp;&nbsp;&nbsp; Niech Naj\u015bwi\u0119tsza Maryja Panna Niepokalanie Pocz\u0119ta, kt&oacute;rej tak bardzo zaufa\u0142 b\u0142ogos\u0142awiony Jan Pawe\u0142 II, or\u0119duje za nami u swego Syna i wyprasza nam \u017cyw\u0105 wiar\u0119 i apostolski zapa\u0142.\n<\/p>\n<p style=\"text-align: justify;\">\n\t&nbsp;\n<\/p>\n<p style=\"text-align: justify;\">\n\tNa owocne prze\u017cywanie Adwentu wszystkim w ojczy\u017anie i przebywaj\u0105cym po za jej granicami z serca b\u0142ogos\u0142awimy.\n<\/p>\n<p style=\"text-align: justify;\">\n\t&nbsp;\n<\/p>\n<p style=\"text-align: justify;\">\n\tPodpisali: Kardyna\u0142owie, Arcybiskupi i Biskupi\n<\/p>\n<p style=\"text-align: justify;\">\n\tobecni na 363. Zebraniu Plenarnym\n<\/p>\n<p style=\"text-align: justify;\">\n\t&nbsp;Konferencji Episkopatu Polski w Warszawie\n<\/p>\n<p style=\"text-align: justify;\">\n\tw dniu 8 pa\u017adziernika 2013 r.\n<\/p>\n<p style=\"text-align: justify;\">\n\t&nbsp;\n<\/p>\n<p style=\"text-align: justify;\">\n\tList nale\u017cy odczyta\u0107 w I Niedziel\u0119 Adwentu, 1 grudnia 2013 r.<\/p>\n","protected":false},"excerpt":{"rendered":"<p>WIERZ\u0118 W SYNA BO\u017bEGO List Pasterski Episkopatu Polski na Adwent Roku Pa\u0144skiego 2013<span class=\"more-link\"><a href=\"https:\/\/parafiabesko.pl\/?p=1310\">Czytaj wi\u0119cej<\/a><\/span><\/p>\n","protected":false},"author":1,"featured_media":1311,"comment_status":"closed","ping_status":"open","sticky":false,"template":"","format":"standard","meta":{"footnotes":""},"categories":[6],"tags":[],"class_list":["entry","author-adminparafiibesko","has-more-link","post-1310","post","type-post","status-publish","format-standard","has-post-thumbnail","category-uncategorized"],"_links":{"self":[{"href":"https:\/\/parafiabesko.pl\/index.php?rest_route=\/wp\/v2\/posts\/1310","targetHints":{"allow":["GET"]}}],"collection":[{"href":"https:\/\/parafiabesko.pl\/index.php?rest_route=\/wp\/v2\/posts"}],"about":[{"href":"https:\/\/parafiabesko.pl\/index.php?rest_route=\/wp\/v2\/types\/post"}],"author":[{"embeddable":true,"href":"https:\/\/parafiabesko.pl\/index.php?rest_route=\/wp\/v2\/users\/1"}],"replies":[{"embeddable":true,"href":"https:\/\/parafiabesko.pl\/index.php?rest_route=%2Fwp%2Fv2%2Fcomments&post=1310"}],"version-history":[{"count":0,"href":"https:\/\/parafiabesko.pl\/index.php?rest_route=\/wp\/v2\/posts\/1310\/revisions"}],"wp:featuredmedia":[{"embeddable":true,"href":"https:\/\/parafiabesko.pl\/index.php?rest_route=\/"}],"wp:attachment":[{"href":"https:\/\/parafiabesko.pl\/index.php?rest_route=%2Fwp%2Fv2%2Fmedia&parent=1310"}],"wp:term":[{"taxonomy":"category","embeddable":true,"href":"https:\/\/parafiabesko.pl\/index.php?rest_route=%2Fwp%2Fv2%2Fcategories&post=1310"},{"taxonomy":"post_tag","embeddable":true,"href":"https:\/\/parafiabesko.pl\/index.php?rest_route=%2Fwp%2Fv2%2Ftags&post=1310"}],"curies":[{"name":"wp","href":"https:\/\/api.w.org\/{rel}","templated":true}]}}