{"id":1300,"date":"2013-11-24T19:26:55","date_gmt":"2013-11-24T19:26:55","guid":{"rendered":"http:\/\/parafiabesko.pl\/?p=1300"},"modified":"2013-11-24T19:26:55","modified_gmt":"2013-11-24T19:26:55","slug":"ogloszenia-24-11-2013","status":"publish","type":"post","link":"https:\/\/parafiabesko.pl\/?p=1300","title":{"rendered":"Og\u0142oszenia 24.11.2013"},"content":{"rendered":"<p>\n\t1.&nbsp;&nbsp; Dzisiaj Uroczysto\u015b\u0107 Chrystusa Kr&oacute;la &ndash; ostatnia niedziela roku liturgicznego i zako\u0144czenie Roku Wiary. Po sumie adoracja Naj\u015bwi\u0119tszego Sakramentu.\n<\/p>\n<p><!--more--><\/p>\n<p>\n\t2.&nbsp;&nbsp; Dzisiaj w &nbsp;kaplicy u si&oacute;str felicjanek adoracja Naj\u015bwi\u0119tszego Sakramentu od godziny 8.00 do 15.00. Siostry serdecznie zapraszaj\u0105 na wsp&oacute;ln\u0105 modlitw\u0119.\n<\/p>\n<p>\n\t3. &nbsp;Nabo\u017ce\u0144stwo wspominkowe w dni powszednie po Mszy \u015bwi\u0119tej wieczorowej, a w niedziel\u0119 o godzinie 16.00.\n<\/p>\n<p>\n\t4. We czwartek Odnowa w Duchu \u015bwi\u0119tym zaprasza po Mszy \u015bwi\u0119tej wieczorowej na adoracj\u0119 Naj\u015bwi\u0119tszego sakramentu.\n<\/p>\n<p>\n\t5. &nbsp;W przysz\u0142\u0105 niedziel\u0119 rozpoczyna si\u0119 Adwent. O godzinie 6.00 Godzinki po nich o 6.30 Msza \u015bwi\u0119ta. Pozosta\u0142e Msze \u015bwi\u0119te: 9.15, 11.00 i 16.30. Jest to niedziela adoracyjna, od godziny 12.00 do 16.00 prywatna adoracja rodzin. O godzinie 16.00 nabo\u017ce\u0144stwo r&oacute;\u017ca\u0144cowe i zmiana tajemnic, adoruje r&oacute;\u017ca Kazimiery Mikosz.\n<\/p>\n<p>\n\t6. Dzi\u0119kujemy za z\u0142o\u017cone ofiary na ogrzewanie ko\u015bcio\u0142a. B&oacute;g zap\u0142a\u0107!\n<\/p>\n<p>\n\t7. Parafialny Oddzia\u0142 Akcji Katolickiej w Besku og\u0142asza, \u017ce Biblioteka parafialna od dzisiejszej niedzieli czynna jest w niedziel\u0119 po Mszy \u015bwi\u0119tej o godzinie 9.15. Zach\u0119camy Parafian do korzystania z biblioteki, gdzie znajduje si\u0119 ponad 1200 warto\u015bciowych ksi\u0105\u017cek.<\/p>\n","protected":false},"excerpt":{"rendered":"<p>1.&nbsp;&nbsp; Dzisiaj Uroczysto\u015b\u0107 Chrystusa Kr&oacute;la &ndash; ostatnia niedziela roku liturgicznego i zako\u0144czenie Roku Wiary. Po sumie adoracja Naj\u015bwi\u0119tszego Sakramentu.<span class=\"more-link\"><a href=\"https:\/\/parafiabesko.pl\/?p=1300\">Czytaj wi\u0119cej<\/a><\/span><\/p>\n","protected":false},"author":1,"featured_media":1059,"comment_status":"closed","ping_status":"open","sticky":false,"template":"","format":"standard","meta":{"footnotes":""},"categories":[7],"tags":[],"class_list":["entry","author-adminparafiibesko","has-more-link","post-1300","post","type-post","status-publish","format-standard","has-post-thumbnail","category-ogloszenia-parafialne"],"_links":{"self":[{"href":"https:\/\/parafiabesko.pl\/index.php?rest_route=\/wp\/v2\/posts\/1300","targetHints":{"allow":["GET"]}}],"collection":[{"href":"https:\/\/parafiabesko.pl\/index.php?rest_route=\/wp\/v2\/posts"}],"about":[{"href":"https:\/\/parafiabesko.pl\/index.php?rest_route=\/wp\/v2\/types\/post"}],"author":[{"embeddable":true,"href":"https:\/\/parafiabesko.pl\/index.php?rest_route=\/wp\/v2\/users\/1"}],"replies":[{"embeddable":true,"href":"https:\/\/parafiabesko.pl\/index.php?rest_route=%2Fwp%2Fv2%2Fcomments&post=1300"}],"version-history":[{"count":0,"href":"https:\/\/parafiabesko.pl\/index.php?rest_route=\/wp\/v2\/posts\/1300\/revisions"}],"wp:featuredmedia":[{"embeddable":true,"href":"https:\/\/parafiabesko.pl\/index.php?rest_route=\/"}],"wp:attachment":[{"href":"https:\/\/parafiabesko.pl\/index.php?rest_route=%2Fwp%2Fv2%2Fmedia&parent=1300"}],"wp:term":[{"taxonomy":"category","embeddable":true,"href":"https:\/\/parafiabesko.pl\/index.php?rest_route=%2Fwp%2Fv2%2Fcategories&post=1300"},{"taxonomy":"post_tag","embeddable":true,"href":"https:\/\/parafiabesko.pl\/index.php?rest_route=%2Fwp%2Fv2%2Ftags&post=1300"}],"curies":[{"name":"wp","href":"https:\/\/api.w.org\/{rel}","templated":true}]}}