{"id":1291,"date":"2013-11-17T20:04:25","date_gmt":"2013-11-17T20:04:25","guid":{"rendered":"http:\/\/parafiabesko.pl\/?p=1291"},"modified":"2013-11-17T20:04:25","modified_gmt":"2013-11-17T20:04:25","slug":"ogloszenia-17-11-2013","status":"publish","type":"post","link":"https:\/\/parafiabesko.pl\/?p=1291","title":{"rendered":"Og\u0142oszenia 17.11.2013"},"content":{"rendered":"<p style=\"text-align: justify;\">\n\t1. Komunikat\n<\/p>\n<p style=\"text-align: justify;\">\n\tW&nbsp; odpowiedzi&nbsp; na&nbsp; apel&nbsp; Ojca&nbsp; \u015awi\u0119tego&nbsp; Franciszka&nbsp; o modlitw\u0119&nbsp; i pomoc&nbsp; dla&nbsp; ofiar tajfunu&nbsp; Haiynan,&nbsp; zach\u0119cam&nbsp; do&nbsp; wyra\u017cenia&nbsp; solidarno\u015bci&nbsp; z poszkodowanymi&nbsp; na Filipinach.&nbsp; Skutki&nbsp; tragedii&nbsp; s\u0105&nbsp; ogromne,&nbsp; prawie&nbsp; 10&nbsp; milion&oacute;w&nbsp; mieszka\u0144c&oacute;w&nbsp; wymaga natychmiastowej&nbsp; pomocy,&nbsp; a wielu&nbsp; z nich&nbsp; elementarnych&nbsp; \u015brodk&oacute;w,&nbsp; niezb\u0119dnych&nbsp; do prze\u017cycia.&nbsp;&nbsp;&nbsp; Caritas&nbsp; Polska,&nbsp; dzi\u0119ki&nbsp; ofiarno\u015bci&nbsp; wiernych&nbsp; nie&nbsp; pierwszy&nbsp; raz&nbsp; wspiera Filipi\u0144czyk&oacute;w. Dwa lata temu po przej\u015bciu tajfunu Mindanao, kt&oacute;ry zniszczy\u0142&nbsp; region Cagayan&nbsp; de&nbsp; Oro&nbsp; zorganizowano&nbsp; zbi&oacute;rk\u0119,&nbsp; dzi\u0119ki&nbsp; kt&oacute;rej&nbsp; wielu&nbsp; filipi\u0144skim&nbsp; rodzinom zdo\u0142ano&nbsp; odbudowa\u0107&nbsp; zniszczone&nbsp; domy.&nbsp; Tym&nbsp; razem,&nbsp; ju\u017c&nbsp; 11&nbsp; listopada&nbsp; br.&nbsp; zosta\u0142a przekazana&nbsp; kwota&nbsp; 50&nbsp; tysi\u0119cy&nbsp; EURO&nbsp; na&nbsp; wod\u0119&nbsp; pitn\u0105&nbsp; i dora\u017an\u0105&nbsp; pomoc&nbsp; \u017cywno\u015bciow\u0105. Gor\u0105co&nbsp; zach\u0119cam,&nbsp; aby&nbsp; niedziela&nbsp; 17 listopada&nbsp; 2013&nbsp; r.&nbsp; sta\u0142a&nbsp; si\u0119&nbsp; dniem&nbsp; og&oacute;lnopolskiej modlitwy&nbsp; i duchowej&nbsp; jedno\u015bci&nbsp; z cierpi\u0105cymi&nbsp; mieszka\u0144cami&nbsp; Filipin.&nbsp; Konkretne wsparcie&nbsp; postarajmy&nbsp; si\u0119&nbsp; wyrazi\u0107&nbsp; poprzez&nbsp; zbi&oacute;rk\u0119&nbsp; do&nbsp; puszek&nbsp; w naszych&nbsp; \u015bwi\u0105tyniach. Dzia\u0142ania&nbsp; Caritas&nbsp; Polska&nbsp; mo\u017cna&nbsp; tak\u017ce&nbsp; wesprze\u0107,&nbsp; wysy\u0142aj\u0105c&nbsp; SMS&nbsp; charytatywny na&nbsp; numer&nbsp; 72052&nbsp; z has\u0142em:&nbsp; POMAGAM.&nbsp; Wyra\u017cam&nbsp; wdzi\u0119czno\u015b\u0107&nbsp; za&nbsp; ka\u017cdy&nbsp; gest mi\u0142osierdzia&nbsp; wobec&nbsp; cierpi\u0105cych&nbsp; i wsparcie&nbsp; w duchu&nbsp; chrze\u015bcija\u0144skiej&nbsp; solidarno\u015bci.\n<\/p>\n<p><!--more--><\/p>\n<p style=\"text-align: justify;\">\n\tPrzesy\u0142am braterskie pozdrowienie w Chrystusie.\n<\/p>\n<p style=\"text-align: justify;\">\n\t+J&oacute;zef Michalik Metropolita Przemyski\n<\/p>\n<p style=\"text-align: justify;\">\n\tDzisiaj po Mszach \u015bwi\u0119tych zbi&oacute;rka do puszki na pomoc dla pokrzywdzonych przez huragan.\n<\/p>\n<p style=\"text-align: justify;\">\n\t2.&nbsp; Dzisiaj po wieczorowej Mszy \u015bwi\u0119tej spotkanie Akcji Katolickiej.\n<\/p>\n<p style=\"text-align: justify;\">\n\t3.&nbsp; W&nbsp; poniedzia\u0142ek&nbsp; Mszy&nbsp; \u015bwi\u0119tej&nbsp; wieczorowej&nbsp; nie&nbsp; b\u0119dzie&nbsp; ze&nbsp; wzgl\u0119du&nbsp; na&nbsp; modlitw\u0119 wszystkich ksi\u0119\u017cy pracuj\u0105cych w naszym dekanacie za zmar\u0142ych kap\u0142an&oacute;w z dekanatu &ndash; ko\u015bcio\u0142em stacyjnym jest Trze\u015bni&oacute;w.\n<\/p>\n<p style=\"text-align: justify;\">\n\t4.&nbsp; W najbli\u017csz\u0105 \u015brod\u0119 po Mszy \u015bwi\u0119tej wieczorowej o godzinie 17.30 spotkanie Rady Parafialnej podsumuj\u0105ce prace w ko\u015bciele parafialnym w Besku&nbsp; w roku 2013.\n<\/p>\n<p style=\"text-align: justify;\">\n\t5. Nabo\u017ce\u0144stwo wspominkowe w dni powszednie po Mszy \u015bwi\u0119tej wieczorowej, a w niedziel\u0119 o godzinie 16.20.\n<\/p>\n<p style=\"text-align: justify;\">\n\t7.&nbsp; Za&nbsp; tydzie\u0144&nbsp; uroczysto\u015b\u0107&nbsp; Chrystusa&nbsp; Kr&oacute;la&nbsp; &ndash;&nbsp; ostatnia&nbsp; niedziela&nbsp; roku&nbsp; liturgicznego i&nbsp; zako\u0144czenie&nbsp; Roku&nbsp; Wiary.&nbsp; W&nbsp; kaplicy&nbsp; si&oacute;str&nbsp; felicjanek&nbsp; od&nbsp; godziny&nbsp; 8.00&nbsp; do&nbsp; 15.00 adoracja Naj\u015bwi\u0119tszego Sakramentu. Siostry zapraszaj\u0105 na wsp&oacute;ln\u0105 modlitw\u0119.<\/p>\n","protected":false},"excerpt":{"rendered":"<p>1. Komunikat W&nbsp; odpowiedzi&nbsp; na&nbsp; apel&nbsp; Ojca&nbsp; \u015awi\u0119tego&nbsp; Franciszka&nbsp; o modlitw\u0119&nbsp; i pomoc&nbsp; dla&nbsp; ofiar tajfunu&nbsp; Haiynan,&nbsp; zach\u0119cam&nbsp; do&nbsp; wyra\u017cenia&nbsp; solidarno\u015bci&nbsp; z poszkodowanymi&nbsp; na Filipinach.&nbsp; Skutki&nbsp; tragedii&nbsp; s\u0105&nbsp; ogromne,&nbsp; prawie&nbsp; 10&nbsp; milion&oacute;w&nbsp; mieszka\u0144c&oacute;w&nbsp; wymaga natychmiastowej&nbsp; pomocy,&nbsp; a wielu&nbsp; z nich&nbsp; elementarnych&nbsp; \u015brodk&oacute;w,&nbsp; niezb\u0119dnych&nbsp; do prze\u017cycia.&nbsp;&nbsp;&nbsp; Caritas&nbsp; Polska,&nbsp; dzi\u0119ki&nbsp; ofiarno\u015bci&nbsp; wiernych&nbsp;<span class=\"more-link\"><a href=\"https:\/\/parafiabesko.pl\/?p=1291\">Czytaj wi\u0119cej<\/a><\/span><\/p>\n","protected":false},"author":1,"featured_media":1059,"comment_status":"closed","ping_status":"open","sticky":false,"template":"","format":"standard","meta":{"footnotes":""},"categories":[7],"tags":[],"class_list":["entry","author-adminparafiibesko","has-more-link","post-1291","post","type-post","status-publish","format-standard","has-post-thumbnail","category-ogloszenia-parafialne"],"_links":{"self":[{"href":"https:\/\/parafiabesko.pl\/index.php?rest_route=\/wp\/v2\/posts\/1291","targetHints":{"allow":["GET"]}}],"collection":[{"href":"https:\/\/parafiabesko.pl\/index.php?rest_route=\/wp\/v2\/posts"}],"about":[{"href":"https:\/\/parafiabesko.pl\/index.php?rest_route=\/wp\/v2\/types\/post"}],"author":[{"embeddable":true,"href":"https:\/\/parafiabesko.pl\/index.php?rest_route=\/wp\/v2\/users\/1"}],"replies":[{"embeddable":true,"href":"https:\/\/parafiabesko.pl\/index.php?rest_route=%2Fwp%2Fv2%2Fcomments&post=1291"}],"version-history":[{"count":0,"href":"https:\/\/parafiabesko.pl\/index.php?rest_route=\/wp\/v2\/posts\/1291\/revisions"}],"wp:featuredmedia":[{"embeddable":true,"href":"https:\/\/parafiabesko.pl\/index.php?rest_route=\/"}],"wp:attachment":[{"href":"https:\/\/parafiabesko.pl\/index.php?rest_route=%2Fwp%2Fv2%2Fmedia&parent=1291"}],"wp:term":[{"taxonomy":"category","embeddable":true,"href":"https:\/\/parafiabesko.pl\/index.php?rest_route=%2Fwp%2Fv2%2Fcategories&post=1291"},{"taxonomy":"post_tag","embeddable":true,"href":"https:\/\/parafiabesko.pl\/index.php?rest_route=%2Fwp%2Fv2%2Ftags&post=1291"}],"curies":[{"name":"wp","href":"https:\/\/api.w.org\/{rel}","templated":true}]}}