{"id":1276,"date":"2013-11-10T08:05:49","date_gmt":"2013-11-10T08:05:49","guid":{"rendered":"http:\/\/parafiabesko.pl\/?p=1276"},"modified":"2013-11-10T08:05:49","modified_gmt":"2013-11-10T08:05:49","slug":"ogloszenia-27-10-2013-2","status":"publish","type":"post","link":"https:\/\/parafiabesko.pl\/?p=1276","title":{"rendered":"Og\u0142oszenia 10.11.2013"},"content":{"rendered":"<p style=\"text-align: justify;\">\n\t1.&nbsp;&nbsp; Jutro 11 listopada Narodowe \u015awi\u0119to Niepodleg\u0142o\u015bci. Dzie\u0144 wdzi\u0119czno\u015bci za wielokrotnie odzyskiwan\u0105 niepodleg\u0142o\u015b\u0107. Zapraszamy na Msz\u0119 \u015bwi\u0119t\u0105 o godzinie 10.00 &nbsp;i &nbsp;Apel poleg\u0142ych na parafialnym cmentarzu w Besku.\n<\/p>\n<p><!--more--><\/p>\n<p style=\"text-align: justify;\">\n\t2. &nbsp;We wtorek 12 listopada Mszy \u015bwi\u0119tej wieczorowej nie b\u0119dzie ze wzgl\u0119du na Rejonow\u0105 Kongregacj\u0119 Kap\u0142a\u0144sk\u0105 w Sanoku.\n<\/p>\n<p style=\"text-align: justify;\">\n\t&nbsp;3. Na stoliku pod ch&oacute;rem s\u0105 wy\u0142o\u017cone kartki wspominkowe&nbsp; na kt&oacute;rych wpisujemy rodzin\u0119, kt&oacute;ra imienne poleca swoich bliskich zmar\u0142ych. W miesi\u0105cu listopadzie&nbsp; modlimy si\u0119 w \u015bwi\u0105tyni za tych zmar\u0142ych w modlitwie wspominkowej. Wype\u0142nione kartki wspominkowe sk\u0142adamy u ksi\u0119\u017cy wikariuszy. Nabo\u017ce\u0144stwo wspominkowe w dni powszednie po Mszy \u015bwi\u0119tej wieczorowej, a w niedziel\u0119 o godzinie 16.00.\n<\/p>\n<p style=\"text-align: justify;\">\n\t4. &nbsp;W tym tygodniu b\u0119dzie sk\u0142adka po domach na ogrzewanie ko\u015bcio\u0142a.<\/p>\n","protected":false},"excerpt":{"rendered":"<p>1.&nbsp;&nbsp; Jutro 11 listopada Narodowe \u015awi\u0119to Niepodleg\u0142o\u015bci. Dzie\u0144 wdzi\u0119czno\u015bci za wielokrotnie odzyskiwan\u0105 niepodleg\u0142o\u015b\u0107. Zapraszamy na Msz\u0119 \u015bwi\u0119t\u0105 o godzinie 10.00 &nbsp;i &nbsp;Apel poleg\u0142ych na parafialnym cmentarzu w Besku.<span class=\"more-link\"><a href=\"https:\/\/parafiabesko.pl\/?p=1276\">Czytaj wi\u0119cej<\/a><\/span><\/p>\n","protected":false},"author":1,"featured_media":1059,"comment_status":"closed","ping_status":"open","sticky":false,"template":"","format":"standard","meta":{"footnotes":""},"categories":[7],"tags":[],"class_list":["entry","author-adminparafiibesko","has-more-link","post-1276","post","type-post","status-publish","format-standard","has-post-thumbnail","category-ogloszenia-parafialne"],"_links":{"self":[{"href":"https:\/\/parafiabesko.pl\/index.php?rest_route=\/wp\/v2\/posts\/1276","targetHints":{"allow":["GET"]}}],"collection":[{"href":"https:\/\/parafiabesko.pl\/index.php?rest_route=\/wp\/v2\/posts"}],"about":[{"href":"https:\/\/parafiabesko.pl\/index.php?rest_route=\/wp\/v2\/types\/post"}],"author":[{"embeddable":true,"href":"https:\/\/parafiabesko.pl\/index.php?rest_route=\/wp\/v2\/users\/1"}],"replies":[{"embeddable":true,"href":"https:\/\/parafiabesko.pl\/index.php?rest_route=%2Fwp%2Fv2%2Fcomments&post=1276"}],"version-history":[{"count":0,"href":"https:\/\/parafiabesko.pl\/index.php?rest_route=\/wp\/v2\/posts\/1276\/revisions"}],"wp:featuredmedia":[{"embeddable":true,"href":"https:\/\/parafiabesko.pl\/index.php?rest_route=\/"}],"wp:attachment":[{"href":"https:\/\/parafiabesko.pl\/index.php?rest_route=%2Fwp%2Fv2%2Fmedia&parent=1276"}],"wp:term":[{"taxonomy":"category","embeddable":true,"href":"https:\/\/parafiabesko.pl\/index.php?rest_route=%2Fwp%2Fv2%2Fcategories&post=1276"},{"taxonomy":"post_tag","embeddable":true,"href":"https:\/\/parafiabesko.pl\/index.php?rest_route=%2Fwp%2Fv2%2Ftags&post=1276"}],"curies":[{"name":"wp","href":"https:\/\/api.w.org\/{rel}","templated":true}]}}