{"id":1267,"date":"2013-10-27T19:16:56","date_gmt":"2013-10-27T19:16:56","guid":{"rendered":"http:\/\/parafiabesko.pl\/?p=1267"},"modified":"2013-10-27T19:16:56","modified_gmt":"2013-10-27T19:16:56","slug":"ogloszenia-27-10-2013","status":"publish","type":"post","link":"https:\/\/parafiabesko.pl\/?p=1267","title":{"rendered":"Og\u0142oszenia 27.10.2013"},"content":{"rendered":"<p style=\"text-align: justify;\">\n\t1. Dzisiaj po Mszach \u015bwi\u0119tych mo\u017cna naby\u0107 kartki wspominkowe&nbsp; na kt&oacute;rych wpisujemy rodzin\u0119, kt&oacute;ra imienne poleca swoich bliskich zmar\u0142ych. W miesi\u0105cu listopadzie b\u0119dziemy w \u015bwi\u0105tyni wspomina\u0107 tych zmar\u0142ych w modlitwie wspominkowej. Za zmar\u0142ych polecanych w &bdquo;Wypominkach&rdquo; zostan\u0105 odprawione 4 Msze \u015bwi\u0119te. Wype\u0142nione kartki wspominkowe sk\u0142adamy u ksi\u0119\u017cy wikariuszy. W ko\u015bcio\u0142ach filialnych nabo\u017ce\u0144stwo wspominkowe po niedzielnych Mszach \u015bwi\u0119tych,\n<\/p>\n<p><!--more--><\/p>\n<p style=\"text-align: justify;\">\n\t2. Nabo\u017ce\u0144stwo r&oacute;\u017ca\u0144cowe w dni powszednie o godzinie 17.00, a w niedziel\u0119 o godzinie 16.00. Zach\u0119camy dzieci, m\u0142odzie\u017c i doros\u0142ych do udzia\u0142u w modlitwie r&oacute;\u017ca\u0144cowej. Tradycyjnie jest organizowany konkurs dla dzieci z losowaniem figurek Matki Bo\u017cej. W czwartek zako\u0144czenie nabo\u017ce\u0144stw r&oacute;\u017ca\u0144cowych.\n<\/p>\n<p style=\"text-align: justify;\">\n\t3. Spowied\u017a przed <strong>\u015awi\u0119tem Zmar\u0142ych<\/strong>:\n<\/p>\n<p style=\"text-align: justify;\">\n\t&#8211; Por\u0119by w \u015brod\u0119 od godziny 15.00 do 16.00 spowiada trzech ksi\u0119\u017cy,\n<\/p>\n<p style=\"text-align: justify;\">\n\t&#8211; Mymoniu we czwartek od godziny 15.00 do 16.00 spowiada trzech ksi\u0119\u017cy,\n<\/p>\n<p style=\"text-align: justify;\">\n\t&#8211; Besko w czwartek od godziny 16.00 spowiada trzech ksi\u0119\u017cy. Zach\u0119camy, aby Parafianie skorzystali ze spowiedzi \u015bwi\u0119tej, a dary duchowe jak Komunia \u015bwi\u0119ta i odpusty ofiarowali za zmar\u0142ych.\n<\/p>\n<p style=\"text-align: justify;\">\n\t5. W czwartek po wieczornej Mszy \u015bwi\u0119tej adoracja Naj\u015bwi\u0119tszego Sakramentu na kt&oacute;r\u0105 zaprasza Odnowa w Duchu \u015bwi\u0119tym\n<\/p>\n<p style=\"text-align: justify;\">\n\t6. W pi\u0105tek 1 listopada Uroczysto\u015b\u0107 Wszystkich \u015awi\u0119tych. Porz\u0105dek Mszy \u015bwi\u0119tych w Besku: 7.30, 9.15, 11.00. Zapraszamy po po\u0142udniu na godzinie 14.00 w ko\u015bciele Msza \u015bwi\u0119ta za zmar\u0142ych Parafian, a&nbsp; po niej \u017ca\u0142obna procesja na cmentarz.\n<\/p>\n<p style=\"text-align: justify;\">\n\tKo\u015bcio\u0142y filialne:\n<\/p>\n<p style=\"text-align: justify;\">\n\t&#8211; Mymo\u0144&nbsp; &#8211; 8.30 Msza \u015bwi\u0119ta\n<\/p>\n<p style=\"text-align: justify;\">\n\t&#8211; Por\u0119by &#8211; 10.00 Msza \u015bwi\u0119ta.\n<\/p>\n<p style=\"text-align: justify;\">\n\t7. Tradycyjne w Uroczysto\u015b\u0107 Wszystkich \u015awi\u0119tych przed cmentarzem parafialnym w Besku zbierane s\u0105 ofiary na PCK w Besku i Fundacj\u0119 &bdquo;Wzrastanie&rdquo;.\n<\/p>\n<p style=\"text-align: justify;\">\n\t8. Z racji, \u017ce w I pi\u0105tek miesi\u0105ca przypada Uroczysto\u015b\u0107 Wszystkich \u015awi\u0119tych w listopadzie nie b\u0119dzie odwiedzin chorych w domach. Chorzy mog\u0105 w tym dniu przyj\u0105\u0107 Komuni\u0119 \u015bwi\u0119t\u0105 dochowo.\n<\/p>\n<p style=\"text-align: justify;\">\n\t9. Miesi\u0105c listopad, zw\u0142aszcza pierwsze jego dni stanowi\u0105 okazj\u0119 do uzyskania odpustu zupe\u0142nego i ofiarowania go za zmar\u0142ych. Uzyskiwanie odpust&oacute;w przez wiernych w Ko\u015bciele katolickim ma wielowiekow\u0105 ju\u017c tradycj\u0119. Odpust zupe\u0142ny jest to darowanie cz\u0142owiekowi przez Boga wszystkich kar doczesnych, nale\u017cnych za grzechy odpuszczone ju\u017c co do winy w sakramencie pokuty. Kto uzyska odpust zupe\u0142ny dla siebie uniknie kar czy\u015b\u0107cowych. Kto uzyska odpust zupe\u0142ny za zmar\u0142ych &#8211; ratuje dusze z czy\u015b\u0107ca. Oto okoliczno\u015bci umo\u017cliwiaj\u0105ce uzyskanie odpustu w najbli\u017cszych dniach:\n<\/p>\n<p style=\"text-align: justify;\">\n\tWierni, kt&oacute;rzy nawiedz\u0105 ko\u015bci&oacute;\u0142, kaplic\u0119 publiczn\u0105, lub p&oacute;\u0142publiczn\u0105 1 listopada od po\u0142udnia i przez ca\u0142y Dzie\u0144 Zaduszny, mog\u0105 dost\u0105pi\u0107 odpustu zupe\u0142nego za zmar\u0142ych. Mo\u017cna go uzyska\u0107 tylko jeden raz w ci\u0105gu dnia. Wierni, kt&oacute;rzy nawiedz\u0105 cmentarz i pomodl\u0105 si\u0119 mog\u0105 uzyska\u0107 odpust za zmar\u0142ych. Odpust jest zupe\u0142ny od 1 do 8 listopada, natomiast w inne dni roku jest cz\u0105stkowy.\n<\/p>\n<p style=\"text-align: justify;\">\n\tWarunki uzyskania odpustu s\u0105 nast\u0119puj\u0105ce:\n<\/p>\n<p style=\"text-align: justify;\">\n\tWykonanie powy\u017cszych czynno\u015bci obdarzonych odpustem\n<\/p>\n<p style=\"text-align: justify;\">\n\tWykluczenie wszelkiego przywi\u0105zania do jakiegokolwiek grzechu, nawet powszedniego (je\u017celi jest brak pe\u0142nej dyspozycji wykluczenia upodobania do jakiegokolwiek grzechu, odpust b\u0119dzie tylko cz\u0105stkowy\n<\/p>\n<p style=\"text-align: justify;\">\n\tSpe\u0142nienie trzech warunk&oacute;w:\n<\/p>\n<p style=\"text-align: justify;\">\n\t1.spowied\u017a sakramentalna lub bycie w stanie \u0142aski u\u015bwi\u0119caj\u0105ce\n<\/p>\n<p style=\"text-align: justify;\">\n\t2.przyj\u0119cie Komunii \u015awi\u0119tej\n<\/p>\n<p style=\"text-align: justify;\">\n\t3.odm&oacute;wienie Ojcze nasz&#8230;. Wierz\u0119&#8230; i modlitwy w intencjach Ojca \u015awi\u0119tego.\n<\/p>\n<p style=\"text-align: justify;\">\n\tWA\u017bNE: Trzy warunki: spowied\u017a, Komunia \u015bw. i modlitwy mog\u0105 by\u0107 dope\u0142nione w ci\u0105gu wielu dni przed lub po wype\u0142nieniu danej czynno\u015bci nagradzanej otrzymaniem odpustu, ale musi by\u0107 mi\u0119dzy nimi \u0142\u0105czno\u015b\u0107. Po jednej spowiedzi sakramentalnej mo\u017cna uzyska\u0107 wiele odpust&oacute;w zupe\u0142nych, a po jednej Komunii \u015bw. i jednej modlitwie mo\u017cna uzyska\u0107 tylko jeden odpust zupe\u0142ny.\n<\/p>\n<p style=\"text-align: justify;\">\n\t10. W sobot\u0119 2 listopada <strong>Wspomnienie Wszystkich Wiernych Zmar\u0142ych<\/strong>&nbsp; &#8211; Dzie\u0144 Zaduszny. Porz\u0105dek nabo\u017ce\u0144stw w Besku:\n<\/p>\n<p style=\"text-align: justify;\">\n\t&#8211; 7.00 Msza \u015bwi\u0119ta i nabo\u017ce\u0144stwo wspominkowe\n<\/p>\n<p style=\"text-align: justify;\">\n\t&#8211; 8.00 Msza \u015bwi\u0119ta i nabo\u017ce\u0144stwo wspominkowe\n<\/p>\n<p style=\"text-align: justify;\">\n\t&#8211; 17.00 Msza \u015bwi\u0119ta i nabo\u017ce\u0144stwo wspominkowe\n<\/p>\n<p style=\"text-align: justify;\">\n\tKo\u015bcio\u0142y filialne:\n<\/p>\n<p style=\"text-align: justify;\">\n\t&#8211; Por\u0119by &#8211; godz. 16.00 Msza \u015bwi\u0119ta i nabo\u017ce\u0144stwo wspominkowe\n<\/p>\n<p style=\"text-align: justify;\">\n\t&#8211; Mymo\u0144 &#8211; godz. 16.00&nbsp; \u017ba\u0142obna procesja na cmentarz i Msza \u015bwi\u0119ta\n<\/p>\n<p style=\"text-align: justify;\">\n\t9. W najbli\u017csz\u0105 niedziel\u0119 &ndash; Niedziela Adoracyjna od godziny 12.00 do 16.00 &ndash; prywatna adoracja rodzin, o godzinie 16.00 nabo\u017ce\u0144stwo r&oacute;\u017ca\u0144cowe i zmiana tajemnic adoruje r&oacute;\u017ca Kolanko Stanis\u0142awy.\n<\/p>\n<p style=\"text-align: justify;\">\n\t10. Dzi\u0119kujemy za ofiary z\u0142o\u017cone od rodzin na prace w naszej Parafii.<\/p>\n","protected":false},"excerpt":{"rendered":"<p>1. Dzisiaj po Mszach \u015bwi\u0119tych mo\u017cna naby\u0107 kartki wspominkowe&nbsp; na kt&oacute;rych wpisujemy rodzin\u0119, kt&oacute;ra imienne poleca swoich bliskich zmar\u0142ych. W miesi\u0105cu listopadzie b\u0119dziemy w \u015bwi\u0105tyni wspomina\u0107 tych zmar\u0142ych w modlitwie wspominkowej. Za zmar\u0142ych polecanych w &bdquo;Wypominkach&rdquo; zostan\u0105 odprawione 4 Msze \u015bwi\u0119te. Wype\u0142nione kartki wspominkowe sk\u0142adamy u ksi\u0119\u017cy wikariuszy. W ko\u015bcio\u0142ach<span class=\"more-link\"><a href=\"https:\/\/parafiabesko.pl\/?p=1267\">Czytaj wi\u0119cej<\/a><\/span><\/p>\n","protected":false},"author":1,"featured_media":1059,"comment_status":"closed","ping_status":"open","sticky":false,"template":"","format":"standard","meta":{"footnotes":""},"categories":[7],"tags":[],"class_list":["entry","author-adminparafiibesko","has-more-link","post-1267","post","type-post","status-publish","format-standard","has-post-thumbnail","category-ogloszenia-parafialne"],"_links":{"self":[{"href":"https:\/\/parafiabesko.pl\/index.php?rest_route=\/wp\/v2\/posts\/1267","targetHints":{"allow":["GET"]}}],"collection":[{"href":"https:\/\/parafiabesko.pl\/index.php?rest_route=\/wp\/v2\/posts"}],"about":[{"href":"https:\/\/parafiabesko.pl\/index.php?rest_route=\/wp\/v2\/types\/post"}],"author":[{"embeddable":true,"href":"https:\/\/parafiabesko.pl\/index.php?rest_route=\/wp\/v2\/users\/1"}],"replies":[{"embeddable":true,"href":"https:\/\/parafiabesko.pl\/index.php?rest_route=%2Fwp%2Fv2%2Fcomments&post=1267"}],"version-history":[{"count":0,"href":"https:\/\/parafiabesko.pl\/index.php?rest_route=\/wp\/v2\/posts\/1267\/revisions"}],"wp:featuredmedia":[{"embeddable":true,"href":"https:\/\/parafiabesko.pl\/index.php?rest_route=\/"}],"wp:attachment":[{"href":"https:\/\/parafiabesko.pl\/index.php?rest_route=%2Fwp%2Fv2%2Fmedia&parent=1267"}],"wp:term":[{"taxonomy":"category","embeddable":true,"href":"https:\/\/parafiabesko.pl\/index.php?rest_route=%2Fwp%2Fv2%2Fcategories&post=1267"},{"taxonomy":"post_tag","embeddable":true,"href":"https:\/\/parafiabesko.pl\/index.php?rest_route=%2Fwp%2Fv2%2Ftags&post=1267"}],"curies":[{"name":"wp","href":"https:\/\/api.w.org\/{rel}","templated":true}]}}