{"id":1261,"date":"2013-10-27T07:10:58","date_gmt":"2013-10-27T07:10:58","guid":{"rendered":"http:\/\/parafiabesko.pl\/?p=1261"},"modified":"2013-10-27T07:10:58","modified_gmt":"2013-10-27T07:10:58","slug":"intencje-mszalne-28-10-3-11-2013","status":"publish","type":"post","link":"https:\/\/parafiabesko.pl\/?p=1261","title":{"rendered":"Intencje mszalne 28.10-3.11.2013"},"content":{"rendered":"<p>\n\tW najbli\u017cszym tygodniu zostan\u0105 odprawione nast\u0119puj\u0105ce intencje mszalne:\n<\/p>\n<p>\n\t<!--more-->\n<\/p>\n<table border=\"1\" cellpadding=\"1\" cellspacing=\"1\" style=\"width: 500px\">\n<tbody>\n<tr>\n<td style=\"text-align: center\">\n\t\t\t\t<strong>Dzie\u0144 tygodnia<\/strong>\n\t\t\t<\/td>\n<td style=\"text-align: center\">\n\t\t\t\t<strong>godzina<\/strong>\n\t\t\t<\/td>\n<td style=\"text-align: center\">\n\t\t\t\t<strong>Intencja<\/strong>\n\t\t\t<\/td>\n<\/tr>\n<tr>\n<td colspan=\"1\" rowspan=\"2\">\n\t\t\t\tPoniedzia\u0142ek\n\t\t\t<\/td>\n<td>\n\t\t\t\t7.00\n\t\t\t<\/td>\n<td>\n\t\t\t\t+Antonina Lewicka (of. c&oacute;rka Halina z rodzin\u0105)\n\t\t\t<\/td>\n<\/tr>\n<tr>\n<td>\n\t\t\t\t17.00\n\t\t\t<\/td>\n<td>\n<p>\n\t\t\t\t\t1.+Tadeusz Czech\n\t\t\t\t<\/p>\n<p>\n\t\t\t\t\t2.+Helena i Stanis\u0142aw Leszczy\u0144ski i +Monika\n\t\t\t\t<\/p>\n<\/td>\n<\/tr>\n<tr>\n<td colspan=\"1\" rowspan=\"2\">\n\t\t\t\tWtorek\n\t\t\t<\/td>\n<td>\n\t\t\t\t7.00\n\t\t\t<\/td>\n<td>\n\t\t\t\t+Stanis\u0142aw i J&oacute;zefa Suwa\u0142a (of. brat Franciszek)\n\t\t\t<\/td>\n<\/tr>\n<tr>\n<td>\n\t\t\t\t17.00\n\t\t\t<\/td>\n<td>\n<p>\n\t\t\t\t\t1.+Piotr De\u0144ko w 23r.\u015bm.\n\t\t\t\t<\/p>\n<p>\n\t\t\t\t\t2.+Maria i Stanis\u0142aw Szajna\n\t\t\t\t<\/p>\n<\/td>\n<\/tr>\n<tr>\n<td colspan=\"1\" rowspan=\"2\">\n\t\t\t\t\u015aroda\n\t\t\t<\/td>\n<td>\n\t\t\t\t7.00\n\t\t\t<\/td>\n<td>\n\t\t\t\t+Janina, Antoni, Bart\u0142omiej i Aniela\n\t\t\t<\/td>\n<\/tr>\n<tr>\n<td>\n\t\t\t\t17.00\n\t\t\t<\/td>\n<td>\n<p>\n\t\t\t\t\t1.Za dusze w czy\u015b\u0107cu cierpi\u0105ce\n\t\t\t\t<\/p>\n<p>\n\t\t\t\t\t2.Dzi\u0119kczynna z racji 16r. istnienia D.C.A. w Besku z pro\u015bb\u0105 o potrzebne \u0142aski i Bo\u017ce b\u0142og. dla uczestnik&oacute;w i pracownik&oacute;w o\u015brodka\n\t\t\t\t<\/p>\n<\/td>\n<\/tr>\n<tr>\n<td colspan=\"1\" rowspan=\"2\">\n\t\t\t\tCzwartek\n\t\t\t<\/td>\n<td>\n\t\t\t\t7.00\n\t\t\t<\/td>\n<td>\n\t\t\t\tZa dusze w czy\u015b\u0107cu cierpi\u0105ce\n\t\t\t<\/td>\n<\/tr>\n<tr>\n<td>\n\t\t\t\t17.00\n\t\t\t<\/td>\n<td>\n<p>\n\t\t\t\t\t1.+Micha\u0142 Fedio w 1r.\u015bm.\n\t\t\t\t<\/p>\n<p>\n\t\t\t\t\t2.+Stefania 8r.\u015bm i Wies\u0142aw&nbsp;Ch\u0119\u0107 4r.\u015bm\n\t\t\t\t<\/p>\n<\/td>\n<\/tr>\n<tr>\n<td colspan=\"1\" rowspan=\"4\">\n\t\t\t\tPi\u0105tek\n\t\t\t<\/td>\n<td>\n\t\t\t\t7.30\n\t\t\t<\/td>\n<td>\n\t\t\t\t+J&oacute;zef, Stanis\u0142aw Banek\n\t\t\t<\/td>\n<\/tr>\n<tr>\n<td>\n\t\t\t\t9.15\n\t\t\t<\/td>\n<td>\n\t\t\t\t+Bogumi\u0142a Kocha\u0144ska\n\t\t\t<\/td>\n<\/tr>\n<tr>\n<td>\n\t\t\t\t11.00\n\t\t\t<\/td>\n<td>\n\t\t\t\t+Edward Chyna\u0142 i za zmar\u0142ych rodzic&oacute;w\n\t\t\t<\/td>\n<\/tr>\n<tr>\n<td>\n\t\t\t\t14.00\n\t\t\t<\/td>\n<td>\n\t\t\t\tZa wszystkich zmar\u0142ych\n\t\t\t<\/td>\n<\/tr>\n<tr>\n<td colspan=\"1\" rowspan=\"3\">\n\t\t\t\tSobota\n\t\t\t<\/td>\n<td>\n\t\t\t\t7.00\n\t\t\t<\/td>\n<td>\n\t\t\t\tZa zmar\u0142ych polecanych w wypominkach\n\t\t\t<\/td>\n<\/tr>\n<tr>\n<td>\n\t\t\t\t8.00\n\t\t\t<\/td>\n<td>\n\t\t\t\t+Artur Borkowski i zmar\u0142ych z rodziny\n\t\t\t<\/td>\n<\/tr>\n<tr>\n<td>\n\t\t\t\t17.00\n\t\t\t<\/td>\n<td>\n\t\t\t\t+Agnieszk\u0119 i zmar\u0142ych z rodziny\n\t\t\t<\/td>\n<\/tr>\n<tr>\n<td colspan=\"1\" rowspan=\"4\">\n\t\t\t\tNiedziela\n\t\t\t<\/td>\n<td>\n\t\t\t\t7.30\n\t\t\t<\/td>\n<td>\n\t\t\t\t+Kazimierz Folcik (of rodzina)\n\t\t\t<\/td>\n<\/tr>\n<tr>\n<td>\n\t\t\t\t9.15\n\t\t\t<\/td>\n<td>\n\t\t\t\t+Stanis\u0142aw, Boles\u0142aw Kornasiewicz\n\t\t\t<\/td>\n<\/tr>\n<tr>\n<td>\n\t\t\t\t11.00\n\t\t\t<\/td>\n<td>\n\t\t\t\tW intencji parafian\n\t\t\t<\/td>\n<\/tr>\n<tr>\n<td>\n\t\t\t\t16.30\n\t\t\t<\/td>\n<td>\n\t\t\t\t+Andrzej, Stanis\u0142aw, Halina oraz zmar\u0142ych z rodziny Kocha\u0144skich\n\t\t\t<\/td>\n<\/tr>\n<\/tbody>\n<\/table>\n<p>\n\t&nbsp;<\/p>\n","protected":false},"excerpt":{"rendered":"<p>W najbli\u017cszym tygodniu zostan\u0105 odprawione nast\u0119puj\u0105ce intencje mszalne:<span class=\"more-link\"><a href=\"https:\/\/parafiabesko.pl\/?p=1261\">Czytaj wi\u0119cej<\/a><\/span><\/p>\n","protected":false},"author":1,"featured_media":1055,"comment_status":"closed","ping_status":"open","sticky":false,"template":"","format":"standard","meta":{"footnotes":""},"categories":[7],"tags":[],"class_list":["entry","author-adminparafiibesko","has-more-link","post-1261","post","type-post","status-publish","format-standard","has-post-thumbnail","category-ogloszenia-parafialne"],"_links":{"self":[{"href":"https:\/\/parafiabesko.pl\/index.php?rest_route=\/wp\/v2\/posts\/1261","targetHints":{"allow":["GET"]}}],"collection":[{"href":"https:\/\/parafiabesko.pl\/index.php?rest_route=\/wp\/v2\/posts"}],"about":[{"href":"https:\/\/parafiabesko.pl\/index.php?rest_route=\/wp\/v2\/types\/post"}],"author":[{"embeddable":true,"href":"https:\/\/parafiabesko.pl\/index.php?rest_route=\/wp\/v2\/users\/1"}],"replies":[{"embeddable":true,"href":"https:\/\/parafiabesko.pl\/index.php?rest_route=%2Fwp%2Fv2%2Fcomments&post=1261"}],"version-history":[{"count":0,"href":"https:\/\/parafiabesko.pl\/index.php?rest_route=\/wp\/v2\/posts\/1261\/revisions"}],"wp:featuredmedia":[{"embeddable":true,"href":"https:\/\/parafiabesko.pl\/index.php?rest_route=\/"}],"wp:attachment":[{"href":"https:\/\/parafiabesko.pl\/index.php?rest_route=%2Fwp%2Fv2%2Fmedia&parent=1261"}],"wp:term":[{"taxonomy":"category","embeddable":true,"href":"https:\/\/parafiabesko.pl\/index.php?rest_route=%2Fwp%2Fv2%2Fcategories&post=1261"},{"taxonomy":"post_tag","embeddable":true,"href":"https:\/\/parafiabesko.pl\/index.php?rest_route=%2Fwp%2Fv2%2Ftags&post=1261"}],"curies":[{"name":"wp","href":"https:\/\/api.w.org\/{rel}","templated":true}]}}