{"id":1237,"date":"2013-09-23T05:38:12","date_gmt":"2013-09-23T05:38:12","guid":{"rendered":"http:\/\/parafiabesko.pl\/?p=1237"},"modified":"2013-09-23T05:38:12","modified_gmt":"2013-09-23T05:38:12","slug":"liturgiczna-sluzba-oltarza","status":"publish","type":"post","link":"https:\/\/parafiabesko.pl\/?p=1237","title":{"rendered":"Liturgiczna S\u0142u\u017cba O\u0142tarza"},"content":{"rendered":"<p>\n\t1. <strong>Ministrant jest POMOCNIKIEM<\/strong> przy sprawowaniu Mszy \u015bwi\u0119tej i podczas innych nabo\u017ce\u0144stw liturgicznych.\n<\/p>\n<p>\n\tNazwa pochodzi od ministrare&quot; znaczy &quot;s\u0142u\u017cy\u0107&quot;. S\u0142u\u017cymy Bogu, kiedy przyczyniamy si\u0119 do tego, aby liturgia by\u0142a pi\u0119kna.<br \/>\n\tMinistrant us\u0142uguje ksi\u0119dzu, gdy przygotowany jest o\u0142tarz i dary ofiarne potrzebne do ofiary Mszy \u015bwi\u0119tej. Pomaga r&oacute;wnie\u017c po zako\u0144czeniu Mszy \u015bwi\u0119tej.\n<\/p>\n<p>\n\t<!--more-->\n<\/p>\n<p>\n\t2. <strong>Ministrant jest tym, kt&oacute;ry<\/strong> <strong>NIESIE ZNAKI.<\/strong><br \/>\n\tMinistrant niesie pewne okre\u015blone przedmioty, kt&oacute;re dla liturgii s\u0105 niezb\u0119dne i dla liturgii maj\u0105 szczeg&oacute;lnie wa\u017cne znaczenie. Te znaki maj\u0105 ludziom wierz\u0105cym co\u015b przedstawia\u0107 i wskazywa\u0107 na inn\u0105 rzeczywisto\u015b\u0107.\n<\/p>\n<p>\n\t3. <strong>Ministrant powinien sam BY\u0106 ZNAKIEM<\/strong><br \/>\n\tMinistrant przez s\u0142u\u017cenie wskazuje, \u017ce ka\u017cde nabo\u017ce\u0144stwo liturgiczne sprawowanie w ko\u015bciele, jest nie tylko spraw\u0105 kap\u0142ana, lecz spraw\u0105 ca\u0142ej parafii i wszystkich wiernych!<br \/>\n\tMinistrant przez swoje s\u0142u\u017cenie pokazuje, \u017ce &quot;uczestniczy\u0107 w liturgii&quot; nie znaczy tak jak w kinie, albo przed telewizorem tylko s\u0142ucha\u0107 czy ogl\u0105da\u0107!<br \/>\n\t&quot;Uczestniczy\u0107 w liturgii&quot; to znaczy tak\u017ce wsp&oacute;\u0142dzia\u0142a\u0107 i wsp&oacute;\u0142tworzy\u0107 j\u0105, czynnie si\u0119 w niej anga\u017cuj\u0105c!\n<\/p>\n<hr \/>\n<p>\n\tKa\u017cdy ministrant ma wyznaczone obowi\u0105zkowe msze \u015bwi\u0119te, na kt&oacute;rych zawsze powinien by\u0107 obecny.<br \/>\n\t&nbsp;\n<\/p>\n<p>\n\tW naszej parafii jest 36 ministrant&oacute;w. Opiekunem ministrant&oacute;w jest ks. Pawe\u0142 Dziob\n<\/p>\n<hr \/>\n<ol>\n<li>\n\t\t<strong>Zasady ministranta<\/strong>\n\t<\/li>\n<li>\n\t\tMinistrant kocha Boga i dla Jego chwa\u0142y wzorowo spe\u0142nia swoje obowi\u0105zki.\n\t<\/li>\n<li>\n\t\tMinistrant s\u0142u\u017cy Chrystusowi w ludziach.\n\t<\/li>\n<li>\n\t\tMinistrant zwalcza swoje wady i pracuje nad swoim charakterem.\n\t<\/li>\n<li>\n\t\tMinistrant rozwija w sobie \u017cycie Bo\u017ce.\n\t<\/li>\n<li>\n\t\tMinistrant poznaje liturgi\u0119 i \u017cyje ni\u0105.\n\t<\/li>\n<li>\n\t\tMinistrant wznosi wsz\u0119dzie prawdziw\u0105 rado\u015b\u0107.\n\t<\/li>\n<li>\n\t\tMinistrant prze\u017cywa Boga w przyrodzie.\n\t<\/li>\n<li>\n\t\tMinistrant zdobywa koleg&oacute;w w pracy i zabawie dla Chrystusa.\n\t<\/li>\n<li>\n\t\tMinistrant jest pilny i sumienny w nauce i pracy zawodowej.\n\t<\/li>\n<li>\n\t\tMinistrant modli si\u0119 za Ojczyzn\u0119 i s\u0142u\u017cy jej rzeteln\u0105 prac\u0105.\n\t<\/li>\n<\/ol>\n<p>\n\t&nbsp;\n<\/p>\n<p>\n\t&nbsp;<strong>Modlitwa ministranta<\/strong><br \/>\n\tPanie Jezu Chryste,<br \/>\n\tTy wezwa\u0142e\u015b mnie,<br \/>\n\tabym szed\u0142 za Tob\u0105 drog\u0105 do Ojca.<br \/>\n\tChc\u0119 i\u015b\u0107 z Tob\u0105, chc\u0119 \u017cy\u0107 z Ciebie.<br \/>\n\tB\u0105d\u017a \u015bwiat\u0142em, kt&oacute;re mnie o\u015bwieca.<br \/>\n\tB\u0105d\u017a si\u0142\u0105, kt&oacute;ra mnie nape\u0142nia.<br \/>\n\tB\u0105d\u017a moim Mistrzem, kt&oacute;rego kocham i za kt&oacute;rym id\u0119.<br \/>\n\tWyryj g\u0142\u0119boko w moim sercu Twoje s\u0142owo,<br \/>\n\tNaucz mnie patrze\u0107 na Tw&oacute;j przyk\u0142ad.<br \/>\n\tNape\u0142nij mnie Twoim \u017cyciem, abym uwielbia\u0142 Ojca.<br \/>\n\tI s\u0142u\u017cy\u0142 braciom tak, jak Ty nakaza\u0142e\u015b.<br \/>\n\tWybaw mnie od grzechu.<br \/>\n\tPrze\u0142am we mnie to, co si\u0119 Tobie opiera.<br \/>\n\tDaj mi Ducha Twego i dozw&oacute;l,<br \/>\n\taby Obietnica Twoja wype\u0142ni\u0142a si\u0119 we mnie.<br \/>\n\tChc\u0119 \u017cy\u0107 przez Ciebie, z Tob\u0105 i w Tobie,<br \/>\n\tw mi\u0142o\u015bci Ducha \u015awi\u0119tego,<br \/>\n\tku chwale Ojca.<br \/>\n\tAmen.<br \/>\n\t&nbsp;\n<\/p>\n<p>\n\t<strong>MODLITWA PRZED MSZ\u0104 \u015aWI\u0118T\u0104<\/strong>\n<\/p>\n<p>\n\tOto za chwil\u0119 przyst\u0105pi\u0119 &quot;Do O\u0142tarza Bo\u017cego, do Boga, kt&oacute;ry rozwesela m\u0142odo\u015b\u0107 moj\u0105&quot;.<br \/>\n\tDo \u015bwi\u0119tej przyst\u0119puj\u0119 s\u0142u\u017cby. Chc\u0119 j\u0105 dobrze pe\u0142ni\u0107.\n<\/p>\n<p>\n\tProsz\u0119 Ci\u0119, Panie Jezu, o \u0142ask\u0119 skupienia,<br \/>\n\taby my\u015bli moje by\u0142y przy Tobie,<br \/>\n\taby oczy moje by\u0142y zwr&oacute;cone na o\u0142tarz,<br \/>\n\ta serce moje oddane tylko Tobie. Amen.<br \/>\n\t&nbsp;\n<\/p>\n<p>\n\t<strong>MODLITWA PO MSZY&nbsp; \u015aWI\u0118TEJ<\/strong>\n<\/p>\n<p>\n\tBo\u017ce, kt&oacute;rego dobro\u0107 powo\u0142a\u0142a mnie do Twej s\u0142u\u017cby, spraw, bym u\u015bwi\u0119cony uczestnictwem w Twych tajemnicach przez dzie\u0144 dzisiejszy i ca\u0142e me \u017cycie szed\u0142 tylko drog\u0105 zbawienia.\n<\/p>\n<p>\n\tPrzez Chrystusa, Pana naszego. Amen.\n<\/p>\n<p>\n\t&#8212;&#8212;&#8212;&#8212;&#8212;&#8212;&#8212;&#8212;&#8212;&#8212;&#8212;&#8212;&#8212;&#8212;&#8212;&#8212;&#8212;&#8212;&#8212;&#8212;&#8212;&#8212;&#8212;&#8212;&#8212;&#8212;&#8212;&#8212;&#8212;&#8212;&#8212;&#8212;&#8212;-\n<\/p>\n<p>\n\t<span data-mce-style=\"font-size: 12pt;\" style=\"font-size: 12pt;\"><strong><span data-mce-style=\"color: #000000;\" style=\"color: #000000;\">Patroni ministrant&oacute;w<\/span><\/strong><\/span>\n<\/p>\n<table align=\"center\" border=\"0\" class=\"mceItemTable\">\n<tbody>\n<tr>\n<td colspan=\"2\">\n<p data-mce-style=\"text-align: center;\" style=\"text-align: center;\">\n\t\t\t\t\t<span data-mce-style=\"color: #ff6600;\" style=\"color: #ff6600;\"><strong>\u015awi\u0119ty Dominik Savio (1842-1857)<\/strong><\/span>\n\t\t\t\t<\/p>\n<\/td>\n<\/tr>\n<tr>\n<td colspan=\"2\">\n<p data-mce-style=\"text-align: center;\" style=\"text-align: center;\">\n\t\t\t\t\t<img decoding=\"async\" data-mce-=\"\" data-mce-style=\"border: 8px solid #ffffff; margin: 8px; vertical-align: bottom;\" src=\"http:\/\/ministranci.przemyska.pl\/images\/stories\/food\/w.%20dominik%20savio.jpg\" style=\"border: 8px solid #ffffff; margin: 8px; vertical-align: bottom;\" \/>\n\t\t\t\t<\/p>\n<\/td>\n<\/tr>\n<tr>\n<td data-mce-style=\"text-align: center;\" style=\"text-align: center;\">\n<p>\n\t\t\t\t\t<span data-mce-style=\"color: #ff6600;\" style=\"color: #ff6600;\"><strong>\u015awi\u0119ty Jan Berchmans (1599-1621)<\/strong><\/span>\n\t\t\t\t<\/p>\n<\/td>\n<td>\n<p data-mce-style=\"text-align: center;\" style=\"text-align: center;\">\n\t\t\t\t\t<span data-mce-style=\"color: #ff6600;\" style=\"color: #ff6600;\"><strong>\u015awi\u0119ty Tarsycjusz (+ ok. 250)<\/strong><\/span>\n\t\t\t\t<\/p>\n<\/td>\n<\/tr>\n<tr valign=\"top\">\n<td>\n<p data-mce-style=\"text-align: center;\" style=\"text-align: center;\">\n\t\t\t\t\t<img decoding=\"async\" data-mce-=\"\" data-mce-style=\"border: 8px solid #ffffff; margin: 8px; vertical-align: bottom;\" src=\"http:\/\/ministranci.przemyska.pl\/images\/stories\/w.%20jan%20berchmans.jpg\" style=\"border: 8px solid #ffffff; margin: 8px; vertical-align: bottom;\" \/>\n\t\t\t\t<\/p>\n<\/td>\n<td>\n<p>\n\t\t\t\t\t<strong><span data-mce-style=\"color: #009900;\" style=\"color: #009900;\"><span data-mce-style=\"color: #000000;\" style=\"color: #000000;\"><img decoding=\"async\" data-mce-=\"\" data-mce-style=\"border: 8px solid #ffffff; margin: 8px auto; vertical-align: bottom; display: block;\" src=\"http:\/\/ministranci.przemyska.pl\/images\/stories\/w.%20tarsycjusz.jpg\" style=\"border: 8px solid #ffffff; margin: 8px auto; vertical-align: bottom; display: block;\" \/><\/span><\/span><\/strong>\n\t\t\t\t<\/p>\n<\/td>\n<\/tr>\n<tr>\n<td>\n<p data-mce-style=\"text-align: center;\" style=\"text-align: center;\">\n\t\t\t\t\t<strong><span data-mce-style=\"color: #ff6600;\" style=\"color: #ff6600;\">\u015awi\u0119ty Stanis\u0142aw Kostka (1550-1568)<\/span><\/strong>\n\t\t\t\t<\/p>\n<\/td>\n<td>\n<p data-mce-style=\"text-align: center;\" style=\"text-align: center;\">\n\t\t\t\t\t<span data-mce-style=\"color: #ff6600;\" style=\"color: #ff6600;\"><strong>\u015awi\u0119ty Alojzy Gonzaga (1568-1591)<\/strong><\/span>\n\t\t\t\t<\/p>\n<\/td>\n<\/tr>\n<tr valign=\"top\">\n<td>\n<p>\n\t\t\t\t\t<strong><span data-mce-style=\"color: #009900;\" style=\"color: #009900;\"><img decoding=\"async\" data-mce-=\"\" data-mce-style=\"border: 8px solid #ffffff; margin: 8px auto; vertical-align: bottom; display: block;\" src=\"http:\/\/ministranci.przemyska.pl\/images\/stories\/w.%20stanisaw%20kostka.jpg\" style=\"border: 8px solid #ffffff; margin: 8px auto; vertical-align: bottom; display: block;\" \/><\/span><\/strong>\n\t\t\t\t<\/p>\n<\/td>\n<td>\n<p data-mce-style=\"text-align: center;\" style=\"text-align: center;\">\n\t\t\t\t\t<strong><span data-mce-style=\"color: #009900;\" style=\"color: #009900;\"><img decoding=\"async\" data-mce-=\"\" data-mce-style=\"border: 8px solid #ffffff; margin: 8px; vertical-align: bottom;\" src=\"http:\/\/ministranci.przemyska.pl\/images\/stories\/w.%20alojzy%20gonzaga.jpg\" style=\"border: 8px solid #ffffff; margin: 8px; vertical-align: bottom;\" \/><\/span><\/strong>\n\t\t\t\t<\/p>\n<\/td>\n<\/tr>\n<\/tbody>\n<\/table>\n","protected":false},"excerpt":{"rendered":"<p>1. Ministrant jest POMOCNIKIEM przy sprawowaniu Mszy \u015bwi\u0119tej i podczas innych nabo\u017ce\u0144stw liturgicznych. Nazwa pochodzi od ministrare&quot; znaczy &quot;s\u0142u\u017cy\u0107&quot;. S\u0142u\u017cymy Bogu, kiedy przyczyniamy si\u0119 do tego, aby liturgia by\u0142a pi\u0119kna. Ministrant us\u0142uguje ksi\u0119dzu, gdy przygotowany jest o\u0142tarz i dary ofiarne potrzebne do ofiary Mszy \u015bwi\u0119tej. Pomaga r&oacute;wnie\u017c po zako\u0144czeniu Mszy<span class=\"more-link\"><a href=\"https:\/\/parafiabesko.pl\/?p=1237\">Czytaj wi\u0119cej<\/a><\/span><\/p>\n","protected":false},"author":1,"featured_media":1247,"comment_status":"closed","ping_status":"open","sticky":false,"template":"","format":"standard","meta":{"footnotes":""},"categories":[1],"tags":[],"class_list":["entry","author-adminparafiibesko","has-more-link","post-1237","post","type-post","status-publish","format-standard","has-post-thumbnail","category-bez-kategorii"],"_links":{"self":[{"href":"https:\/\/parafiabesko.pl\/index.php?rest_route=\/wp\/v2\/posts\/1237","targetHints":{"allow":["GET"]}}],"collection":[{"href":"https:\/\/parafiabesko.pl\/index.php?rest_route=\/wp\/v2\/posts"}],"about":[{"href":"https:\/\/parafiabesko.pl\/index.php?rest_route=\/wp\/v2\/types\/post"}],"author":[{"embeddable":true,"href":"https:\/\/parafiabesko.pl\/index.php?rest_route=\/wp\/v2\/users\/1"}],"replies":[{"embeddable":true,"href":"https:\/\/parafiabesko.pl\/index.php?rest_route=%2Fwp%2Fv2%2Fcomments&post=1237"}],"version-history":[{"count":0,"href":"https:\/\/parafiabesko.pl\/index.php?rest_route=\/wp\/v2\/posts\/1237\/revisions"}],"wp:featuredmedia":[{"embeddable":true,"href":"https:\/\/parafiabesko.pl\/index.php?rest_route=\/"}],"wp:attachment":[{"href":"https:\/\/parafiabesko.pl\/index.php?rest_route=%2Fwp%2Fv2%2Fmedia&parent=1237"}],"wp:term":[{"taxonomy":"category","embeddable":true,"href":"https:\/\/parafiabesko.pl\/index.php?rest_route=%2Fwp%2Fv2%2Fcategories&post=1237"},{"taxonomy":"post_tag","embeddable":true,"href":"https:\/\/parafiabesko.pl\/index.php?rest_route=%2Fwp%2Fv2%2Ftags&post=1237"}],"curies":[{"name":"wp","href":"https:\/\/api.w.org\/{rel}","templated":true}]}}