{"id":1232,"date":"2013-10-20T07:38:58","date_gmt":"2013-10-20T07:38:58","guid":{"rendered":"http:\/\/parafiabesko.pl\/?p=1232"},"modified":"2013-10-20T07:38:58","modified_gmt":"2013-10-20T07:38:58","slug":"ogloszenia-13-10-2013-2","status":"publish","type":"post","link":"https:\/\/parafiabesko.pl\/?p=1232","title":{"rendered":"Og\u0142oszenia 20.10.2013"},"content":{"rendered":"<p style=\"text-align: justify;\">\n\t1. Dzisiaj Niedziela Misyjna. W tegorocznym or\u0119dziu misyjnym Ojciec \u015awi\u0119ty Franciszek przypomina, \u017ce&nbsp;troska o wszystkie Ko\u015bcio\u0142y, jak\u0105 Biskup Rzymu dzieli ze swoimi wsp&oacute;\u0142bra\u0107mi biskupami, w spos&oacute;b znamienny realizuje si\u0119 poprzez zaanga\u017cowanie Papieskich Dzie\u0142 Misyjnych, kt&oacute;re maj\u0105 za cel o\u017cywia\u0107 i pog\u0142\u0119bia\u0107 \u015bwiadomo\u015b\u0107 misyjn\u0105 ka\u017cdego ochrzczonego i ka\u017cdej wsp&oacute;lnoty, czy to przypominaj\u0105c o konieczno\u015bci pog\u0142\u0119bionej formacji misyjnej ca\u0142ego Ludu Bo\u017cego, czy te\u017c o\u017cywiaj\u0105c wra\u017cliwo\u015b\u0107 wsp&oacute;lnot chrze\u015bcija\u0144skich tak, aby zaofiarowa\u0142y swoj\u0105 pomoc w przekazywaniu Ewangelii \u015bwiatu.\n<\/p>\n<p><!--more--><\/p>\n<p style=\"text-align: justify;\">\n\t2. Taca z dzisiejsze niedzieli przeznaczona jest na pomoc misjom.\n<\/p>\n<p style=\"text-align: justify;\">\n\t3. Nabo\u017ce\u0144stwo r&oacute;\u017ca\u0144cowe w dni powszednie o godzinie 17.00, a w niedziel\u0119 o godzinie 16.00. Zach\u0119camy dzieci, m\u0142odzie\u017c i doros\u0142ych do udzia\u0142u w modlitwie r&oacute;\u017ca\u0144cowej. Tradycyjnie jest organizowany konkurs dla dzieci z losowaniem figurek Matki Bo\u017cej.\n<\/p>\n<p style=\"text-align: justify;\">\n\t4. We wtorek, 22 pa\u017adziernika &ndash; wspomnienie b\u0142. Jana Paw\u0142a II.\n<\/p>\n<p style=\"text-align: justify;\">\n\t5. W czwartek&nbsp; 24 pa\u017adziernika &ndash; wspomnienie b\u0142. Jana Wojciecha Balickiego. Modlimy si\u0119 o jego kanonizacj\u0119.\n<\/p>\n<p style=\"text-align: justify;\">\n\t6. W czwartek na godzin\u0119 17.00 zapraszamy m\u0142odzie\u017c pierwszej klasy gimnazjum wraz z rodzicami na rozpocz\u0119cie formacji do przyj\u0119cia Sakramentu Bierzmowania.\n<\/p>\n<p style=\"text-align: justify;\">\n\t7.&nbsp; Dzisiaj po wieczornej Mszy \u015bwi\u0119tej spotkanie Akcji Katolickiej.\n<\/p>\n<p style=\"text-align: justify;\">\n\t8. Dzi\u0119kujemy rodzicom m\u0142odzie\u017cy, kt&oacute;ra przyj\u0119\u0142a sakrament Bierzmowania w ubieg\u0142\u0105 niedziel\u0119 za ofiarowanie naszej \u015bwi\u0105tyni dw&oacute;ch fioletowych ornat&oacute;w. B&oacute;g zap\u0142a\u0107!.<\/p>\n","protected":false},"excerpt":{"rendered":"<p>1. Dzisiaj Niedziela Misyjna. W tegorocznym or\u0119dziu misyjnym Ojciec \u015awi\u0119ty Franciszek przypomina, \u017ce&nbsp;troska o wszystkie Ko\u015bcio\u0142y, jak\u0105 Biskup Rzymu dzieli ze swoimi wsp&oacute;\u0142bra\u0107mi biskupami, w spos&oacute;b znamienny realizuje si\u0119 poprzez zaanga\u017cowanie Papieskich Dzie\u0142 Misyjnych, kt&oacute;re maj\u0105 za cel o\u017cywia\u0107 i pog\u0142\u0119bia\u0107 \u015bwiadomo\u015b\u0107 misyjn\u0105 ka\u017cdego ochrzczonego i ka\u017cdej wsp&oacute;lnoty, czy to<span class=\"more-link\"><a href=\"https:\/\/parafiabesko.pl\/?p=1232\">Czytaj wi\u0119cej<\/a><\/span><\/p>\n","protected":false},"author":1,"featured_media":1059,"comment_status":"closed","ping_status":"open","sticky":false,"template":"","format":"standard","meta":{"footnotes":""},"categories":[7],"tags":[],"class_list":["entry","author-adminparafiibesko","has-more-link","post-1232","post","type-post","status-publish","format-standard","has-post-thumbnail","category-ogloszenia-parafialne"],"_links":{"self":[{"href":"https:\/\/parafiabesko.pl\/index.php?rest_route=\/wp\/v2\/posts\/1232","targetHints":{"allow":["GET"]}}],"collection":[{"href":"https:\/\/parafiabesko.pl\/index.php?rest_route=\/wp\/v2\/posts"}],"about":[{"href":"https:\/\/parafiabesko.pl\/index.php?rest_route=\/wp\/v2\/types\/post"}],"author":[{"embeddable":true,"href":"https:\/\/parafiabesko.pl\/index.php?rest_route=\/wp\/v2\/users\/1"}],"replies":[{"embeddable":true,"href":"https:\/\/parafiabesko.pl\/index.php?rest_route=%2Fwp%2Fv2%2Fcomments&post=1232"}],"version-history":[{"count":0,"href":"https:\/\/parafiabesko.pl\/index.php?rest_route=\/wp\/v2\/posts\/1232\/revisions"}],"wp:featuredmedia":[{"embeddable":true,"href":"https:\/\/parafiabesko.pl\/index.php?rest_route=\/"}],"wp:attachment":[{"href":"https:\/\/parafiabesko.pl\/index.php?rest_route=%2Fwp%2Fv2%2Fmedia&parent=1232"}],"wp:term":[{"taxonomy":"category","embeddable":true,"href":"https:\/\/parafiabesko.pl\/index.php?rest_route=%2Fwp%2Fv2%2Fcategories&post=1232"},{"taxonomy":"post_tag","embeddable":true,"href":"https:\/\/parafiabesko.pl\/index.php?rest_route=%2Fwp%2Fv2%2Ftags&post=1232"}],"curies":[{"name":"wp","href":"https:\/\/api.w.org\/{rel}","templated":true}]}}