{"id":1229,"date":"2013-10-20T11:34:21","date_gmt":"2013-10-20T11:34:21","guid":{"rendered":"http:\/\/parafiabesko.pl\/?p=1229"},"modified":"2013-10-20T11:34:21","modified_gmt":"2013-10-20T11:34:21","slug":"oredzie-ojca-swietego-franciszka-na-swiatowy-tydzien-misyjny-2013","status":"publish","type":"post","link":"https:\/\/parafiabesko.pl\/?p=1229","title":{"rendered":"Or\u0119dzie Ojca \u015awi\u0119tego Franciszka na \u015awiatowy Tydzie\u0144 Misyjny 2013"},"content":{"rendered":"<p style=\"padding-left: 30px; text-align: justify;\">\n\t<em>Drodzy Bracia i Siostry!<\/em>\n<\/p>\n<p style=\"text-align: justify;\">\n\tW tym roku \u015awiatowy Dzie\u0144 Misyjny b\u0119dziemy obchodzi\u0107 pod koniec Roku Wiary. Jest to wspania\u0142a okazja, aby umocni\u0107 nasz\u0105 przyja\u017a\u0144 z Panem i nasze w\u0119drowanie z Nim jako Ko\u015bci&oacute;\u0142, kt&oacute;ry odwa\u017cnie g\u0142osi Ewangeli\u0119. W takiej perspektywie chcia\u0142bym zaproponowa\u0107 kilka refleksji.\n<\/p>\n<p><!--more--><\/p>\n<p style=\"text-align: justify;\">\n\t<strong>1.<\/strong> Wiara jest cennym darem Boga, kt&oacute;ry otwiera naszego ducha, by\u015bmy mogli Go pozna\u0107 i kocha\u0107. On chce nawi\u0105za\u0107 z nami relacj\u0119, aby\u015bmy mogli uczestniczy\u0107 w Jego \u017cyciu i uczyni\u0107 nasze \u017cycie bardziej sensownym, lepszym, pi\u0119kniejszym. B&oacute;g nas kocha! Jednak\u017ce wiara musi by\u0107 przyj\u0119ta. Domaga si\u0119 wi\u0119c naszej osobistej odpowiedzi, odwagi, by Bogu zaufa\u0107, by \u017cy\u0107 Jego mi\u0142o\u015bci\u0105, wdzi\u0119czno\u015bci za Jego niesko\u0144czone mi\u0142osierdzie. Ponadto nie jest ona darem zarezerwowanym jedynie dla niekt&oacute;rych, ale ofiarowanym z hojno\u015bci\u0105. Wszyscy powinni m&oacute;c do\u015bwiadczy\u0107 rado\u015bci czucia si\u0119 kochanymi przez Boga, rado\u015bci zbawienia! Jest to dar, kt&oacute;rego nie wolno zatrzyma\u0107 dla siebie, ale trzeba si\u0119 nim dzieli\u0107: gdyby\u015bmy chcieli zatrzyma\u0107 go jedynie dla siebie, staliby\u015bmy si\u0119 w&oacute;wczas chrze\u015bcijanami wyizolowanymi, ja\u0142owymi i chorymi. G\u0142oszenie Ewangelii jest nieod\u0142\u0105czne od faktu bycia uczniem Chrystusa i zak\u0142ada nieustanne zaanga\u017cowanie, kt&oacute;re podtrzymuje ca\u0142e \u017cycie Ko\u015bcio\u0142a. &bdquo;Misyjny zapa\u0142 jest wyra\u017anym znakiem dojrza\u0142o\u015bci wsp&oacute;lnoty ko\u015bcielnej&rdquo; (Benedykt XVI, Adhortacja apostolska Verbum Domini, 95). Ka\u017cda wsp&oacute;lnota jest &bdquo;dojrza\u0142a&rdquo; w&oacute;wczas, gdy wyznaje wiar\u0119, celebruje j\u0105 z rado\u015bci\u0105 podczas liturgii, gdy \u017cyje mi\u0142o\u015bci\u0105 i g\u0142osi bez wytchnienia s\u0142owo Bo\u017ce wychodz\u0105c ze swego zamkni\u0119cia, aby je nie\u015b\u0107 r&oacute;wnie\u017c na &bdquo;peryferie&rdquo;, zw\u0142aszcza tym, kt&oacute;rzy nie mieli jeszcze mo\u017cliwo\u015bci poznania Chrystusa. Trwa\u0142o\u015b\u0107 naszej wiary na p\u0142aszczy\u017anie osobistej i wsp&oacute;lnotowej mierzy si\u0119 r&oacute;wnie\u017c zdolno\u015bci\u0105 przekazywania jej innym, rozpowszechniania jej, prze\u017cywania jej w mi\u0142o\u015bci, dawania o niej \u015bwiadectwa wobec tych, kt&oacute;rzy si\u0119 z nami spotykaj\u0105 i dziel\u0105 z nami drog\u0119 \u017cycia.\n<\/p>\n<p style=\"text-align: justify;\">\n\t<strong>2.<\/strong> Rok Wiary, obchodzony pi\u0119\u0107dziesi\u0105t lat po rozpocz\u0119ciu Soboru Watyka\u0144skiego II, wzywa nas do tego, aby ca\u0142y Ko\u015bci&oacute;\u0142 odnowi\u0142 \u015bwiadomo\u015b\u0107 swojej obecno\u015bci we wsp&oacute;\u0142czesnym \u015bwiecie, swojej misji w\u015br&oacute;d lud&oacute;w i narod&oacute;w. Jego charakter misyjny nie jest tylko kwesti\u0105 obszar&oacute;w geograficznych, lecz odnosi si\u0119 do lud&oacute;w, kultur i os&oacute;b w\u0142a\u015bnie dlatego, \u017ce &bdquo;granice&rdquo; wiary nie przebiegaj\u0105 tylko przez terytoria i tradycje ludzkie, ale te\u017c i przez serce ka\u017cdego cz\u0142owieka. Sob&oacute;r<br \/>\n\tWatyka\u0144ski II w spos&oacute;b szczeg&oacute;lny podkre\u015bli\u0142, \u017ce obowi\u0105zek misyjny, obowi\u0105zek poszerzania granic wiary jest znamienny dla ka\u017cdego ochrzczonego i dla ka\u017cdej wsp&oacute;lnoty chrze\u015bcija\u0144skiej: &bdquo;Poniewa\u017c za\u015b Lud Bo\u017cy \u017cyje we wsp&oacute;lnotach, przede wszystkim diecezjalnych i parafialnych, i w nich niejako okazuje si\u0119 widoczny, musz\u0105 r&oacute;wnie\u017c i one \u015bwiadczy\u0107 o Chrystusie wobec narod&oacute;w&rdquo; (Dekret Ad Gentes, 37). Ka\u017cda wsp&oacute;lnota jest zatem wezwana i zaproszona do tego, aby uczyni\u0142a swoim nakaz Jezusa skierowany do Aposto\u0142&oacute;w, aby stali si\u0119 &bdquo;\u015bwiadkami w Jerozolimie, w ca\u0142ej Judei i Samarii i a\u017c po kra\u0144ce ziemi&rdquo; (Dz 1, 8) i to nie jako drugorz\u0119dny aspekt chrze\u015bcija\u0144skiego \u017cycia, ale zasadniczy. Wszyscy bowiem jeste\u015bmy pos\u0142ani na drogi \u015bwiata, aby kroczy\u0107 z naszymi bra\u0107mi, wyznaj\u0105c i \u015bwiadcz\u0105c o naszej wierze w Chrystusa i b\u0119d\u0105c g\u0142osicielami Jego Ewangelii. Zapraszam biskup&oacute;w, kap\u0142an&oacute;w, rady kap\u0142a\u0144skie i duszpasterskie, wszystkie osoby i grupy odpowiedzialne w Ko\u015bciele, aby w swoich programach duszpasterskich i formacyjnych uzna\u0142y za wa\u017cny wymiar misyjny, do\u015bwiadczaj\u0105c, \u017ce ich zaanga\u017cowanie apostolskie nie jest pe\u0142ne, je\u015bli nie zawiera intencji &bdquo;dawania \u015bwiadectwa o Chrystusie wobec narod&oacute;w&rdquo;, wobec wszystkich lud&oacute;w. Charakter misyjny nie ma jedynie wymiaru programowego w \u017cyciu chrze\u015bcijan, ale ma r&oacute;wnie\u017c wymiar paradygmatyczny, kt&oacute;ry dotyczy wszystkich aspekt&oacute;w chrze\u015bcija\u0144skiego \u017cycia.\n<\/p>\n<p style=\"text-align: justify;\">\n\t<strong>3.<\/strong> Dzie\u0142o ewangelizacji napotyka cz\u0119sto na przeszkody nie tylko zewn\u0119trzne, ale i wewn\u0105trz samej wsp&oacute;lnoty ko\u015bcielnej. Czasem zapa\u0142, rado\u015b\u0107, odwaga, nadzieja, z jakimi g\u0142osimy wszystkim przes\u0142anie Chrystusa i pomagamy ludziom naszych czas&oacute;w, aby Go spotkali, s\u0105 s\u0142abe. Czasami niekt&oacute;rzy my\u015bl\u0105 jeszcze, \u017ce niesienie Prawdy Ewangelii wi\u0105\u017ce si\u0119 z pogwa\u0142ceniem wolno\u015bci. Pawe\u0142 VI wyra\u017ca si\u0119 bardzo jasno na ten temat: &bdquo;Zapewne b\u0142\u0119dem jest narzucanie czego\u015b sumieniu naszych braci. Ale zupe\u0142nie czym\u015b innym jest przedstawianie temu\u017c sumieniu prawdy ewangelicznej i zbawienia w Jezusie Chrystusie, jasno je uwzgl\u0119dniaj\u0105c i pozostawiaj\u0105c temu\u017c sumieniu ca\u0142kowit\u0105 mo\u017cno\u015b\u0107 wyboru i decyzji &hellip; To wcale nie narusza wolno\u015bci religijnej, owszem, s\u0142u\u017cy tej wolno\u015bci&rdquo; (Adhortacja apostolska Evangelii nuntiandi, 80). Zawsze powinni\u015bmy odwa\u017cnie i z rado\u015bci\u0105, z szacunkiem, proponowa\u0107 spotkanie z Chrystusem, nie\u015b\u0107 Jego Ewangeli\u0119. Jezus przyszed\u0142 do nas, aby nam wskaza\u0107 drog\u0119 zbawienia i powierzy\u0142 r&oacute;wnie\u017c nam misj\u0119 nauczania, aby Go wszyscy poznali, a\u017c po kra\u0144ce ziemi. Cz\u0119sto widzimy, \u017ce uwydatnia si\u0119 i promuje przemoc, k\u0142amstwo, b\u0142\u0119dy. Spraw\u0105 nagl\u0105c\u0105 jest, by w naszych czasach uwypukli\u0107 pi\u0119kno \u017cycia wed\u0142ug Ewangelii poprzez jej g\u0142oszenie i \u015bwiadectwo o niej, czyni\u0105c to tak\u017ce wewn\u0105trz samego Ko\u015bcio\u0142a, dlatego \u017ce w tej perspektywie wa\u017cne jest, aby nigdy nie zapomina\u0107 o fundamentalnej zasadzie ka\u017cdego g\u0142osiciela Ewangelii: niemo\u017cliwe jest g\u0142oszenie Chrystusa bez Ko\u015bcio\u0142a. Ewangelizowanie nigdy nie jest aktem odosobnionym, indywidualnym, prywatnym, ale zawsze eklezjalnym. Pawe\u0142 VI napisa\u0142: &bdquo;kiedy cho\u0107by najpospolitszy kaznodzieja, katechista czy duszpasterz, w najbardziej odleg\u0142ym kraju, g\u0142osi Ewangeli\u0119, gromadzi sw\u0105 ma\u0142\u0105 wsp&oacute;lnot\u0119, udziela sakrament&oacute;w, cho\u0107by by\u0142 sam, wykonuje akt Ko\u015bcio\u0142a&rdquo;. Dzia\u0142a on &bdquo;nie na podstawie misji samowolnie uzurpowanej, ani nie na mocy osobistej inspiracji, ale w \u0142\u0105czno\u015bci z pos\u0142annictwem Ko\u015bcio\u0142a oraz w jego imieniu&rdquo; (tam\u017ce, 60). To daje moc misji i pozwala odczu\u0107 ka\u017cdemu misjonarzowi i g\u0142osicielowi Ewangelii, \u017ce nigdy nie jest sam, lecz stanowi cz\u0119\u015b\u0107 tego samego Cia\u0142a o\u017cywianego przez Ducha \u015awi\u0119tego.\n<\/p>\n<p style=\"text-align: justify;\">\n\t<strong>4.<\/strong> W naszych czasach powszechne przemieszczanie si\u0119 ludzi i \u0142atwo\u015b\u0107 komunikacji dzi\u0119ki &bdquo;nowym mediom&rdquo; spowodowa\u0142y wymieszanie si\u0119 mi\u0119dzy sob\u0105 lud&oacute;w, ich wiedzy i \u017cyciowego do\u015bwiadczenia. Ze wzgl\u0119du na prac\u0119 ca\u0142e rodziny przemieszczaj\u0105 si\u0119 z jednego kontynentu na drugi. Wymiana zawodowa i kulturowa, za kt&oacute;rymi post\u0119puj\u0105 turystyka i zjawiska jej podobne, powoduj\u0105 wielkie migracje ludzi. Niekiedy nawet wsp&oacute;lnotom parafialnym trudno jest stwierdzi\u0107 z ca\u0142\u0105 pewno\u015bci\u0105, kt&oacute;re osoby przebywaj\u0105 czasowo, a kt&oacute;re mieszkaj\u0105 na sta\u0142e na terytorium ich parafii. Ponadto na obszarach, kt&oacute;re od zawsze by\u0142y regionami tradycyjnie chrze\u015bcija\u0144skimi, wzrasta liczba tych, dla kt&oacute;rych wiara jest obca, s\u0105 oboj\u0119tni religijnie albo maj\u0105 inne wierzenia. Zreszt\u0105 nie jest rzadko\u015bci\u0105, \u017ce niekt&oacute;rzy ochrzczeni dokonuj\u0105 takich \u017cyciowych wybor&oacute;w, kt&oacute;re oddalaj\u0105 ich od wiary, co sprawia, \u017ce potrzebuj\u0105 &bdquo;nowej ewangelizacji&rdquo;. Do tego wszystkiego dochodzi fakt, \u017ce do ogromnej cz\u0119\u015bci ludzko\u015bci nie dotar\u0142a jeszcze Dobra Nowina Jezusa Chrystusa. Prze\u017cywamy ponadto kryzys, kt&oacute;ry dotyka r&oacute;\u017cnych sfer ludzkiej egzystencji. Jest to nie tylko kryzys ekonomiczny, finansowy, zwi\u0105zany z bezpiecze\u0144stwem \u017cywno\u015bciowym czy \u015brodowiskiem naturalnym, ale r&oacute;wnie\u017c dotycz\u0105cy najg\u0142\u0119bszego sensu istnienia i fundamentalnych warto\u015bci, kt&oacute;re go o\u017cywiaj\u0105. Wsp&oacute;\u0142istnienie ludzi r&oacute;wnie\u017c jest naznaczone napi\u0119ciami i konfliktami, kt&oacute;re wywo\u0142uj\u0105 brak poczucia bezpiecze\u0144stwa oraz trudno\u015bci w znalezieniu drogi do trwa\u0142ego pokoju. W tej z\u0142o\u017conej sytuacji, w kt&oacute;rej na horyzoncie tera\u017aniejszo\u015bci i przysz\u0142o\u015bci gromadz\u0105 si\u0119 gro\u017ane chmury, spraw\u0105 tym bardziej piln\u0105 jest niesienie z odwag\u0105 w ka\u017cd\u0105 rzeczywisto\u015b\u0107 Ewangelii Chrystusa, kt&oacute;ra jest g\u0142oszeniem nadziei, pojednania, komunii, jest g\u0142oszeniem blisko\u015bci Boga, Jego mi\u0142osierdzia, Jego zbawienia, jest g\u0142oszeniem tego, \u017ce moc Bo\u017cej mi\u0142o\u015bci jest zdolna pokona\u0107 ciemno\u015bci z\u0142a i poprowadzi\u0107 na drogi dobra. Cz\u0142owiek naszych czas&oacute;w potrzebuje pewnego \u015bwiat\u0142a, kt&oacute;re o\u015bwieci jego drog\u0119 i kt&oacute;re mo\u017ce mu da\u0107 jedynie spotkanie z Chrystusem. Poprzez nasze \u015bwiadectwo z mi\u0142o\u015bci\u0105 nie\u015bmy temu \u015bwiatu nadziej\u0119, kt&oacute;r\u0105 nam daje nasza wiara! Misyjny charakter Ko\u015bcio\u0142a nie jest prozelityzmem, lecz \u015bwiadectwem \u017cycia, kt&oacute;re o\u015bwieca drog\u0119, przynosi nadziej\u0119 i mi\u0142o\u015b\u0107. Ko\u015bci&oacute;\u0142 &ndash; powtarzam to jeszcze raz &ndash; nie jest organizacj\u0105 pomocy spo\u0142ecznej, przedsi\u0119biorstwem czy jak\u0105\u015b organizacj\u0105 pozarz\u0105dow\u0105, ale jest wsp&oacute;lnot\u0105 os&oacute;b o\u017cywionych dzia\u0142aniem Ducha \u015awi\u0119tego, kt&oacute;re zachwyci\u0142y si\u0119 spotkaniem z Jezusem Chrystusem, \u017cyj\u0105 nim nadal i pragn\u0105 dzieli\u0107 si\u0119 tym do\u015bwiadczeniem g\u0142\u0119bokiej rado\u015bci, dzieli\u0107 si\u0119 or\u0119dziem zbawienia, kt&oacute;re da\u0142 nam Pan. To w\u0142a\u015bnie Duch \u015awi\u0119ty prowadzi Ko\u015bci&oacute;\u0142 na tej drodze.\n<\/p>\n<p style=\"text-align: justify;\">\n\t<strong>5.<\/strong> Chcia\u0142bym was wszystkich zach\u0119ci\u0107, aby\u015bcie byli g\u0142osicielami Dobrej Nowiny Chrystusa i jestem szczeg&oacute;lnie wdzi\u0119czny misjonarzom, kap\u0142anom fidei donum, zakonnikom, zakonnicom, wiernym \u015bwieckim &ndash; ci\u0105gle coraz liczniejszym &ndash; kt&oacute;rzy odpowiadaj\u0105c na wezwanie Chrystusa, opuszczaj\u0105 swoj\u0105 w\u0142asn\u0105 ojczyzn\u0119, aby s\u0142u\u017cy\u0107 Ewangelii na innych ziemiach i w innych kulturach. Chcia\u0142bym jednak r&oacute;wnie\u017c podkre\u015bli\u0107, \u017ce obecnie m\u0142ode Ko\u015bcio\u0142y wspania\u0142omy\u015blnie anga\u017cuj\u0105 si\u0119 w posy\u0142anie misjonarzy do Ko\u015bcio\u0142&oacute;w, kt&oacute;re znajduj\u0105 si\u0119 w trudnej sytuacji &ndash; nierzadko do Ko\u015bcio\u0142&oacute;w w krajach od dawna chrze\u015bcija\u0144skich &ndash; w kt&oacute;re wnosz\u0105 \u015bwie\u017co\u015b\u0107 i entuzjazm, z jakimi prze\u017cywaj\u0105 wiar\u0119, kt&oacute;ra odnawia \u017cycie i daje nadziej\u0119. \u017by\u0107 zgodnie z tym powiewem uniwersalno\u015bci, odpowiadaj\u0105c na wezwanie Jezusa &bdquo;Id\u017acie wi\u0119c i nauczajcie wszystkie narody&rdquo; (Mt 28, 19), stanowi bogactwo ka\u017cdego Ko\u015bcio\u0142a partykularnego, ka\u017cdej wsp&oacute;lnoty, a posy\u0142anie misjonarzy nigdy nie jest strat\u0105, lecz zyskiem. Zach\u0119cam tych wszystkich, kt&oacute;rzy czuj\u0105 si\u0119 wezwani, aby wielkodusznie odpowiedzieli na g\u0142os Ducha \u015awi\u0119tego, zgodnie z ich sytuacj\u0105, i aby nie bali si\u0119 by\u0107 wspania\u0142omy\u015blnymi dla Pana. Zach\u0119cam tak\u017ce biskup&oacute;w, rodziny zakonne, wsp&oacute;lnoty i stowarzyszenia chrze\u015bcija\u0144skie, aby wspiera\u0142y z przenikliwo\u015bci\u0105 i z uwa\u017cnym rozeznaniem misyjne powo\u0142ania ad gentes i by pomaga\u0142y Ko\u015bcio\u0142om, kt&oacute;re potrzebuj\u0105 kap\u0142an&oacute;w, zakonnik&oacute;w i zakonnic, jak i \u015bwieckich, aby wzmacnia\u0107 wsp&oacute;lnot\u0119 chrze\u015bcija\u0144sk\u0105. Ta troska powinna by\u0107 r&oacute;wnie\u017c obecna w \u0142onie Ko\u015bcio\u0142&oacute;w nale\u017c\u0105cych do tej samej konferencji Episkopatu, czy tego samego regionu. Jest wa\u017cne, aby Ko\u015bcio\u0142y, kt&oacute;re s\u0105 bogatsze w powo\u0142ania, wspania\u0142omy\u015blnie pomaga\u0142y tym, kt&oacute;re cierpi\u0105 z powodu ich braku.\n<\/p>\n<p style=\"text-align: justify;\">\n\tZach\u0119cam te\u017c misjonarzy, szczeg&oacute;lnie kap\u0142an&oacute;w fidei donum i osoby \u015bwieckie, aby z rado\u015bci\u0105 prze\u017cywali swoj\u0105 cenn\u0105 pos\u0142ug\u0119 w Ko\u015bcio\u0142ach, do kt&oacute;rych zostali pos\u0142ani, i by nie\u015bli ich rado\u015b\u0107 i do\u015bwiadczenie Ko\u015bcio\u0142om, z kt&oacute;rych pochodz\u0105, pami\u0119taj\u0105c jak to Pawe\u0142 i Barnaba, pod koniec pierwszej podr&oacute;\u017cy misyjnej &bdquo;Kiedy przybyli i zebrali [miejscowy] Ko\u015bci&oacute;\u0142, opowiedzieli, jak wiele B&oacute;g przez nich zdzia\u0142a\u0142 i jak otworzy\u0142 poganom podwoje wiary&rdquo; (Dz 14, 27). Mog\u0105 si\u0119 oni sta\u0107 dla nich, w pewnym sensie, drog\u0105 do odnowy wiary, wnosz\u0105c \u015bwie\u017co\u015b\u0107 m\u0142odych Ko\u015bcio\u0142&oacute;w, aby Ko\u015bcio\u0142y o staro\u017cytnej chrze\u015bcija\u0144skiej tradycji odnalaz\u0142y entuzjazm i rado\u015b\u0107 dzielenia si\u0119 wiar\u0105 we wzajemnej wymianie, kt&oacute;ra jest obustronnym ubogacaniem si\u0119 na drodze na\u015bladowania Pana.\n<\/p>\n<p style=\"text-align: justify;\">\n\tTroska o wszystkie Ko\u015bcio\u0142y, jak\u0105 Biskup Rzymu dzieli ze swoimi wsp&oacute;\u0142bra\u0107mi biskupami, w spos&oacute;b znamienny realizuje si\u0119 poprzez zaanga\u017cowanie Papieskich Dzie\u0142 Misyjnych, kt&oacute;re maj\u0105 za cel o\u017cywia\u0107 i pog\u0142\u0119bia\u0107 \u015bwiadomo\u015b\u0107 misyjn\u0105 ka\u017cdego ochrzczonego i ka\u017cdej wsp&oacute;lnoty, czy to przypominaj\u0105c o konieczno\u015bci pog\u0142\u0119bionej formacji misyjnej ca\u0142ego Ludu Bo\u017cego, czy te\u017c o\u017cywiaj\u0105c wra\u017cliwo\u015b\u0107 wsp&oacute;lnot chrze\u015bcija\u0144skich tak, aby zaofiarowa\u0142y swoj\u0105 pomoc w przekazywaniu Ewangelii \u015bwiatu.\n<\/p>\n<p style=\"text-align: justify;\">\n\tKieruj\u0119 wreszcie moje my\u015bli w stron\u0119 chrze\u015bcijan, kt&oacute;rzy w r&oacute;\u017cnych cz\u0119\u015bciach \u015bwiata napotykaj\u0105 na trudno\u015bci dotycz\u0105ce otwartego wyznawania swojej wiary i uznania ich prawa do \u017cycia zgodnie z wiar\u0105. Nasi bracia i siostry s\u0105 odwa\u017cnymi \u015bwiadkami &ndash; liczniejszymi ni\u017c m\u0119czennicy pierwszych wiek&oacute;w &ndash; kt&oacute;rzy z apostolsk\u0105 wytrwa\u0142o\u015bci\u0105 znosz\u0105 r&oacute;\u017cne wsp&oacute;\u0142czesne formy prze\u015bladowania. Wielu jest takich, kt&oacute;rzy ryzykuj\u0105 nawet \u017cycie, aby dochowa\u0107 wierno\u015bci Ewangelii Chrystusa. Pragn\u0119 zapewni\u0107, \u017ce poprzez modlitw\u0119 jestem blisko tych os&oacute;b, rodzin i wsp&oacute;lnot, kt&oacute;re do\u015bwiadczaj\u0105 przemocy i nietolerancji i powtarzam im pocieszaj\u0105ce s\u0142owa Jezusa: &bdquo;miejcie odwag\u0119: Jam zwyci\u0119\u017cy\u0142 \u015bwiat&rdquo; (J 16, 33).\n<\/p>\n<p style=\"text-align: justify;\">\n\tBenedykt XVI zach\u0119ca\u0142: &bdquo;Oby s\u0142owo Pa\u0144skie rozszerza\u0142o si\u0119 i rozs\u0142awia\u0142o (2 Tes 3, 1): oby ten Rok Wiary coraz bardziej umacnia\u0142 nasz\u0105 wi\u0119\u017a z Chrystusem Panem, gdy\u017c tylko w Nim jest pewno\u015b\u0107 przysz\u0142o\u015bci i gwarancja prawdziwej i trwa\u0142ej mi\u0142o\u015bci&rdquo; (Porta Fidei, 15). Jest to moje \u017cyczenie na tegoroczny \u015awiatowy Dzie\u0144 Misyjny. Z ca\u0142ego serca b\u0142ogos\u0142awi\u0119 misjonarzom i tym wszystkim, kt&oacute;rzy im towarzysz\u0105 i wspieraj\u0105 to fundamentalne zaanga\u017cowanie Ko\u015bcio\u0142a, aby g\u0142oszenie Ewangelii mog\u0142o rozbrzmiewa\u0107 we wszystkich cz\u0119\u015bciach \u015bwiata i \u017ceby\u015bmy my, s\u0142udzy Ewangelii i misjonarze, do\u015bwiadczali &bdquo;s\u0142odkiej i pokrzepiaj\u0105cej rado\u015bci ewangelizowania&rdquo; (Pawe\u0142 VI, Evangelii nuntiandi, 80).\n<\/p>\n<p style=\"padding-left: 30px; text-align: justify;\">\n\tWatykan, 19 maja 2013, w uroczysto\u015b\u0107 Zes\u0142ania Ducha \u015awi\u0119tego\n<\/p>\n<p style=\"text-align: justify;\">\n\t<em><strong>FRANCISZEK<\/strong><\/em><\/p>\n","protected":false},"excerpt":{"rendered":"<p>Drodzy Bracia i Siostry! W tym roku \u015awiatowy Dzie\u0144 Misyjny b\u0119dziemy obchodzi\u0107 pod koniec Roku Wiary. Jest to wspania\u0142a okazja, aby umocni\u0107 nasz\u0105 przyja\u017a\u0144 z Panem i nasze w\u0119drowanie z Nim jako Ko\u015bci&oacute;\u0142, kt&oacute;ry odwa\u017cnie g\u0142osi Ewangeli\u0119. W takiej perspektywie chcia\u0142bym zaproponowa\u0107 kilka refleksji.<span class=\"more-link\"><a href=\"https:\/\/parafiabesko.pl\/?p=1229\">Czytaj wi\u0119cej<\/a><\/span><\/p>\n","protected":false},"author":1,"featured_media":733,"comment_status":"closed","ping_status":"open","sticky":false,"template":"","format":"standard","meta":{"footnotes":""},"categories":[6],"tags":[],"class_list":["entry","author-adminparafiibesko","has-more-link","post-1229","post","type-post","status-publish","format-standard","has-post-thumbnail","category-uncategorized"],"_links":{"self":[{"href":"https:\/\/parafiabesko.pl\/index.php?rest_route=\/wp\/v2\/posts\/1229","targetHints":{"allow":["GET"]}}],"collection":[{"href":"https:\/\/parafiabesko.pl\/index.php?rest_route=\/wp\/v2\/posts"}],"about":[{"href":"https:\/\/parafiabesko.pl\/index.php?rest_route=\/wp\/v2\/types\/post"}],"author":[{"embeddable":true,"href":"https:\/\/parafiabesko.pl\/index.php?rest_route=\/wp\/v2\/users\/1"}],"replies":[{"embeddable":true,"href":"https:\/\/parafiabesko.pl\/index.php?rest_route=%2Fwp%2Fv2%2Fcomments&post=1229"}],"version-history":[{"count":0,"href":"https:\/\/parafiabesko.pl\/index.php?rest_route=\/wp\/v2\/posts\/1229\/revisions"}],"wp:featuredmedia":[{"embeddable":true,"href":"https:\/\/parafiabesko.pl\/index.php?rest_route=\/"}],"wp:attachment":[{"href":"https:\/\/parafiabesko.pl\/index.php?rest_route=%2Fwp%2Fv2%2Fmedia&parent=1229"}],"wp:term":[{"taxonomy":"category","embeddable":true,"href":"https:\/\/parafiabesko.pl\/index.php?rest_route=%2Fwp%2Fv2%2Fcategories&post=1229"},{"taxonomy":"post_tag","embeddable":true,"href":"https:\/\/parafiabesko.pl\/index.php?rest_route=%2Fwp%2Fv2%2Ftags&post=1229"}],"curies":[{"name":"wp","href":"https:\/\/api.w.org\/{rel}","templated":true}]}}