{"id":1210,"date":"2013-10-13T07:31:43","date_gmt":"2013-10-13T07:31:43","guid":{"rendered":"http:\/\/parafiabesko.pl\/?p=1210"},"modified":"2013-10-13T07:31:43","modified_gmt":"2013-10-13T07:31:43","slug":"jan-pawel-ii-papiez-dialogu","status":"publish","type":"post","link":"https:\/\/parafiabesko.pl\/?p=1210","title":{"rendered":"Jan Pawe\u0142 II &#8211; Papie\u017c Dialogu"},"content":{"rendered":"<p style=\"text-align: justify;\">\n\tList Episkopatu Polski na XXVII niedziel\u0119 zwyk\u0142\u0105 zapowiadaj\u0105cy obchody XIII Dnia Papieskiego &ndash; 13 pa\u017adziernika 2013 roku.\n<\/p>\n<p>\n\t<!--more-->\n<\/p>\n<p style=\"text-align: justify;\">\n\t<strong>Wst\u0119p <\/strong>\n<\/p>\n<p style=\"text-align: justify;\">\n\tUmi\u0142owani w&nbsp;Chrystusie Panu Bracia i&nbsp;Siostry! Ostatnie lata pokaza\u0142y, z&nbsp;jak\u0105 trudno\u015bci\u0105 przychodzi nam prowadzenie dialogu. Zauwa\u017ca si\u0119 to w&nbsp;wielu dziedzinach \u017cycia: w&nbsp;rodzinie i&nbsp;w pracy, w&nbsp;\u017cyciu spo\u0142ecznym i&nbsp;w polityce, w&nbsp;relacjach z&nbsp;bliskimi i&nbsp;z obcymi, kt&oacute;rzy do nas przybywaj\u0105. Ludziom trudno jest porozumie\u0107 si\u0119 mi\u0119dzy sob\u0105 w&nbsp;kwestiach \u015bwiatopogl\u0105du, etyki, kultury, nie m&oacute;wi\u0105c o&nbsp;polityce czy gospodarce. Trudny, ale potrzebny &nbsp;jest dialog na temat wsp&oacute;\u0142czesnej rodziny czy wychowania.\n<\/p>\n<p style=\"text-align: justify;\">\n\tPontyfikat Jana Paw\u0142a II by\u0142 czasem wielkiego dialogu, czyli rozmowy Papie\u017ca z&nbsp;Bogiem na modlitwie, w&nbsp;czasie Liturgii i&nbsp;w osobistych kontaktach. Lata papieskiego pos\u0142ugiwania by\u0142y r&oacute;wnie\u017c naznaczone jego dialogiem z&nbsp;cz\u0142owiekiem i&nbsp;ze wsp&oacute;\u0142czesnym \u015bwiatem. Temu zagadnieniu chcemy po\u015bwi\u0119ci\u0107 tegoroczny Dzie\u0144 Papieski, kt&oacute;ry odb\u0119dzie si\u0119 w&nbsp;najbli\u017csz\u0105 niedziel\u0119. Jego tematem b\u0119d\u0105 s\u0142owa: <em>Jan Pawe\u0142 II &ndash; Papie\u017c Dialogu<\/em>.\n<\/p>\n<p style=\"text-align: justify;\">\n\t<strong>1. Potrzeba dialogu<\/strong>\n<\/p>\n<p style=\"text-align: justify;\">\n\tDrodzy Bracia i&nbsp;Siostry! Odczytane dzi\u015b s\u0142owo Bo\u017ce przypomina nam, \u017ce B&oacute;g od pocz\u0105tku historii zbawienia wchodzi\u0142 w&nbsp;dialog z&nbsp;cz\u0142owiekiem, daj\u0105c wyraz mi\u0142o\u015bci Stw&oacute;rcy do stworzenia, dobrego Ojca do swych dzieci. Dialog z&nbsp;Bogiem wynika\u0142 r&oacute;wnie\u017c z&nbsp;potrzeby ludzkiego serca, kt&oacute;re odpowiada\u0142o w&nbsp;ten spos&oacute;b na mi\u0142o\u015b\u0107 Boga. Dialog ten zosta\u0142 zak\u0142&oacute;cony przez grzech pierwszych rodzic&oacute;w, kt&oacute;rzy wchodz\u0105c w&nbsp;rozmow\u0119 z&nbsp;w\u0119\u017cem &ndash; &nbsp;szatanem, zerwali dialog mi\u0142o\u015bci ze Stw&oacute;rc\u0105. Grzech wprowadzi\u0142 w&nbsp;relacj\u0119 cz\u0142owieka do Boga l\u0119k i&nbsp;niepok&oacute;j, brak zaufania i&nbsp;podejrzliwo\u015b\u0107.\n<\/p>\n<p style=\"text-align: justify;\">\n\tW sercu cz\u0142owieka pozosta\u0142a jednak t\u0119sknota za prawdziwym i&nbsp;szczerym dialogiem ze Stw&oacute;rc\u0105. Wyrazem zagubienia ludzkiego i&nbsp;t\u0119sknoty za Bogiem s\u0105 s\u0142owa z&nbsp;Ksi\u0119gi proroka Habakuka: &bdquo;Dok\u0105d, Panie, wzywa\u0107 Ci\u0119 b\u0119d\u0119, a&nbsp;Ty nie wys\u0142uchujesz? Wo\u0142a\u0107 b\u0119d\u0119 ku Tobie&#8230; a&nbsp;Ty nie pomagasz?&rdquo; (Ha 1, 2). B&oacute;g jednak odpowiada na ludzkie l\u0119ki i&nbsp;niepokoje, wysy\u0142aj\u0105c prorok&oacute;w, by ostatecznie da\u0107 odpowied\u017a w&nbsp;swoim Synu Jezusie Chrystusie. W&nbsp;Nim B&oacute;g nieustannie rozmawia z&nbsp;cz\u0142owiekiem. W&nbsp;dzisiejszej Ewangelii t\u0119 prawd\u0119 odkrywaj\u0105 Aposto\u0142owie, prosz\u0105c Chrystusa o&nbsp;przymno\u017cenie wiary, poniewa\u017c ona jest przestrzeni\u0105 dialogu cz\u0142owieka z&nbsp;Bogiem.\n<\/p>\n<p style=\"text-align: justify;\">\n\tPsalm responsoryjny z&nbsp;dzisiejszej niedzieli zach\u0119ca, aby\u015bmy s\u0142ysz\u0105c g\u0142os Pana serc nie zatwardzali, aby\u015bmy us\u0142yszeli g\u0142os Jego (por. Ps. 95,7). Ostatecznym celem dialogu Boga z&nbsp;cz\u0142owiekiem jest bowiem jego zbawienie. Ko\u015bci&oacute;\u0142, b\u0119d\u0105c w&nbsp;Chrystusie znakiem i&nbsp;narz\u0119dziem zbawienia, &bdquo;pos\u0142uguje si\u0119 &ndash; jak przypomina b\u0142. Jan Pawe\u0142 II &ndash; metod\u0105 dialogu, aby prowadzi\u0107 nas do nawr&oacute;cenia, pokuty, odnowy sumienia i&nbsp;\u017cycia w&nbsp;\u015bwietle tajemnicy odkupienia (por. RP 25).\n<\/p>\n<p style=\"text-align: justify;\">\n\t<strong>2. Zasady prawdziwego dialogu<\/strong>\n<\/p>\n<p style=\"text-align: justify;\">\n\tDrodzy Bracia i&nbsp;Siostry! Autentyczny dialog domaga si\u0119 zachowania kilku istotnych zasad. Wed\u0142ug b\u0142. Jana Paw\u0142a II podstawowym warunkiem dialogu jest poszanowanie prawdy. Jej biblijne poj\u0119cie opiera si\u0119 na spotkaniu cz\u0142owieka z&nbsp;Bogiem, na wierno\u015bci Przymierzu, kt&oacute;re w&nbsp;pe\u0142ni objawi\u0142o si\u0119 w&nbsp;Jezusie Chrystusie.\n<\/p>\n<p style=\"text-align: justify;\">\n\tKolejn\u0105 wa\u017cn\u0105 zasad\u0105 dialogu jest wierno\u015b\u0107 Jezusowi Chrystusowi, kt&oacute;ry jest &bdquo;drog\u0105, prawd\u0105 i&nbsp;\u017cyciem&rdquo; (J 14,6) oraz za\u0142o\u017conemu przez Niego Ko\u015bcio\u0142owi. B\u0142ogos\u0142awiony Papie\u017c widzia\u0142 pewne niebezpiecze\u0144stwo w&nbsp;tym, \u017ce cz\u0142owiek w&nbsp;imi\u0119 powierzchownie pojmowanego kompromisu i&nbsp;ch\u0119ci zachowania spokoju got&oacute;w jest zrezygnowa\u0107 z&nbsp;niekt&oacute;rych prawd wiary. Taka postawa wobec wiary w&nbsp;spos&oacute;b oczywisty godzi w&nbsp;jej integralno\u015b\u0107 i&nbsp;to\u017csamo\u015b\u0107. W&nbsp;1979 roku, w&nbsp;Cz\u0119stochowie Jan Pawe\u0142 II w&nbsp;przem&oacute;wieniu do Konferencji Episkopatu Polski zaznaczy\u0142: &bdquo;W dialogu trzeba jasno m&oacute;wi\u0107, kim ja jestem, \u017cebym m&oacute;g\u0142 rozmawia\u0107 z&nbsp;kim\u015b drugim, kt&oacute;ry jest inny. Trzeba bardzo jasno to m&oacute;wi\u0107, bardzo stanowczo: kim ja jestem, kim ja chc\u0119 by\u0107 i&nbsp;kim chc\u0119 pozosta\u0107&rdquo;.\n<\/p>\n<p style=\"text-align: justify;\">\n\tDialog to co\u015b wi\u0119cej ni\u017c wymiana pogl\u0105d&oacute;w, krytyka, sp&oacute;r czy polemika. Zaczyna si\u0119 on od spotkania cz\u0142owieka z&nbsp;cz\u0142owiekiem, cierpliwego s\u0142uchania, zadawania pyta\u0144, a\u017c po mo\u017cliwo\u015b\u0107 wypowiedzenia si\u0119. Tak rozumiany dialog zak\u0142ada otwarto\u015b\u0107 i&nbsp;dobr\u0105 wol\u0119 oraz wzajemny szacunek. Daje mo\u017cliwo\u015b\u0107 przemy\u015blenia w\u0142asnych argument&oacute;w, ich zweryfikowania oraz zrozumienia drugiej strony. Nie jest mu obce do\u015bwiadczenie trudno\u015bci i&nbsp;braku zrozumienia. Wierzymy jednak, \u017ce prawda jest silniejsza i&nbsp;ma moc pokona\u0107 przeciwno\u015bci. Takim procesem dialogu kieruje Duch \u015awi\u0119ty &ndash; Dawca M\u0105dro\u015bci, na kt&oacute;rego powinni\u015bmy si\u0119 nieustannie otwiera\u0107. Dialog ko\u0144czy si\u0119, je\u015bli miejsce \u017cyczliwo\u015bci zajmie wrogo\u015b\u0107 czy ch\u0119\u0107 dominacji. Jego zaprzeczeniem jest na przyk\u0142ad kompromis za wszelk\u0105 cen\u0119, godz\u0105cy si\u0119 na odst\u0119pstwa od prawdy. Nie wolno bowiem godzi\u0107 si\u0119 na \u0142amanie prawdy Bo\u017cej nawet kosztem utraty popularno\u015bci. \u015aw. Pawe\u0142 w&nbsp;li\u015bcie &nbsp;do Tymoteusza przypomina, \u017ce: &bdquo;nie da\u0142 nam B&oacute;g ducha boja\u017ani, ale mocy i&nbsp;mi\u0142o\u015bci, i&nbsp;trze\u017awego my\u015blenia&rdquo; (2 Tm 1, 7).&nbsp;&nbsp;&nbsp;&nbsp;&nbsp;&nbsp;&nbsp;\n<\/p>\n<p style=\"text-align: justify;\">\n\tOjciec \u015awi\u0119ty Jan Pawe\u0142 II, obok s\u0142&oacute;w, pozostawi\u0142 nam tak\u017ce przyk\u0142ad takiego dialogu. Pami\u0119tamy cho\u0107by mi\u0119dzyreligijne spotkanie modlitewne w&nbsp;Asy\u017cu (1986) nieustanny dialog z&nbsp;m\u0142odzie\u017c\u0105, rozmowy z&nbsp;przyw&oacute;dcami religijnymi, spotkania z&nbsp;dyplomatami niemal wszystkich kraj&oacute;w \u015bwiata, przem&oacute;wienia w&nbsp;parlamentach czy organizacjach mi\u0119dzynarodowych, jak chocia\u017cby w&nbsp;ONZ. Wszystkie te dzia\u0142ania mia\u0142y swe \u017ar&oacute;d\u0142o w&nbsp;ci\u0105g\u0142ym dialogu B\u0142ogos\u0142awionego Papie\u017ca z&nbsp;Bogiem na modlitwie.\n<\/p>\n<p style=\"text-align: justify;\">\n\tNie ulega w\u0105tpliwo\u015bci, \u017ce ka\u017cde spotkanie ludzi stwarza okazj\u0119 do dialogu. My\u015blimy tutaj szczeg&oacute;lnie o&nbsp;narzecze\u0144stwie i&nbsp;ma\u0142\u017ce\u0144stwie, o&nbsp;spotkaniu w&nbsp;rodzinie, s\u0105siedztwie i&nbsp;spo\u0142eczno\u015bci lokalnej, w&nbsp;miejscu nauki czy pracy, w&nbsp;\u015bwiecie kultury i&nbsp;medi&oacute;w, w&nbsp;sferze spo\u0142ecznej czy w&nbsp;debacie politycznej. Ojciec \u015awi\u0119ty Jan Pawe\u0142 II przypomina\u0142 te\u017c o&nbsp;dialogu w&nbsp;\u0142onie samego Ko\u015bcio\u0142a. We wspomnianej ju\u017c adhortacji o&nbsp;pojednaniu i&nbsp;pokucie napisa\u0142: &bdquo;U podstaw owego dialogu z&nbsp;innymi Ko\u015bcio\u0142ami i&nbsp;Wsp&oacute;lnotami ko\u015bcielnymi, a&nbsp;tak\u017ce innymi religiami, jako warunek jego wiarygodno\u015bci i&nbsp;skuteczno\u015bci, winien znale\u017a\u0107 si\u0119 szczery wysi\u0142ek sta\u0142ego i&nbsp;odnowionego dialogu wewn\u0105trz samego Ko\u015bcio\u0142a katolickiego. Ko\u015bci&oacute;\u0142 ten jest \u015bwiadomy (&hellip;) istniej\u0105cych w&nbsp;jego \u0142onie napi\u0119\u0107, mog\u0105cych sta\u0107 si\u0119 czynnikami podzia\u0142u&rdquo; (RP 25). Przezwyci\u0119\u017cenie napi\u0119\u0107 i&nbsp;konflikt&oacute;w w&nbsp;Ko\u015bciele jest mo\u017cliwe, je\u015bli cz\u0142owiek staje wobec s\u0142owa Bo\u017cego i,&nbsp;odrzucaj\u0105c w\u0142asne subiektywne zapatrywania, szuka prawdy tam, gdzie si\u0119 ona znajduje. \u0179r&oacute;d\u0142em prawdy jest s\u0142owo Bo\u017ce i&nbsp;jego autentyczna interpretacja, podawana przez Magisterium Ko\u015bcio\u0142a. W&nbsp;tym \u015bwietle trzeba ws\u0142uchiwa\u0107 si\u0119 we wzajemne opinie, wstrzymuj\u0105c si\u0119 od pospiesznych ocen i&nbsp;s\u0105d&oacute;w.\n<\/p>\n<p style=\"text-align: justify;\">\n\t<strong>3. Wpierajmy wsp&oacute;lne dzie\u0142o<\/strong>\n<\/p>\n<p style=\"text-align: justify;\">\n\tBracia i&nbsp;Siostry! Z&nbsp;rado\u015bci\u0105 oczekujemy na blisk\u0105 ju\u017c kanonizacj\u0119 Naszego Papie\u017ca, kt&oacute;ry by\u0142 i&nbsp;jest darem Opatrzno\u015bci Bo\u017cej dla Ko\u015bcio\u0142a. Pragniemy te\u017c nada\u0107 g\u0142\u0119bszy wyraz temu wydarzeniu, podejmuj\u0105c wysi\u0142ek realizacji Jego wskaza\u0144 i&nbsp;nauki. Dlatego te\u017c za tydzie\u0144, podczas XIII Dnia Papieskiego, obchodzonego pod has\u0142em: <em>Jan Pawe\u0142 II &ndash; Papie\u017c Dialogu<\/em>, b\u0119dziemy mieli okazj\u0119 wspom&oacute;c tak\u017ce dzie\u0142o, kt&oacute;re od lat nazywane jest &bdquo;\u017cywym pomnikiem&rdquo; Jana Paw\u0142a II. Fundacja Dzie\u0142o Nowego Tysi\u0105clecia poprzez stypendia wspiera materialnie i&nbsp;duchowo ponad 2500 stypendyst&oacute;w z&nbsp;ca\u0142ej Polski, pochodz\u0105cych g\u0142&oacute;wnie z&nbsp;rodzin wielodzietnych. Dzi\u0119ki ofiarno\u015bci Polak&oacute;w z&nbsp;kraju i&nbsp;z zagranicy mog\u0105 oni realizowa\u0107 swoje marzenia edukacyjne. W&nbsp;duchu warto\u015bci, kt&oacute;rym s\u0142u\u017cy\u0142 B\u0142ogos\u0142awiony Papie\u017c, stypendy\u015bci pragn\u0105 dobrze przygotowa\u0107 si\u0119 do zada\u0144 czekaj\u0105cych ich w&nbsp;doros\u0142ym \u017cyciu. To wielkie i&nbsp;pi\u0119kne dzie\u0142o wszystkich Polak&oacute;w, b\u0142. Jan Pawe\u0142 II ju\u017c za \u017cycia okre\u015bli\u0142 jako pomnik najbli\u017cszy jego sercu. Tym bardziej zach\u0119camy do wspierania tego dzie\u0142a modlitw\u0105, dobrym s\u0142owem, cierpieniem i&nbsp;ofiar\u0105. W&nbsp;przysz\u0142\u0105 niedziel\u0119, podczas kwesty przy ko\u015bcio\u0142ach, na ulicach i&nbsp;w miejscach publicznych, b\u0119dziemy mogli wesprze\u0107 tak\u017ce materialnie ten wyj\u0105tkowy pomnik wdzi\u0119czno\u015bci, budowany B\u0142ogos\u0142awionemu Papie\u017cowi. Jest to mo\u017cliwe w\u0142a\u015bnie dzi\u0119ki zbi&oacute;rce w&nbsp;Dzie\u0144 Papieski, za kt&oacute;r\u0105 wszystkim serdecznie dzi\u0119kujemy.\n<\/p>\n<p style=\"text-align: justify;\">\n\tNa czas prze\u017cywania XIII Dnia Papieskiego udzielamy wszystkim pasterskiego b\u0142ogos\u0142awie\u0144stwa.\n<\/p>\n<p style=\"text-align: justify;\">\n\t&nbsp;\n<\/p>\n<p style=\"text-align: justify;\">\n\tPodpisali<em>: Kardyna\u0142owie, Arcybiskupi i&nbsp;Biskupi<\/em><br \/>\n\tobecni na 362. Zebraniu Plenarnym<br \/>\n\tKonferencji Episkopatu Polski w&nbsp;Krakowie<br \/>\n\tw dniu 21 czerwca 2013 r.<\/p>\n","protected":false},"excerpt":{"rendered":"<p>List Episkopatu Polski na XXVII niedziel\u0119 zwyk\u0142\u0105 zapowiadaj\u0105cy obchody XIII Dnia Papieskiego &ndash; 13 pa\u017adziernika 2013 roku.<span class=\"more-link\"><a href=\"https:\/\/parafiabesko.pl\/?p=1210\">Czytaj wi\u0119cej<\/a><\/span><\/p>\n","protected":false},"author":1,"featured_media":1211,"comment_status":"closed","ping_status":"open","sticky":false,"template":"","format":"standard","meta":{"footnotes":""},"categories":[6],"tags":[],"class_list":["entry","author-adminparafiibesko","has-more-link","post-1210","post","type-post","status-publish","format-standard","has-post-thumbnail","category-uncategorized"],"_links":{"self":[{"href":"https:\/\/parafiabesko.pl\/index.php?rest_route=\/wp\/v2\/posts\/1210","targetHints":{"allow":["GET"]}}],"collection":[{"href":"https:\/\/parafiabesko.pl\/index.php?rest_route=\/wp\/v2\/posts"}],"about":[{"href":"https:\/\/parafiabesko.pl\/index.php?rest_route=\/wp\/v2\/types\/post"}],"author":[{"embeddable":true,"href":"https:\/\/parafiabesko.pl\/index.php?rest_route=\/wp\/v2\/users\/1"}],"replies":[{"embeddable":true,"href":"https:\/\/parafiabesko.pl\/index.php?rest_route=%2Fwp%2Fv2%2Fcomments&post=1210"}],"version-history":[{"count":0,"href":"https:\/\/parafiabesko.pl\/index.php?rest_route=\/wp\/v2\/posts\/1210\/revisions"}],"wp:featuredmedia":[{"embeddable":true,"href":"https:\/\/parafiabesko.pl\/index.php?rest_route=\/"}],"wp:attachment":[{"href":"https:\/\/parafiabesko.pl\/index.php?rest_route=%2Fwp%2Fv2%2Fmedia&parent=1210"}],"wp:term":[{"taxonomy":"category","embeddable":true,"href":"https:\/\/parafiabesko.pl\/index.php?rest_route=%2Fwp%2Fv2%2Fcategories&post=1210"},{"taxonomy":"post_tag","embeddable":true,"href":"https:\/\/parafiabesko.pl\/index.php?rest_route=%2Fwp%2Fv2%2Ftags&post=1210"}],"curies":[{"name":"wp","href":"https:\/\/api.w.org\/{rel}","templated":true}]}}