{"id":1197,"date":"2013-10-06T20:14:07","date_gmt":"2013-10-06T20:14:07","guid":{"rendered":"http:\/\/parafiabesko.pl\/?p=1197"},"modified":"2013-10-06T20:14:07","modified_gmt":"2013-10-06T20:14:07","slug":"ogloszenia-6-10-2013","status":"publish","type":"post","link":"https:\/\/parafiabesko.pl\/?p=1197","title":{"rendered":"Og\u0142oszenia 6.10.2013"},"content":{"rendered":"<p>\n\t1. Nabo\u017ce\u0144stwo r&oacute;\u017ca\u0144cowe w dni powszednie o godzinie 17.00, a w niedziel\u0119 o godzinie 16.00. Zach\u0119camy dzieci, m\u0142odzie\u017c i doros\u0142ych do udzia\u0142u w modlitwie r&oacute;\u017ca\u0144cowej. Tradycyjnie jest organizowany konkurs dla dzieci z losowaniem figurek Matki Bo\u017cej. W ko\u015bcio\u0142ach filialnych &nbsp;w &nbsp;Mymoniu i w Por\u0119bach o godzinie 17.00 r&oacute;\u017caniec prowadz\u0105 r&oacute;\u017ce r&oacute;\u017ca\u0144cowe.\n<\/p>\n<p><!--more--><\/p>\n<p>\n\t2. Dzisiaj &ndash; Niedziela Adoracyjna, od godziny 12.00 do 16.00 prywatna adoracja rodzin. O godzinie16.00 &ndash; procesja r&oacute;\u017ca\u0144cowa do pi\u0119ciu o\u0142tarzy, adoruje r&oacute;\u017ca Szyndler Marii zmiana tajemnic r&oacute;\u017ca\u0144cowych.\n<\/p>\n<p>\n\t3. Dzisiaj po Mszach \u015bwi\u0119tych zg\u0142aszanie dzieci do Chrztu \u015bwi\u0119tego na przysz\u0142\u0105 niedziel\u0119 o godzinie 9.15.&nbsp; Konferencja dla rodzic&oacute;w i chrzestnych we czwartek o godzinie 16.00.\n<\/p>\n<p>\n\t4. Taca z dzisiejszej niedzieli przeznaczona na Seminarium Duchowne w Przemy\u015blu.\n<\/p>\n<p>\n\t5. Dzisiaj po Mszach \u015bwi\u0119tych w zwi\u0105zku z decyzj\u0105 Episkopatu Polski zbi&oacute;rka do puszki na pomoc dla Syrii\n<\/p>\n<p>\n\t6. &nbsp;Dzisiaj&nbsp; rozpoczyna si\u0119 Tydzie\u0144 Mi\u0142osierdzia.\n<\/p>\n<p>\n\t7. Jutro tj. w poniedzia\u0142ek Wspomnienie NMP R&oacute;\u017ca\u0144cowej na godzin\u0119 17.00 zapraszamy dzieci klasy drugiej i rodzic&oacute;w na spotkanie przygotowuj\u0105ce do pierwszej Komunii \u015bwi\u0119tej dzieci otrzymaj\u0105 po\u015bwi\u0119cone r&oacute;\u017ca\u0144ce.\n<\/p>\n<p>\n\t8. W \u015brod\u0119, czwartek i pi\u0105tek zapraszamy do ko\u015bcio\u0142a na godzin\u0119 17.00&nbsp; m\u0142odzie\u017c klasy trzeciej naszego gimnazjum, kt&oacute;ra przygotowuje si\u0119 do przyj\u0119cia w najbli\u017csz\u0105 niedziel\u0119 Sakramentu Bierzmowania na modlitewno &ndash; formacyjne Triduum. Spowied\u017a przed Bierzmowaniem dla m\u0142odzie\u017cy \u015bwiatk&oacute;w bierzmowania, rodzic&oacute;w w najbli\u017csz\u0105 sobot\u0119 od godziny 9.00 do 10.00\n<\/p>\n<p>\n\t9. W czwartek 10 pa\u017adziernika wspomnienie b\u0142ogos\u0142awionej Marii Angeli Truszkowskiej za\u0142o\u017cycielki Zgromadzenia si&oacute;str Felicjanek, kt&oacute;re w naszej Parafii pracuj\u0105 od ponad 120 lat. W tym dniu modlimy si\u0119 w intencji si&oacute;str kt&oacute;re pracowa\u0142y i pracuj\u0105 w naszej Parafii o potrzebne dla nich \u0142aski.\n<\/p>\n<p>\n\t10. &nbsp;Ju\u017c &nbsp;za tydzie\u0144, 13 pa\u017adziernika, b\u0119dziemy obchodzili kolejny, trzynasty Dzie\u0144 Papieski, pod has\u0142em Jan Pawe\u0142 II &#8211; Papie\u017c Dialogu&nbsp; Pontyfikat Jana Paw\u0142a II by\u0142 czasem wielkiego dialogu, czyli rozmowy Papie\u017ca z&nbsp;Bogiem na modlitwie, w&nbsp;czasie Liturgii i&nbsp;w osobistych kontaktach. Lata papieskiego pos\u0142ugiwania by\u0142y r&oacute;wnie\u017c naznaczone jego dialogiem z&nbsp;cz\u0142owiekiem i&nbsp;ze wsp&oacute;\u0142czesnym \u015bwiatem.&nbsp;Po Mszach \u015bwi\u0119tych zbi&oacute;rka do puszki na pomoc m\u0142odzie\u017cy biednej a zdolnej.\n<\/p>\n<p>\n\t11.&nbsp;&nbsp; &nbsp;&nbsp;&nbsp;&nbsp;&nbsp;&nbsp;&nbsp;&nbsp;&nbsp;&nbsp;&nbsp;&nbsp;&nbsp;&nbsp;&nbsp;&nbsp;&nbsp;&nbsp;&nbsp;&nbsp;&nbsp;&nbsp;&nbsp;<strong>&nbsp;Program wizytacji kanonicznej<\/strong>\n<\/p>\n<p>\n\t<strong>&nbsp;&nbsp;&nbsp;&nbsp;&nbsp;&nbsp;&nbsp;&nbsp;&nbsp;&nbsp;&nbsp;&nbsp;&nbsp;&nbsp;&nbsp;&nbsp;&nbsp;&nbsp;&nbsp;&nbsp;&nbsp;&nbsp;&nbsp;&nbsp;&nbsp;&nbsp;&nbsp;&nbsp;&nbsp; ks. biskupa Stanis\u0142awa Jamrozka<\/strong>\n<\/p>\n<p>\n\t<strong>&nbsp;&nbsp;&nbsp;&nbsp;&nbsp;&nbsp;&nbsp;&nbsp;&nbsp;&nbsp;&nbsp;&nbsp;&nbsp;&nbsp;&nbsp;&nbsp;&nbsp;&nbsp;&nbsp;&nbsp;&nbsp;&nbsp;&nbsp;&nbsp;&nbsp;&nbsp;&nbsp;&nbsp;&nbsp;&nbsp; w Parafii Besko&nbsp; 11- 13.10.2013 r.<\/strong>\n<\/p>\n<p>\n\t&nbsp;\n<\/p>\n<p>\n\t<strong><u>Pi\u0105tek 11.09.2013 r.<\/u><\/strong>\n<\/p>\n<p>\n\t<u>&nbsp;<strong>godz. 12.30<\/strong><\/u>\n<\/p>\n<p>\n\tSpotkanie z nauczycielami i uczniami w Zespole Szk&oacute;\u0142 w Besku.\n<\/p>\n<p>\n\t<strong><u>godz. 13.30<\/u><\/strong>\n<\/p>\n<p>\n\tSpotkanie w przedszkolu si&oacute;str felicjanek.\n<\/p>\n<p>\n\t&nbsp;\n<\/p>\n<p>\n\t<strong><u>Niedziela 13.10.2013 r.<\/u><\/strong>\n<\/p>\n<p>\n\tGodz. 8.00&nbsp; Ko\u015bci&oacute;\u0142 w Mymoniu\n<\/p>\n<p>\n\t&nbsp;&nbsp;&nbsp;&nbsp;&nbsp;&nbsp;&nbsp;&nbsp;&nbsp;&nbsp;&nbsp;&nbsp;&nbsp;&nbsp;&nbsp;&nbsp;&nbsp;&nbsp;&nbsp;&nbsp;&nbsp;&nbsp;&nbsp;&nbsp;&nbsp;&nbsp;&nbsp;&nbsp;&nbsp;&nbsp;&nbsp;&nbsp; Powitanie Ks. Biskupa\n<\/p>\n<p>\n\t&nbsp;&nbsp;&nbsp;&nbsp;&nbsp;&nbsp;&nbsp;&nbsp;&nbsp;&nbsp;&nbsp;&nbsp;&nbsp;&nbsp;&nbsp;&nbsp;&nbsp;&nbsp;&nbsp;&nbsp;&nbsp;&nbsp;&nbsp;&nbsp;&nbsp;&nbsp;&nbsp;&nbsp;&nbsp;&nbsp;&nbsp;&nbsp; Msza \u015bw. &ndash; odprawia Ks. Wikariusz.\n<\/p>\n<p>\n\t&nbsp;&nbsp;&nbsp;&nbsp;&nbsp;&nbsp;&nbsp;&nbsp;&nbsp;&nbsp;&nbsp;&nbsp;&nbsp;&nbsp;&nbsp;&nbsp;&nbsp;&nbsp;&nbsp;&nbsp;&nbsp;&nbsp;&nbsp;&nbsp;&nbsp;&nbsp;&nbsp;&nbsp;&nbsp;&nbsp;&nbsp;&nbsp;&nbsp;&nbsp;&nbsp;&nbsp;&nbsp;&nbsp;&nbsp;&nbsp;&nbsp;&nbsp;&nbsp;&nbsp;&nbsp;&nbsp;&nbsp;&nbsp;&nbsp; &#8211;&nbsp; S\u0142owo Ks. Biskupa.\n<\/p>\n<p>\n\t<strong>Godz. 9.30&nbsp; Ko\u015bci&oacute;\u0142 w Por\u0119bach<\/strong>\n<\/p>\n<p>\n\t&nbsp;&nbsp;&nbsp;&nbsp;&nbsp;&nbsp;&nbsp;&nbsp;&nbsp;&nbsp;&nbsp;&nbsp;&nbsp;&nbsp;&nbsp;&nbsp;&nbsp;&nbsp;&nbsp;&nbsp;&nbsp;&nbsp;&nbsp;&nbsp;&nbsp;&nbsp;&nbsp;&nbsp;&nbsp; &nbsp;&nbsp;&nbsp;Powitanie Ks. Biskupa.\n<\/p>\n<p>\n\t&nbsp;&nbsp;&nbsp;&nbsp;&nbsp;&nbsp;&nbsp;&nbsp;&nbsp;&nbsp;&nbsp;&nbsp;&nbsp;&nbsp;&nbsp;&nbsp;&nbsp;&nbsp;&nbsp;&nbsp;&nbsp;&nbsp;&nbsp;&nbsp;&nbsp;&nbsp;&nbsp;&nbsp;&nbsp;&nbsp;&nbsp;&nbsp; Msza \u015bw.&nbsp; &#8211;&nbsp; odprawia Ks. Wikariusz.\n<\/p>\n<p>\n\t&nbsp;&nbsp;&nbsp;&nbsp;&nbsp;&nbsp;&nbsp;&nbsp;&nbsp;&nbsp;&nbsp;&nbsp;&nbsp;&nbsp;&nbsp;&nbsp;&nbsp;&nbsp;&nbsp;&nbsp;&nbsp;&nbsp;&nbsp;&nbsp;&nbsp;&nbsp;&nbsp;&nbsp;&nbsp;&nbsp;&nbsp;&nbsp;&nbsp;&nbsp;&nbsp;&nbsp;&nbsp;&nbsp;&nbsp;&nbsp;&nbsp;&nbsp;&nbsp;&nbsp;&nbsp;&nbsp;&nbsp;&nbsp;&nbsp; &#8211;&nbsp;&nbsp; S\u0142owo Ks. Biskupa.\n<\/p>\n<p>\n\t<strong>Godz. 11.00&nbsp; Ko\u015bci&oacute;\u0142 w Besku<\/strong>\n<\/p>\n<p>\n\t&nbsp;&nbsp;&nbsp;&nbsp;&nbsp;&nbsp;&nbsp;&nbsp;&nbsp;&nbsp;&nbsp;&nbsp;&nbsp;&nbsp;&nbsp;&nbsp;&nbsp;&nbsp;&nbsp;&nbsp;&nbsp;&nbsp;&nbsp;&nbsp;&nbsp;&nbsp;&nbsp;&nbsp;&nbsp;&nbsp;&nbsp;&nbsp;&nbsp;&nbsp;&nbsp;&nbsp; Modlitwa kanoniczna.\n<\/p>\n<p>\n\t&nbsp;&nbsp;&nbsp;&nbsp;&nbsp;&nbsp;&nbsp;&nbsp;&nbsp;&nbsp;&nbsp;&nbsp;&nbsp;&nbsp;&nbsp;&nbsp;&nbsp;&nbsp;&nbsp;&nbsp;&nbsp;&nbsp;&nbsp;&nbsp;&nbsp;&nbsp;&nbsp;&nbsp;&nbsp;&nbsp;&nbsp;&nbsp;&nbsp;&nbsp;&nbsp;&nbsp; Powitanie Ks. Biskupa.\n<\/p>\n<p>\n\tSuma &ndash; odprawia i S\u0142owo Bo\u017ce g\u0142osi Ks. Biskup, Bierzmowanie.\n<\/p>\n<p>\n\tPo Mszy \u015bw. Spotkanie z grupami dzia\u0142aj\u0105cymi w Parafii.\n<\/p>\n<p>\n\t&#8211; Rada Parafialna\n<\/p>\n<p>\n\t&#8211; Akcja Katolicka\n<\/p>\n<p>\n\t&#8211; Domowy Ko\u015bci&oacute;\u0142\n<\/p>\n<p>\n\t&#8211; Odnowa w Duchu \u015bwi\u0119tym\n<\/p>\n<p>\n\t&#8211; Parafianki zbieraj\u0105ce ofiary na ko\u015bci&oacute;\u0142\n<\/p>\n<p>\n\t-Ch&oacute;r parafialny\n<\/p>\n<p>\n\t&#8211; R&oacute;\u017ce r&oacute;\u017ca\u0144cowe\n<\/p>\n<p>\n\t&#8211; Ko\u0142o misyjne dzieci\n<\/p>\n<p>\n\t&#8211; Liturgiczna s\u0142u\u017cba o\u0142tarza\n<\/p>\n<p>\n\t&nbsp;<\/p>\n","protected":false},"excerpt":{"rendered":"<p>1. Nabo\u017ce\u0144stwo r&oacute;\u017ca\u0144cowe w dni powszednie o godzinie 17.00, a w niedziel\u0119 o godzinie 16.00. Zach\u0119camy dzieci, m\u0142odzie\u017c i doros\u0142ych do udzia\u0142u w modlitwie r&oacute;\u017ca\u0144cowej. Tradycyjnie jest organizowany konkurs dla dzieci z losowaniem figurek Matki Bo\u017cej. W ko\u015bcio\u0142ach filialnych &nbsp;w &nbsp;Mymoniu i w Por\u0119bach o godzinie 17.00 r&oacute;\u017caniec prowadz\u0105 r&oacute;\u017ce<span class=\"more-link\"><a href=\"https:\/\/parafiabesko.pl\/?p=1197\">Czytaj wi\u0119cej<\/a><\/span><\/p>\n","protected":false},"author":1,"featured_media":1059,"comment_status":"closed","ping_status":"open","sticky":false,"template":"","format":"standard","meta":{"footnotes":""},"categories":[7],"tags":[],"class_list":["entry","author-adminparafiibesko","has-more-link","post-1197","post","type-post","status-publish","format-standard","has-post-thumbnail","category-ogloszenia-parafialne"],"_links":{"self":[{"href":"https:\/\/parafiabesko.pl\/index.php?rest_route=\/wp\/v2\/posts\/1197","targetHints":{"allow":["GET"]}}],"collection":[{"href":"https:\/\/parafiabesko.pl\/index.php?rest_route=\/wp\/v2\/posts"}],"about":[{"href":"https:\/\/parafiabesko.pl\/index.php?rest_route=\/wp\/v2\/types\/post"}],"author":[{"embeddable":true,"href":"https:\/\/parafiabesko.pl\/index.php?rest_route=\/wp\/v2\/users\/1"}],"replies":[{"embeddable":true,"href":"https:\/\/parafiabesko.pl\/index.php?rest_route=%2Fwp%2Fv2%2Fcomments&post=1197"}],"version-history":[{"count":0,"href":"https:\/\/parafiabesko.pl\/index.php?rest_route=\/wp\/v2\/posts\/1197\/revisions"}],"wp:featuredmedia":[{"embeddable":true,"href":"https:\/\/parafiabesko.pl\/index.php?rest_route=\/"}],"wp:attachment":[{"href":"https:\/\/parafiabesko.pl\/index.php?rest_route=%2Fwp%2Fv2%2Fmedia&parent=1197"}],"wp:term":[{"taxonomy":"category","embeddable":true,"href":"https:\/\/parafiabesko.pl\/index.php?rest_route=%2Fwp%2Fv2%2Fcategories&post=1197"},{"taxonomy":"post_tag","embeddable":true,"href":"https:\/\/parafiabesko.pl\/index.php?rest_route=%2Fwp%2Fv2%2Ftags&post=1197"}],"curies":[{"name":"wp","href":"https:\/\/api.w.org\/{rel}","templated":true}]}}