{"id":1193,"date":"2013-10-06T18:40:09","date_gmt":"2013-10-06T18:40:09","guid":{"rendered":"http:\/\/parafiabesko.pl\/?p=1193"},"modified":"2013-10-06T18:40:09","modified_gmt":"2013-10-06T18:40:09","slug":"intencje-mszalne-7-10-13-10-2013","status":"publish","type":"post","link":"https:\/\/parafiabesko.pl\/?p=1193","title":{"rendered":"Intencje mszalne 7.10-13.10.2013"},"content":{"rendered":"<p>\n\tW najbli\u017cszym tygodniu zostan\u0105 odprawione nast\u0119puj\u0105ce intencje mszalne:\n<\/p>\n<p>\n\t<!--more-->\n<\/p>\n<table border=\"1\" cellpadding=\"1\" cellspacing=\"1\" style=\"width: 500px;\">\n<tbody>\n<tr>\n<td style=\"text-align: center;\">\n\t\t\t\t<strong>Dzie\u0144 tygodnia<\/strong>\n\t\t\t<\/td>\n<td style=\"text-align: center;\">\n\t\t\t\t<strong>godzina<\/strong>\n\t\t\t<\/td>\n<td style=\"text-align: center;\">\n\t\t\t\t<strong>Intencja<\/strong>\n\t\t\t<\/td>\n<\/tr>\n<tr>\n<td colspan=\"1\" rowspan=\"2\">\n\t\t\t\tPoniedzia\u0142ek\n\t\t\t<\/td>\n<td>\n\t\t\t\t7.00\n\t\t\t<\/td>\n<td>\n\t\t\t\t+Jan Folcik\n\t\t\t<\/td>\n<\/tr>\n<tr>\n<td>\n\t\t\t\t17.00\n\t\t\t<\/td>\n<td>\n<p>\n\t\t\t\t\t1.+Helena Kijowska (of. rodzina Szyndler)\n\t\t\t\t<\/p>\n<p>\t\t\t\t2.+Anastazja, W\u0142adys\u0142aw Banek\n\t\t\t<\/td>\n<\/tr>\n<tr>\n<td colspan=\"1\" rowspan=\"2\">\n\t\t\t\tWtorek\n\t\t\t<\/td>\n<td>\n\t\t\t\t7.00\n\t\t\t<\/td>\n<td>\n\t\t\t\t+Stanis\u0142aw Paduch (int. od pracownik&oacute;w ATW Zas\u0142aw)\n\t\t\t<\/td>\n<\/tr>\n<tr>\n<td>\n\t\t\t\t17.00\n\t\t\t<\/td>\n<td>\n<p>\n\t\t\t\t\t1.+Stanis\u0142aw Szybka\n\t\t\t\t<\/p>\n<p>\t\t\t\t2.+Stanis\u0142awa Folcik (of. rodzina D\u017co\u0144 z Grabownicy)\n\t\t\t<\/td>\n<\/tr>\n<tr>\n<td colspan=\"1\" rowspan=\"2\">\n\t\t\t\t\u015aroda\n\t\t\t<\/td>\n<td>\n\t\t\t\t7.00\n\t\t\t<\/td>\n<td>\n\t\t\t\t+Stanis\u0142aw Knurek w 8r.\u015bm.\n\t\t\t<\/td>\n<\/tr>\n<tr>\n<td>\n\t\t\t\t17.00\n\t\t\t<\/td>\n<td>\n<p>\n\t\t\t\t\t1.O zdrowie, potrzebne \u0142aski i Bo\u017ce b\u0142ogos\u0142awie\u0144stwo dla si&oacute;str z r&oacute;\u017cy Marii Szyndler\n\t\t\t\t<\/p>\n<p>\t\t\t\t2.+Mieczys\u0142aw Fydryk w 2r.\u015bm. i za zmar\u0142ych z rodziny\n\t\t\t<\/td>\n<\/tr>\n<tr>\n<td colspan=\"1\" rowspan=\"3\">\n\t\t\t\tCzwartek\n\t\t\t<\/td>\n<td>\n\t\t\t\t7.00\n\t\t\t<\/td>\n<td>\n\t\t\t\t+S\u0142awomir\n\t\t\t<\/td>\n<\/tr>\n<tr>\n<td>\n\t\t\t\t16.00\n\t\t\t<\/td>\n<td>\n\t\t\t\tZa dzieci z przedszkola u Si&oacute;str Felicjanek\n\t\t\t<\/td>\n<\/tr>\n<tr>\n<td>\n\t\t\t\t17.00\n\t\t\t<\/td>\n<td>\n<p>\n\t\t\t\t\t1.+Andrzej Paulina Haniak\n\t\t\t\t<\/p>\n<p>\t\t\t\t2.+Stanis\u0142awa, Tomasz Suwa\u0142a\n\t\t\t<\/td>\n<\/tr>\n<tr>\n<td colspan=\"1\" rowspan=\"2\">\n\t\t\t\tPi\u0105tek\n\t\t\t<\/td>\n<td>\n\t\t\t\t7.00\n\t\t\t<\/td>\n<td>\n\t\t\t\t+Marian \u0106wi\u0105ka\u0142a w 11r.\u015bm.\n\t\t\t<\/td>\n<\/tr>\n<tr>\n<td>\n\t\t\t\t17.00\n\t\t\t<\/td>\n<td>\n<p>\n\t\t\t\t\t1.+Ludwik Zubik w 1r.\u015bm.\n\t\t\t\t<\/p>\n<p>\t\t\t\t2.+J&oacute;zef, Zofia Szybka\n\t\t\t<\/td>\n<\/tr>\n<tr>\n<td colspan=\"1\" rowspan=\"2\">\n\t\t\t\tSobota\n\t\t\t<\/td>\n<td>\n\t\t\t\t7.00\n\t\t\t<\/td>\n<td>\n\t\t\t\tZa zmar\u0142ych z rodziny Szul (of. syn z rodzin\u0105)\n\t\t\t<\/td>\n<\/tr>\n<tr>\n<td>\n\t\t\t\t17.00\n\t\t\t<\/td>\n<td>\n\t\t\t\t+Helena Zubik\n\t\t\t<\/td>\n<\/tr>\n<tr>\n<td colspan=\"1\" rowspan=\"4\">\n\t\t\t\tNiedziela\n\t\t\t<\/td>\n<td>\n\t\t\t\t7.30\n\t\t\t<\/td>\n<td>\n\t\t\t\t+Anna, W\u0142adys\u0142aw i Jan\n\t\t\t<\/td>\n<\/tr>\n<tr>\n<td>\n\t\t\t\t9.15\n\t\t\t<\/td>\n<td>\n\t\t\t\t+W\u0142adys\u0142awa, Kazimierz Bacz\n\t\t\t<\/td>\n<\/tr>\n<tr>\n<td>\n\t\t\t\t11.00\n\t\t\t<\/td>\n<td>\n\t\t\t\tW intencji parafian &#8211; Bierzmowanie\n\t\t\t<\/td>\n<\/tr>\n<tr>\n<td>\n\t\t\t\t16.30\n\t\t\t<\/td>\n<td>\n\t\t\t\tDzi\u0119kczynna za zdrowie i w intencji Bogu wiadomej\n\t\t\t<\/td>\n<\/tr>\n<\/tbody>\n<\/table>\n<p>\n\t&nbsp;<\/p>\n","protected":false},"excerpt":{"rendered":"<p>W najbli\u017cszym tygodniu zostan\u0105 odprawione nast\u0119puj\u0105ce intencje mszalne:<span class=\"more-link\"><a href=\"https:\/\/parafiabesko.pl\/?p=1193\">Czytaj wi\u0119cej<\/a><\/span><\/p>\n","protected":false},"author":1,"featured_media":1055,"comment_status":"closed","ping_status":"open","sticky":false,"template":"","format":"standard","meta":{"footnotes":""},"categories":[7],"tags":[],"class_list":["entry","author-adminparafiibesko","has-more-link","post-1193","post","type-post","status-publish","format-standard","has-post-thumbnail","category-ogloszenia-parafialne"],"_links":{"self":[{"href":"https:\/\/parafiabesko.pl\/index.php?rest_route=\/wp\/v2\/posts\/1193","targetHints":{"allow":["GET"]}}],"collection":[{"href":"https:\/\/parafiabesko.pl\/index.php?rest_route=\/wp\/v2\/posts"}],"about":[{"href":"https:\/\/parafiabesko.pl\/index.php?rest_route=\/wp\/v2\/types\/post"}],"author":[{"embeddable":true,"href":"https:\/\/parafiabesko.pl\/index.php?rest_route=\/wp\/v2\/users\/1"}],"replies":[{"embeddable":true,"href":"https:\/\/parafiabesko.pl\/index.php?rest_route=%2Fwp%2Fv2%2Fcomments&post=1193"}],"version-history":[{"count":0,"href":"https:\/\/parafiabesko.pl\/index.php?rest_route=\/wp\/v2\/posts\/1193\/revisions"}],"wp:featuredmedia":[{"embeddable":true,"href":"https:\/\/parafiabesko.pl\/index.php?rest_route=\/"}],"wp:attachment":[{"href":"https:\/\/parafiabesko.pl\/index.php?rest_route=%2Fwp%2Fv2%2Fmedia&parent=1193"}],"wp:term":[{"taxonomy":"category","embeddable":true,"href":"https:\/\/parafiabesko.pl\/index.php?rest_route=%2Fwp%2Fv2%2Fcategories&post=1193"},{"taxonomy":"post_tag","embeddable":true,"href":"https:\/\/parafiabesko.pl\/index.php?rest_route=%2Fwp%2Fv2%2Ftags&post=1193"}],"curies":[{"name":"wp","href":"https:\/\/api.w.org\/{rel}","templated":true}]}}