{"id":1188,"date":"2013-09-29T08:42:31","date_gmt":"2013-09-29T08:42:31","guid":{"rendered":"http:\/\/parafiabesko.pl\/?p=1188"},"modified":"2013-09-29T08:42:31","modified_gmt":"2013-09-29T08:42:31","slug":"intencje-mszalne-30-09-6-10-2013","status":"publish","type":"post","link":"https:\/\/parafiabesko.pl\/?p=1188","title":{"rendered":"Intencje mszalne 30.09-6.10.2013"},"content":{"rendered":"<p>\n\tW najbli\u017cszym tygodniu zostan\u0105 odprawione nast\u0119puj\u0105ce intencje mszalne:\n<\/p>\n<p>\n\t<!--more-->\n<\/p>\n<table border=\"1\" cellpadding=\"1\" cellspacing=\"1\" style=\"width: 500px;\">\n<tbody>\n<tr>\n<td style=\"text-align: center;\">\n\t\t\t\t<strong>Dzie\u0144 tygodnia<\/strong>\n\t\t\t<\/td>\n<td style=\"text-align: center;\">\n\t\t\t\t<strong>godzina<\/strong>\n\t\t\t<\/td>\n<td style=\"text-align: center;\">\n\t\t\t\t<strong>Intencja<\/strong>\n\t\t\t<\/td>\n<\/tr>\n<tr>\n<td colspan=\"1\" rowspan=\"2\">\n\t\t\t\tPoniedzia\u0142ek\n\t\t\t<\/td>\n<td>\n\t\t\t\t7.00\n\t\t\t<\/td>\n<td>\n\t\t\t\t+Czes\u0142awa Szul greg.\/30\/ost.\n\t\t\t<\/td>\n<\/tr>\n<tr>\n<td>\n\t\t\t\t17.00\n\t\t\t<\/td>\n<td>\n<p>\n\t\t\t\t\t1.+Helena Suwa\u0142a greg.\/30\/ost.\n\t\t\t\t<\/p>\n<p>\t\t\t\t2.+Janina Kielar w 3r.\u015bm. (of.&nbsp;syn&nbsp;Jan z rodzin\u0105)\n\t\t\t<\/td>\n<\/tr>\n<tr>\n<td colspan=\"1\" rowspan=\"2\">\n\t\t\t\tWtorek\n\t\t\t<\/td>\n<td>\n\t\t\t\t7.00\n\t\t\t<\/td>\n<td>\n<p>\n\t\t\t\t\t1.+Stanis\u0142awa Folcik (of.s\u0105siedzi)\n\t\t\t\t<\/p>\n<p>\t\t\t\t2.+Stanis\u0142awa Wr&oacute;bel\n\t\t\t<\/td>\n<\/tr>\n<tr>\n<td>\n\t\t\t\t17.00\n\t\t\t<\/td>\n<td>\n\t\t\t\tDzi\u0119kczynna z pro\u015bb\u0105 o Bo\u017c\u0105 opiek\u0119 dla braci z r&oacute;\u017cy J&oacute;zefa Kijowskiego\n\t\t\t<\/td>\n<\/tr>\n<tr>\n<td colspan=\"1\" rowspan=\"2\">\n\t\t\t\t\u015aroda\n\t\t\t<\/td>\n<td>\n\t\t\t\t7.00\n\t\t\t<\/td>\n<td>\n\t\t\t\t+Stanis\u0142awa Folcik (of. rodzina Kosteckich z Grabownicy)\n\t\t\t<\/td>\n<\/tr>\n<tr>\n<td>\n\t\t\t\t17.00\n\t\t\t<\/td>\n<td>\n<p>\n\t\t\t\t\t1.+Irena Suwa\u0142a w 4r.\u015bm.\n\t\t\t\t<\/p>\n<p>\t\t\t\t2.+Stefania \u015amietana\n\t\t\t<\/td>\n<\/tr>\n<tr>\n<td colspan=\"1\" rowspan=\"2\">\n\t\t\t\tCzwartek\n\t\t\t<\/td>\n<td>\n\t\t\t\t7.00\n\t\t\t<\/td>\n<td>\n\t\t\t\t+Stanis\u0142awa Folcik (of. swatowa z Grabownicy)\n\t\t\t<\/td>\n<\/tr>\n<tr>\n<td>\n\t\t\t\t17.00\n\t\t\t<\/td>\n<td>\n<p>\n\t\t\t\t\t1.+Helena Kijowska (of. r&oacute;\u017ca Marii Szyndler)\n\t\t\t\t<\/p>\n<p>\t\t\t\t2.+Maria, Tomasz Mermer\n\t\t\t<\/td>\n<\/tr>\n<tr>\n<td colspan=\"1\" rowspan=\"2\">\n\t\t\t\tPi\u0105tek\n\t\t\t<\/td>\n<td>\n\t\t\t\t7.00\n\t\t\t<\/td>\n<td>\n\t\t\t\t+J&oacute;zefa Dere\u0144 (of. s\u0105siadka)\n\t\t\t<\/td>\n<\/tr>\n<tr>\n<td>\n\t\t\t\t17.00\n\t\t\t<\/td>\n<td>\n\t\t\t\tDzi\u0119kczynna w 5 rocznic\u0119 \u015blubu Agnieszki i Piotra z pro\u015bb\u0105 o dalsze Bo\u017ce b\u0142ogos\u0142awie\u0144stwo\n\t\t\t<\/td>\n<\/tr>\n<tr>\n<td colspan=\"1\" rowspan=\"2\">\n\t\t\t\tSobota\n\t\t\t<\/td>\n<td>\n\t\t\t\t7.00\n\t\t\t<\/td>\n<td>\n\t\t\t\t+Stanis\u0142awa Folcik (of. s\u0105siedzi)\n\t\t\t<\/td>\n<\/tr>\n<tr>\n<td>\n\t\t\t\t19.00\n\t\t\t<\/td>\n<td>\n<p>\n\t\t\t\t\t1.+Edward Kornasiewicz w 1r.\u015bm.\n\t\t\t\t<\/p>\n<p>\t\t\t\t2.+J&oacute;zefa, Marcin i zmarli z rodziny Kr\u0119\u017cel\n\t\t\t<\/td>\n<\/tr>\n<tr>\n<td colspan=\"1\" rowspan=\"4\">\n\t\t\t\tNiedziela\n\t\t\t<\/td>\n<td>\n\t\t\t\t7.30\n\t\t\t<\/td>\n<td>\n\t\t\t\t+Zofia, J&oacute;zef Szybka\n\t\t\t<\/td>\n<\/tr>\n<tr>\n<td>\n\t\t\t\t9.15\n\t\t\t<\/td>\n<td>\n\t\t\t\t+Irena Tele\u017cy\u0144ska w 6r.\u015bm i +J&oacute;zef\n\t\t\t<\/td>\n<\/tr>\n<tr>\n<td>\n\t\t\t\t11.00\n\t\t\t<\/td>\n<td>\n\t\t\t\tW intencji parafian\n\t\t\t<\/td>\n<\/tr>\n<tr>\n<td>\n\t\t\t\t16.30\n\t\t\t<\/td>\n<td>\n\t\t\t\t+J&oacute;zef Kruczkiewicz w 6 r.\u015bm.\n\t\t\t<\/td>\n<\/tr>\n<\/tbody>\n<\/table>\n<p>\n\t&nbsp;<\/p>\n","protected":false},"excerpt":{"rendered":"<p>W najbli\u017cszym tygodniu zostan\u0105 odprawione nast\u0119puj\u0105ce intencje mszalne:<span class=\"more-link\"><a href=\"https:\/\/parafiabesko.pl\/?p=1188\">Czytaj wi\u0119cej<\/a><\/span><\/p>\n","protected":false},"author":1,"featured_media":1055,"comment_status":"closed","ping_status":"open","sticky":false,"template":"","format":"standard","meta":{"footnotes":""},"categories":[7],"tags":[],"class_list":["entry","author-adminparafiibesko","has-more-link","post-1188","post","type-post","status-publish","format-standard","has-post-thumbnail","category-ogloszenia-parafialne"],"_links":{"self":[{"href":"https:\/\/parafiabesko.pl\/index.php?rest_route=\/wp\/v2\/posts\/1188","targetHints":{"allow":["GET"]}}],"collection":[{"href":"https:\/\/parafiabesko.pl\/index.php?rest_route=\/wp\/v2\/posts"}],"about":[{"href":"https:\/\/parafiabesko.pl\/index.php?rest_route=\/wp\/v2\/types\/post"}],"author":[{"embeddable":true,"href":"https:\/\/parafiabesko.pl\/index.php?rest_route=\/wp\/v2\/users\/1"}],"replies":[{"embeddable":true,"href":"https:\/\/parafiabesko.pl\/index.php?rest_route=%2Fwp%2Fv2%2Fcomments&post=1188"}],"version-history":[{"count":0,"href":"https:\/\/parafiabesko.pl\/index.php?rest_route=\/wp\/v2\/posts\/1188\/revisions"}],"wp:featuredmedia":[{"embeddable":true,"href":"https:\/\/parafiabesko.pl\/index.php?rest_route=\/"}],"wp:attachment":[{"href":"https:\/\/parafiabesko.pl\/index.php?rest_route=%2Fwp%2Fv2%2Fmedia&parent=1188"}],"wp:term":[{"taxonomy":"category","embeddable":true,"href":"https:\/\/parafiabesko.pl\/index.php?rest_route=%2Fwp%2Fv2%2Fcategories&post=1188"},{"taxonomy":"post_tag","embeddable":true,"href":"https:\/\/parafiabesko.pl\/index.php?rest_route=%2Fwp%2Fv2%2Ftags&post=1188"}],"curies":[{"name":"wp","href":"https:\/\/api.w.org\/{rel}","templated":true}]}}