{"id":1186,"date":"2013-09-29T08:41:45","date_gmt":"2013-09-29T08:41:45","guid":{"rendered":"http:\/\/parafiabesko.pl\/?p=1186"},"modified":"2013-09-29T08:41:45","modified_gmt":"2013-09-29T08:41:45","slug":"ogloszenia-29-09-2013","status":"publish","type":"post","link":"https:\/\/parafiabesko.pl\/?p=1186","title":{"rendered":"Og\u0142oszenia 29.09.2013"},"content":{"rendered":"<p style=\"text-align: justify;\">\n\t1. Od jutra w Besku Msza \u015bwi\u0119ta wieczorem b\u0119dzie <strong>odprawiana o 1 godzin\u0119 wcze\u015bniej, czyli o godzinie 17.00.<\/strong>\n<\/p>\n<p>\n\t<!--more-->\n<\/p>\n<p style=\"text-align: justify;\">\n\t2. We wtorek rozpoczyna si\u0119 miesi\u0105c pa\u017adziernik, a zatem rozpoczynaj\u0105 si\u0119 nabo\u017ce\u0144stwa r&oacute;\u017ca\u0144cowe &ndash; za udzia\u0142 w nich mo\u017cna zyska\u0107 odpust zupe\u0142ny pod zwyk\u0142ymi warunkami.&nbsp; Nabo\u017ce\u0144stwo r&oacute;\u017ca\u0144cowe w dni powszednie o godzinie 17.00, a w niedziel\u0119 o godzinie 16.00. Zach\u0119camy dzieci, m\u0142odzie\u017c i doros\u0142ych do udzia\u0142u w modlitwie r&oacute;\u017ca\u0144cowej. Tradycyjnie b\u0119dzie organizowany konkurs dla dzieci z losowaniem figurek Matki Bo\u017cej. W ko\u015bcio\u0142ach filialnych &nbsp;w &nbsp;Mymoniu i w Por\u0119bach o godzinie 17.00 r&oacute;\u017caniec prowadz\u0105 r&oacute;\u017ce r&oacute;\u017ca\u0144cowe.\n<\/p>\n<p style=\"text-align: justify;\">\n\t3. Spowied\u017a \u015bwi\u0119ta przed I pi\u0105tkiem miesi\u0105ca od &nbsp;poniedzia\u0142ku &nbsp;rano i wieczorem przed Msz\u0105 \u015bwi\u0119t\u0105. Dzieci i m\u0142odzie\u017c do spowiedzi prosimy we \u015brod\u0119 od godziny 16.00.\n<\/p>\n<p style=\"text-align: justify;\">\n\t4. Pierwszy pi\u0105tek miesi\u0105ca rano o godzinie 7.00 Msza \u015bwi\u0119ta i adoracja adoruje r&oacute;\u017ca Marii Mroczkowskiej. Wieczorem o godzinie 17.00 nabo\u017ce\u0144stwo r&oacute;\u017ca\u0144cowe i Msza \u015bwi\u0119ta. W ko\u015bcio\u0142ach filialnych w Mymoniu i w Por\u0119bach o godzinie 15.30 &ndash; adoracja, r&oacute;\u017caniec, spowied\u017a i Msza \u015bwi\u0119ta.\n<\/p>\n<p style=\"text-align: justify;\">\n\t5. W sobot\u0119 5 pa\u017adziernika &ndash; wspomnienie \u015bw. Faustyny, Aposto\u0142ki Mi\u0142osierdzia Bo\u017cego.\n<\/p>\n<p style=\"text-align: justify;\">\n\t6. Pierwsza sobota miesi\u0105ca rano o godzinie 7.00 &nbsp;Msza \u015bwi\u0119ta i nabo\u017ce\u0144stwo do Matki Bo\u017cej adoruje r&oacute;\u017ca Bacior Marii, &nbsp;<strong>wieczorem o godzinie 19.00 ostatni w tym roku wiecz&oacute;r fatimski. <\/strong>\n<\/p>\n<p style=\"text-align: justify;\">\n\t7. W najbli\u017csz\u0105 niedziel\u0119 &ndash; Niedziela Adoracyjna, od godziny 12.00 do 16.00 prywatna adoracja rodzin. O godzinie16.00 &ndash; procesja r&oacute;\u017ca\u0144cowa do pi\u0119ciu o\u0142tarzy, adoruje r&oacute;\u017ca Szyndler Mariii zmiana tajemnic r&oacute;\u017ca\u0144cowych. W przysz\u0142\u0105 niedziel\u0119 rozpoczyna si\u0119 Tydzie\u0144 Mi\u0142osierdzia.\n<\/p>\n<p style=\"text-align: justify;\">\n\t8. W przysz\u0142\u0105 niedziel\u0119 po Mszach \u015bwi\u0119tych w zwi\u0105zku z decyzj\u0105 Episkopatu Polski zbi&oacute;rka do puszki na pomoc dla Syrii<\/p>\n","protected":false},"excerpt":{"rendered":"<p>1. Od jutra w Besku Msza \u015bwi\u0119ta wieczorem b\u0119dzie odprawiana o 1 godzin\u0119 wcze\u015bniej, czyli o godzinie 17.00.<span class=\"more-link\"><a href=\"https:\/\/parafiabesko.pl\/?p=1186\">Czytaj wi\u0119cej<\/a><\/span><\/p>\n","protected":false},"author":1,"featured_media":1059,"comment_status":"closed","ping_status":"open","sticky":false,"template":"","format":"standard","meta":{"footnotes":""},"categories":[7],"tags":[],"class_list":["entry","author-adminparafiibesko","has-more-link","post-1186","post","type-post","status-publish","format-standard","has-post-thumbnail","category-ogloszenia-parafialne"],"_links":{"self":[{"href":"https:\/\/parafiabesko.pl\/index.php?rest_route=\/wp\/v2\/posts\/1186","targetHints":{"allow":["GET"]}}],"collection":[{"href":"https:\/\/parafiabesko.pl\/index.php?rest_route=\/wp\/v2\/posts"}],"about":[{"href":"https:\/\/parafiabesko.pl\/index.php?rest_route=\/wp\/v2\/types\/post"}],"author":[{"embeddable":true,"href":"https:\/\/parafiabesko.pl\/index.php?rest_route=\/wp\/v2\/users\/1"}],"replies":[{"embeddable":true,"href":"https:\/\/parafiabesko.pl\/index.php?rest_route=%2Fwp%2Fv2%2Fcomments&post=1186"}],"version-history":[{"count":0,"href":"https:\/\/parafiabesko.pl\/index.php?rest_route=\/wp\/v2\/posts\/1186\/revisions"}],"wp:featuredmedia":[{"embeddable":true,"href":"https:\/\/parafiabesko.pl\/index.php?rest_route=\/"}],"wp:attachment":[{"href":"https:\/\/parafiabesko.pl\/index.php?rest_route=%2Fwp%2Fv2%2Fmedia&parent=1186"}],"wp:term":[{"taxonomy":"category","embeddable":true,"href":"https:\/\/parafiabesko.pl\/index.php?rest_route=%2Fwp%2Fv2%2Fcategories&post=1186"},{"taxonomy":"post_tag","embeddable":true,"href":"https:\/\/parafiabesko.pl\/index.php?rest_route=%2Fwp%2Fv2%2Ftags&post=1186"}],"curies":[{"name":"wp","href":"https:\/\/api.w.org\/{rel}","templated":true}]}}