{"id":1176,"date":"2013-09-15T10:24:46","date_gmt":"2013-09-15T10:24:46","guid":{"rendered":"http:\/\/parafiabesko.pl\/?p=1176"},"modified":"2013-09-15T10:24:46","modified_gmt":"2013-09-15T10:24:46","slug":"intencje-mszalne-16-09-22-09-2013","status":"publish","type":"post","link":"https:\/\/parafiabesko.pl\/?p=1176","title":{"rendered":"Intencje mszalne 16.09-22.09.2013"},"content":{"rendered":"<p>\n\tW najbli\u017cszym tygodniu zostan\u0105 odprawione nast\u0119puj\u0105ce intencje mszalne:\n<\/p>\n<p>\n\t<!--more-->\n<\/p>\n<table border=\"1\" cellpadding=\"1\" cellspacing=\"1\" style=\"width: 500px;\">\n<tbody>\n<tr>\n<td style=\"text-align: center;\">\n\t\t\t\t<strong>Dzie\u0144 tygodnia<\/strong>\n\t\t\t<\/td>\n<td style=\"text-align: center;\">\n\t\t\t\t<strong>godzina<\/strong>\n\t\t\t<\/td>\n<td style=\"text-align: center;\">\n\t\t\t\t<strong>Intencja<\/strong>\n\t\t\t<\/td>\n<\/tr>\n<tr>\n<td colspan=\"1\" rowspan=\"2\">\n\t\t\t\tPoniedzia\u0142ek\n\t\t\t<\/td>\n<td>\n\t\t\t\t7.00\n\t\t\t<\/td>\n<td>\n<p>\n\t\t\t\t\t1.+Czes\u0142awa Szul greg.\/16\/\n\t\t\t\t<\/p>\n<p>\t\t\t\t2.+Helena Suwa\u0142a greg.\/16\/\n\t\t\t<\/td>\n<\/tr>\n<tr>\n<td>\n\t\t\t\t18.00\n\t\t\t<\/td>\n<td>\n\t\t\t\t+Genowefa Kondracka i zmarli z rodziny\n\t\t\t<\/td>\n<\/tr>\n<tr>\n<td colspan=\"1\" rowspan=\"2\">\n\t\t\t\tWtorek\n\t\t\t<\/td>\n<td>\n\t\t\t\t7.00\n\t\t\t<\/td>\n<td>\n\t\t\t\t+Czes\u0142awa greg.\/17\/\n\t\t\t<\/td>\n<\/tr>\n<tr>\n<td>\n\t\t\t\t18.00\n\t\t\t<\/td>\n<td>\n<p>\n\t\t\t\t\t1.+Helena greg.\/17\/\n\t\t\t\t<\/p>\n<p>\t\t\t\t2.+S\u0142awomir\n\t\t\t<\/td>\n<\/tr>\n<tr>\n<td colspan=\"1\" rowspan=\"2\">\n\t\t\t\t\u015aroda\n\t\t\t<\/td>\n<td>\n\t\t\t\t7.00\n\t\t\t<\/td>\n<td>\n\t\t\t\t+Czes\u0142awa greg.\/18\/\n\t\t\t<\/td>\n<\/tr>\n<tr>\n<td>\n\t\t\t\t18.00\n\t\t\t<\/td>\n<td>\n<p>\n\t\t\t\t\t1.+Helena greg.\/18\/\n\t\t\t\t<\/p>\n<p>\t\t\t\t2.+J&oacute;zef, Maria, Walerek Szul (of.siostry)\n\t\t\t<\/td>\n<\/tr>\n<tr>\n<td colspan=\"1\" rowspan=\"2\">\n\t\t\t\tCzwartek\n\t\t\t<\/td>\n<td>\n\t\t\t\t7.00\n\t\t\t<\/td>\n<td>\n\t\t\t\t+Czes\u0142awa greg.\/19\/\n\t\t\t<\/td>\n<\/tr>\n<tr>\n<td>\n\t\t\t\t18.00\n\t\t\t<\/td>\n<td>\n<p>\n\t\t\t\t\t1.+Helena greg.\/19\/\n\t\t\t\t<\/p>\n<p>\t\t\t\t2.+Jan, Maria Kortyna\n\t\t\t<\/td>\n<\/tr>\n<tr>\n<td colspan=\"1\" rowspan=\"2\">\n\t\t\t\tPi\u0105tek\n\t\t\t<\/td>\n<td>\n\t\t\t\t7.00\n\t\t\t<\/td>\n<td>\n\t\t\t\t+Czes\u0142aw\u0119 greg.\/20\/\n\t\t\t<\/td>\n<\/tr>\n<tr>\n<td>\n\t\t\t\t18.00\n\t\t\t<\/td>\n<td>\n<p>\n\t\t\t\t\t1.+Helena greg.\/20\/\n\t\t\t\t<\/p>\n<p>\t\t\t\t2.+Jan, Maria, Jan, Helena\n\t\t\t<\/td>\n<\/tr>\n<tr>\n<td colspan=\"1\" rowspan=\"2\">\n\t\t\t\tSobota\n\t\t\t<\/td>\n<td>\n\t\t\t\t7.00\n\t\t\t<\/td>\n<td>\n\t\t\t\t+Czes\u0142awa greg.\/21\/\n\t\t\t<\/td>\n<\/tr>\n<tr>\n<td>\n\t\t\t\t18.00\n\t\t\t<\/td>\n<td>\n<p>\n\t\t\t\t\t1.+Helena Zubik\n\t\t\t\t<\/p>\n<p>\t\t\t\t2.+Helena greg.\/21\/\n\t\t\t<\/td>\n<\/tr>\n<tr>\n<td colspan=\"1\" rowspan=\"4\">\n\t\t\t\tNiedziela\n\t\t\t<\/td>\n<td>\n\t\t\t\t7.30\n\t\t\t<\/td>\n<td>\n\t\t\t\t+Czes\u0142awa Szul greg.\/22\/\n\t\t\t<\/td>\n<\/tr>\n<tr>\n<td>\n\t\t\t\t9.15\n\t\t\t<\/td>\n<td>\n\t\t\t\t+Kazimiera, Franciszek Kijanka\n\t\t\t<\/td>\n<\/tr>\n<tr>\n<td>\n\t\t\t\t11.00\n\t\t\t<\/td>\n<td>\n\t\t\t\tW intencji parafian\n\t\t\t<\/td>\n<\/tr>\n<tr>\n<td>\n\t\t\t\t16.30\n\t\t\t<\/td>\n<td>\n\t\t\t\t+W\u0142adys\u0142aw, Waleria, Jan i Stanis\u0142aw\n\t\t\t<\/td>\n<\/tr>\n<\/tbody>\n<\/table>\n<p>\n\t&nbsp;<\/p>\n","protected":false},"excerpt":{"rendered":"<p>W najbli\u017cszym tygodniu zostan\u0105 odprawione nast\u0119puj\u0105ce intencje mszalne:<span class=\"more-link\"><a href=\"https:\/\/parafiabesko.pl\/?p=1176\">Czytaj wi\u0119cej<\/a><\/span><\/p>\n","protected":false},"author":1,"featured_media":1055,"comment_status":"closed","ping_status":"open","sticky":false,"template":"","format":"standard","meta":{"footnotes":""},"categories":[7],"tags":[],"class_list":["entry","author-adminparafiibesko","has-more-link","post-1176","post","type-post","status-publish","format-standard","has-post-thumbnail","category-ogloszenia-parafialne"],"_links":{"self":[{"href":"https:\/\/parafiabesko.pl\/index.php?rest_route=\/wp\/v2\/posts\/1176","targetHints":{"allow":["GET"]}}],"collection":[{"href":"https:\/\/parafiabesko.pl\/index.php?rest_route=\/wp\/v2\/posts"}],"about":[{"href":"https:\/\/parafiabesko.pl\/index.php?rest_route=\/wp\/v2\/types\/post"}],"author":[{"embeddable":true,"href":"https:\/\/parafiabesko.pl\/index.php?rest_route=\/wp\/v2\/users\/1"}],"replies":[{"embeddable":true,"href":"https:\/\/parafiabesko.pl\/index.php?rest_route=%2Fwp%2Fv2%2Fcomments&post=1176"}],"version-history":[{"count":0,"href":"https:\/\/parafiabesko.pl\/index.php?rest_route=\/wp\/v2\/posts\/1176\/revisions"}],"wp:featuredmedia":[{"embeddable":true,"href":"https:\/\/parafiabesko.pl\/index.php?rest_route=\/"}],"wp:attachment":[{"href":"https:\/\/parafiabesko.pl\/index.php?rest_route=%2Fwp%2Fv2%2Fmedia&parent=1176"}],"wp:term":[{"taxonomy":"category","embeddable":true,"href":"https:\/\/parafiabesko.pl\/index.php?rest_route=%2Fwp%2Fv2%2Fcategories&post=1176"},{"taxonomy":"post_tag","embeddable":true,"href":"https:\/\/parafiabesko.pl\/index.php?rest_route=%2Fwp%2Fv2%2Ftags&post=1176"}],"curies":[{"name":"wp","href":"https:\/\/api.w.org\/{rel}","templated":true}]}}