{"id":1172,"date":"2013-09-15T17:05:59","date_gmt":"2013-09-15T17:05:59","guid":{"rendered":"http:\/\/parafiabesko.pl\/?p=1172"},"modified":"2013-09-15T17:05:59","modified_gmt":"2013-09-15T17:05:59","slug":"ogloszenia-15-09-2013","status":"publish","type":"post","link":"https:\/\/parafiabesko.pl\/?p=1172","title":{"rendered":"Og\u0142oszenia 15.09.2013"},"content":{"rendered":"<p>\n\t1. Dzisiaj \u015awiatowy Dzie\u0144&nbsp; \u015arodk&oacute;w Spo\u0142ecznego Przekazu. Nasz\u0105 &nbsp;modlitw\u0105 obejmujemy wszystkich&nbsp; pracownik&oacute;w medi&oacute;w, zw\u0142aszcza katolickich.\n<\/p>\n<p><!--more--><\/p>\n<p>\n\t2. Dzisiaj rozpoczyna si\u0119 Tydzie\u0144 modlitw o dobre wychowanie dzieci i m\u0142odzie\u017cy.\n<\/p>\n<p>\n\t3. Taca z dzisiejszej niedzieli przeznaczona jest diecezjalne Radio Fara.\n<\/p>\n<p>\n\t4. Dzisiaj o godz. 12.30 na placu cerkiewnym w Besku zostanie odprawiona Msza \u015bw. w obrz\u0119dzie greko-katolickim. Organizatorzy serdecznie zapraszaj\u0105 na wsp&oacute;ln\u0105 modlitw\u0119.\n<\/p>\n<p>\n\t5. We wtorek godz. 18.00 nabo\u017ce\u0144stwo do Bo\u017cego Mi\u0142osierdzia.\n<\/p>\n<p>\n\t6. We \u015brod\u0119 18 wrze\u015bnia &ndash; \u015bwi\u0119to \u015bw. Stanis\u0142awa Kostki, patrona&nbsp; Polski. Jest to r&oacute;wnie\u017c \u015bwi\u0119to patronalne m\u0142odzie\u017cy W \u015brod\u0119 o godz. 18.00 Nowenna do Matki Bo\u017cej Nieustaj\u0105cej Pomocy.<\/p>\n","protected":false},"excerpt":{"rendered":"<p>1. Dzisiaj \u015awiatowy Dzie\u0144&nbsp; \u015arodk&oacute;w Spo\u0142ecznego Przekazu. Nasz\u0105 &nbsp;modlitw\u0105 obejmujemy wszystkich&nbsp; pracownik&oacute;w medi&oacute;w, zw\u0142aszcza katolickich.<span class=\"more-link\"><a href=\"https:\/\/parafiabesko.pl\/?p=1172\">Czytaj wi\u0119cej<\/a><\/span><\/p>\n","protected":false},"author":1,"featured_media":1059,"comment_status":"closed","ping_status":"open","sticky":false,"template":"","format":"standard","meta":{"footnotes":""},"categories":[7],"tags":[],"class_list":["entry","author-adminparafiibesko","has-more-link","post-1172","post","type-post","status-publish","format-standard","has-post-thumbnail","category-ogloszenia-parafialne"],"_links":{"self":[{"href":"https:\/\/parafiabesko.pl\/index.php?rest_route=\/wp\/v2\/posts\/1172","targetHints":{"allow":["GET"]}}],"collection":[{"href":"https:\/\/parafiabesko.pl\/index.php?rest_route=\/wp\/v2\/posts"}],"about":[{"href":"https:\/\/parafiabesko.pl\/index.php?rest_route=\/wp\/v2\/types\/post"}],"author":[{"embeddable":true,"href":"https:\/\/parafiabesko.pl\/index.php?rest_route=\/wp\/v2\/users\/1"}],"replies":[{"embeddable":true,"href":"https:\/\/parafiabesko.pl\/index.php?rest_route=%2Fwp%2Fv2%2Fcomments&post=1172"}],"version-history":[{"count":0,"href":"https:\/\/parafiabesko.pl\/index.php?rest_route=\/wp\/v2\/posts\/1172\/revisions"}],"wp:featuredmedia":[{"embeddable":true,"href":"https:\/\/parafiabesko.pl\/index.php?rest_route=\/"}],"wp:attachment":[{"href":"https:\/\/parafiabesko.pl\/index.php?rest_route=%2Fwp%2Fv2%2Fmedia&parent=1172"}],"wp:term":[{"taxonomy":"category","embeddable":true,"href":"https:\/\/parafiabesko.pl\/index.php?rest_route=%2Fwp%2Fv2%2Fcategories&post=1172"},{"taxonomy":"post_tag","embeddable":true,"href":"https:\/\/parafiabesko.pl\/index.php?rest_route=%2Fwp%2Fv2%2Ftags&post=1172"}],"curies":[{"name":"wp","href":"https:\/\/api.w.org\/{rel}","templated":true}]}}