{"id":1167,"date":"2013-09-08T05:35:55","date_gmt":"2013-09-08T05:35:55","guid":{"rendered":"http:\/\/parafiabesko.pl\/?p=1167"},"modified":"2013-09-08T05:35:55","modified_gmt":"2013-09-08T05:35:55","slug":"ogloszenia-08-09-2013","status":"publish","type":"post","link":"https:\/\/parafiabesko.pl\/?p=1167","title":{"rendered":"Og\u0142oszenia 08.09.2013"},"content":{"rendered":"<p style=\"text-align: justify;\">\n\t1. We wtorek o godz. 18.00 nabo\u017ce\u0144stwo do Bo\u017cego Mi\u0142osierdzia.\n<\/p>\n<p>\n\t<!--more-->\n<\/p>\n<p style=\"text-align: justify;\">\n\t2. W \u015brod\u0119 o godz. 18.00 Nowenna do Matki Bo\u017cej Nieustaj\u0105cej Pomocy.\n<\/p>\n<p style=\"text-align: justify;\">\n\t3. W czwartek na godzin\u0119 18.00 zapraszamy do ko\u015bcio\u0142a na spotkanie m\u0142odzie\u017c klasy 3 Gimnazjum wraz z&nbsp; rodzicami celem om&oacute;wienia przygotowania m\u0142odzie\u017cy do Sakramentu Bierzmowania, kt&oacute;re w naszej Parafii b\u0119dzie 12 pa\u017adziernika 2013 roku. Obecno\u015b\u0107 jest obowi\u0105zkowa.\n<\/p>\n<p style=\"text-align: justify;\">\n\t4. W pi\u0105tek od godz. 17.00 spowied\u017a przed odpustem parafialnym.\n<\/p>\n<p style=\"text-align: justify;\">\n\t5. W sobot\u0119 14 wrze\u015bnia&nbsp; <strong>\u015awi\u0119to Podwy\u017cszenia Krzy\u017ca \u015awi\u0119tego &ndash; odpust parafialny.<\/strong> Porz\u0105dek Mszy \u015bw.: rano godz.<strong>7.30<\/strong>, uroczysta suma o godz.<strong>11.00<\/strong>, kt&oacute;r\u0105 odprawi i S\u0142owo Bo\u017ce wyg\u0142osi ks. Krzysztof Szyndler nasz Rodak obchodz\u0105cy jubileusz 10 &ndash; lecia kap\u0142a\u0144stwa po sumie procesja eucharystyczna wok&oacute;\u0142 ko\u015bcio\u0142a, dlatego prosimy przyprowadzi\u0107 dzieci do sypania kwiat&oacute;w, oraz dzieci kt&oacute;re w tym roku by\u0142y u I Komunii \u015bw. niech przyjd\u0105 w strojach pierwszokomunijnych, na procesj\u0119 bierzemy: krzy\u017c, ber\u0142o, chor\u0105gwie, baldachim. Procesj\u0119 zako\u0144czymy b\u0142ogos\u0142awie\u0144stwem Naj\u015bwi\u0119tszym Sakramentem. Po po\u0142udniu Msza \u015bw. o godz. <strong>18.00<\/strong>. W najbli\u017csz\u0105 sobot\u0119 jest obowi\u0105zek uczestniczenia we Mszy \u015bw.\n<\/p>\n<p style=\"text-align: justify;\">\n\t6. W najbli\u017csz\u0105 niedziel\u0119 15 wrze\u015bnia o godz. 12.30 na placu cerkiewnym zostanie odprawiona Msza \u015bw. w obrz\u0119dzie greko-katolickim. Organizatorzy serdecznie zapraszaj\u0105 na wsp&oacute;ln\u0105 modlitw\u0119.<\/p>\n","protected":false},"excerpt":{"rendered":"<p>1. We wtorek o godz. 18.00 nabo\u017ce\u0144stwo do Bo\u017cego Mi\u0142osierdzia.<span class=\"more-link\"><a href=\"https:\/\/parafiabesko.pl\/?p=1167\">Czytaj wi\u0119cej<\/a><\/span><\/p>\n","protected":false},"author":1,"featured_media":1059,"comment_status":"closed","ping_status":"open","sticky":false,"template":"","format":"standard","meta":{"footnotes":""},"categories":[7],"tags":[],"class_list":["entry","author-adminparafiibesko","has-more-link","post-1167","post","type-post","status-publish","format-standard","has-post-thumbnail","category-ogloszenia-parafialne"],"_links":{"self":[{"href":"https:\/\/parafiabesko.pl\/index.php?rest_route=\/wp\/v2\/posts\/1167","targetHints":{"allow":["GET"]}}],"collection":[{"href":"https:\/\/parafiabesko.pl\/index.php?rest_route=\/wp\/v2\/posts"}],"about":[{"href":"https:\/\/parafiabesko.pl\/index.php?rest_route=\/wp\/v2\/types\/post"}],"author":[{"embeddable":true,"href":"https:\/\/parafiabesko.pl\/index.php?rest_route=\/wp\/v2\/users\/1"}],"replies":[{"embeddable":true,"href":"https:\/\/parafiabesko.pl\/index.php?rest_route=%2Fwp%2Fv2%2Fcomments&post=1167"}],"version-history":[{"count":0,"href":"https:\/\/parafiabesko.pl\/index.php?rest_route=\/wp\/v2\/posts\/1167\/revisions"}],"wp:featuredmedia":[{"embeddable":true,"href":"https:\/\/parafiabesko.pl\/index.php?rest_route=\/"}],"wp:attachment":[{"href":"https:\/\/parafiabesko.pl\/index.php?rest_route=%2Fwp%2Fv2%2Fmedia&parent=1167"}],"wp:term":[{"taxonomy":"category","embeddable":true,"href":"https:\/\/parafiabesko.pl\/index.php?rest_route=%2Fwp%2Fv2%2Fcategories&post=1167"},{"taxonomy":"post_tag","embeddable":true,"href":"https:\/\/parafiabesko.pl\/index.php?rest_route=%2Fwp%2Fv2%2Ftags&post=1167"}],"curies":[{"name":"wp","href":"https:\/\/api.w.org\/{rel}","templated":true}]}}