{"id":11639,"date":"2026-05-02T16:22:00","date_gmt":"2026-05-02T14:22:00","guid":{"rendered":"https:\/\/parafiabesko.pl\/?p=11639"},"modified":"2026-05-02T16:22:00","modified_gmt":"2026-05-02T14:22:00","slug":"ogloszenia-parafialne-5-niedziela-po-wielkanocy-3-05-2026r","status":"publish","type":"post","link":"https:\/\/parafiabesko.pl\/?p=11639","title":{"rendered":"Og\u0142oszenia parafialne 5 Niedziela po Wielkanocy 3.05.2026r."},"content":{"rendered":"\n<p>1.Dzisiaj <strong>Niedziela Adoracyjna<\/strong> od godz. 12.00 do 16.00 prywatna adoracja rodzin naszej Parafii. O godz. 16.00 nabo\u017ce\u0144stwo majowe i zamiana tajemnic r\u00f3\u017ca\u0144cowych, adoruje r\u00f3\u017ca MNP Kr\u00f3lowej Polski prze\u0142o\u017cona Krystyna Szajna.<\/p>\n\n\n\n<p>2.Dzisiejsza taca przeznaczona jest na potrzeby archidiecezji.<\/p>\n\n\n\n<p>3.Nabo\u017ce\u0144stwa majowe. Zach\u0119camy dzieci, m\u0142odzie\u017c i starszych do udzia\u0142u w modlitwie do Matki Bo\u017cej w tym pi\u0119knym miesi\u0105cu. Nabo\u017ce\u0144stwa majowe w Besku o godz. 18.00 w dni powszednie, a w niedziel\u0119 o godz. 16.00. W ko\u015bcio\u0142ach filialnych nabo\u017ce\u0144stwo majowe prowadz\u0105 r\u00f3\u017ce r\u00f3\u017ca\u0144cowe w dni powszednie o godz. 18.00, a niedziel\u0119 po Mszy \u015bwi\u0119tej.<\/p>\n\n\n\n<p>4<strong>.Prosimy Parafian o odnowienie krzy\u017cy i kaplic przydro\u017cnych.<\/strong><\/p>\n\n\n\n<p>5.W pi\u0105tek&nbsp; Uroczysto\u015b\u0107 \u015bw. Stanis\u0142awa biskupa i m\u0119czennika, Patrona Polski.<\/p>\n\n\n\n<p><strong>6.W sobot\u0119 o godz. 9.00 spowied\u017a dzieci, rodzic\u00f3w przed Pierwsz\u0105 Komuni\u0105 \u015bwi\u0119t\u0105.<\/strong><\/p>\n\n\n\n<p>7<strong>.W przysz\u0142\u0105 niedziel\u0119 o godz. 12.00 w naszej Parafii Uroczysto\u015b\u0107 Pierwszej Komunii \u015bwi\u0119tej.<\/strong><\/p>\n\n\n\n<p>8.Dzi\u0119kujemy za sprz\u0105tanie ko\u015bcio\u0142a i ofiary z\u0142o\u017cone na kwiaty W tym tygodniu ko\u015bci\u00f3\u0142 i otoczenie ko\u015bcio\u0142a sprz\u0105taj\u0105 rodzice dzieci pierwszokomunijnych.<\/p>\n","protected":false},"excerpt":{"rendered":"<p>1.Dzisiaj Niedziela Adoracyjna od godz. 12.00 do 16.00 prywatna adoracja rodzin naszej Parafii. O godz. 16.00 nabo\u017ce\u0144stwo majowe i zamiana tajemnic r\u00f3\u017ca\u0144cowych, adoruje r\u00f3\u017ca MNP Kr\u00f3lowej Polski prze\u0142o\u017cona Krystyna Szajna. 2.Dzisiejsza taca przeznaczona jest na potrzeby archidiecezji. 3.Nabo\u017ce\u0144stwa majowe. Zach\u0119camy dzieci, m\u0142odzie\u017c i starszych do udzia\u0142u w modlitwie do Matki<span class=\"more-link\"><a href=\"https:\/\/parafiabesko.pl\/?p=11639\">Czytaj wi\u0119cej<\/a><\/span><\/p>\n","protected":false},"author":1,"featured_media":0,"comment_status":"closed","ping_status":"","sticky":false,"template":"","format":"standard","meta":{"footnotes":""},"categories":[7],"tags":[],"class_list":["entry","author-adminparafiibesko","post-11639","post","type-post","status-publish","format-standard","category-ogloszenia-parafialne"],"_links":{"self":[{"href":"https:\/\/parafiabesko.pl\/index.php?rest_route=\/wp\/v2\/posts\/11639","targetHints":{"allow":["GET"]}}],"collection":[{"href":"https:\/\/parafiabesko.pl\/index.php?rest_route=\/wp\/v2\/posts"}],"about":[{"href":"https:\/\/parafiabesko.pl\/index.php?rest_route=\/wp\/v2\/types\/post"}],"author":[{"embeddable":true,"href":"https:\/\/parafiabesko.pl\/index.php?rest_route=\/wp\/v2\/users\/1"}],"replies":[{"embeddable":true,"href":"https:\/\/parafiabesko.pl\/index.php?rest_route=%2Fwp%2Fv2%2Fcomments&post=11639"}],"version-history":[{"count":1,"href":"https:\/\/parafiabesko.pl\/index.php?rest_route=\/wp\/v2\/posts\/11639\/revisions"}],"predecessor-version":[{"id":11640,"href":"https:\/\/parafiabesko.pl\/index.php?rest_route=\/wp\/v2\/posts\/11639\/revisions\/11640"}],"wp:attachment":[{"href":"https:\/\/parafiabesko.pl\/index.php?rest_route=%2Fwp%2Fv2%2Fmedia&parent=11639"}],"wp:term":[{"taxonomy":"category","embeddable":true,"href":"https:\/\/parafiabesko.pl\/index.php?rest_route=%2Fwp%2Fv2%2Fcategories&post=11639"},{"taxonomy":"post_tag","embeddable":true,"href":"https:\/\/parafiabesko.pl\/index.php?rest_route=%2Fwp%2Fv2%2Ftags&post=11639"}],"curies":[{"name":"wp","href":"https:\/\/api.w.org\/{rel}","templated":true}]}}