{"id":11637,"date":"2026-05-02T16:18:33","date_gmt":"2026-05-02T14:18:33","guid":{"rendered":"https:\/\/parafiabesko.pl\/?p=11637"},"modified":"2026-05-02T16:18:33","modified_gmt":"2026-05-02T14:18:33","slug":"intencje-mszalne-4-10-05-2026r","status":"publish","type":"post","link":"https:\/\/parafiabesko.pl\/?p=11637","title":{"rendered":"Intencje mszalne 4-10.05.2026r"},"content":{"rendered":"\n<figure class=\"wp-block-table\"><table><tbody><tr><td rowspan=\"2\"><strong>Poniedzia\u0142ek<\/strong> &nbsp;<\/td><td><strong>7.00<\/strong><\/td><td>-O potrzebne \u0142aski Ducha \u015bw. i szcz\u0119\u015bliwe zdanie egzamin\u00f3w maturalnych dla Nikoli, Wiktora, Karoliny i Wiktora<\/td><\/tr><tr><td><strong>18.00<\/strong><\/td><td>1. +Wanda Skubel \/41 r. \u015bm.\/ of. m\u0105\u017c <br>2. +Henryk\u0119, Marian Szafan<\/td><\/tr><tr><td rowspan=\"2\"><strong>Wtorek<\/strong> &nbsp;<\/td><td><strong>7.00<\/strong><\/td><td>+Andrzej<\/td><\/tr><tr><td><strong>18.00<\/strong><\/td><td>1. +Irena Suwa\u0142a of. siostry <br>2. +Irena, Jacek \u015aliwka<\/td><\/tr><tr><td rowspan=\"2\"><strong>\u015aroda<\/strong> <strong>&nbsp;<\/strong><\/td><td><strong>7.00<\/strong><\/td><td>-O b\u0142og. Bo\u017ce i potrzebne \u0142aski, opiek\u0119 M Bo\u017cej w doros\u0142ym \u017cyciu dla Anastazji w 19 urodziny<\/td><\/tr><tr><td><strong>18.00<\/strong><\/td><td>1. +Stanis\u0142aw, Krystyna Morczkowscy <br>2. +Franciszek, Karolina, Kazimierz, Bronis\u0142aw, Franciszek Semenowicz i Maria Wielgus<\/td><\/tr><tr><td rowspan=\"2\"><strong>Czwartek<\/strong> &nbsp;<\/td><td><strong>7.00<\/strong><\/td><td>+Henryk, Stanis\u0142aw Szybka<\/td><\/tr><tr><td><strong>18.00<\/strong><\/td><td>1. +Agnieszka, \u0141ukasz Rajter <br>2. +Kazimierz Wr\u00f3bel \/5 r. \u015bm.\/ i zm. rodzice<\/td><\/tr><tr><td rowspan=\"2\"><strong>Pi\u0105tek<\/strong> &nbsp;<\/td><td><strong>7.00<\/strong><\/td><td>+Stanis\u0142aw Rodzinka<\/td><\/tr><tr><td><strong>18.00<\/strong><\/td><td>1. +Stanis\u0142aw, Stanis\u0142aw\u0119, Stefani\u0119 i Stanis\u0142aw <br>2. +Maria, Stanis\u0142aw Szajna<\/td><\/tr><tr><td rowspan=\"2\"><strong>Sobota<\/strong> &nbsp;<\/td><td><strong>7.00<\/strong><\/td><td>+Stanis\u0142aw\u0119, Eugeniusz Szybka<\/td><\/tr><tr><td><strong>18.00<\/strong><\/td><td>1. \u2013O b\u0142og. Bo\u017ce i opiek\u0119 M Bo\u017cej dla Dominiki <br>2. +Stanis\u0142aw, J\u00f3zef\u0119 Skubel of. syn J\u00f3zef<\/td><\/tr><tr><td rowspan=\"5\"><strong>Niedziela<\/strong> &nbsp;<\/td><td><strong>7.30<\/strong><\/td><td>+Stanis\u0142aw, Jan, Janina Mermer i zm. z rodziny<\/td><\/tr><tr><td><strong>9.15<\/strong><\/td><td>+Jakub Kurpiel of. chrze\u015bniak<\/td><\/tr><tr><td><strong>11.00<\/strong><\/td><td><strong>Za Parafian<\/strong><\/td><\/tr><tr><td><strong>12.00<\/strong><\/td><td><strong>I Komunia \u015bw.<\/strong><\/td><\/tr><tr><td><strong>16.30<\/strong><\/td><td>+Stanis\u0142aw, Antonina, Robert Mikosz<\/td><\/tr><tr><td><\/td><td><\/td><td><\/td><\/tr><\/tbody><\/table><\/figure>\n","protected":false},"excerpt":{"rendered":"<p>Poniedzia\u0142ek &nbsp; 7.00 -O potrzebne \u0142aski Ducha \u015bw. i szcz\u0119\u015bliwe zdanie egzamin\u00f3w maturalnych dla Nikoli, Wiktora, Karoliny i Wiktora 18.00 1. +Wanda Skubel \/41 r. \u015bm.\/ of. m\u0105\u017c 2. +Henryk\u0119, Marian Szafan Wtorek &nbsp; 7.00 +Andrzej 18.00 1. +Irena Suwa\u0142a of. siostry 2. +Irena, Jacek \u015aliwka \u015aroda &nbsp; 7.00 -O<span class=\"more-link\"><a href=\"https:\/\/parafiabesko.pl\/?p=11637\">Czytaj wi\u0119cej<\/a><\/span><\/p>\n","protected":false},"author":1,"featured_media":0,"comment_status":"closed","ping_status":"","sticky":false,"template":"","format":"standard","meta":{"footnotes":""},"categories":[4],"tags":[],"class_list":["entry","author-adminparafiibesko","post-11637","post","type-post","status-publish","format-standard","category-intencje-mszalne"],"_links":{"self":[{"href":"https:\/\/parafiabesko.pl\/index.php?rest_route=\/wp\/v2\/posts\/11637","targetHints":{"allow":["GET"]}}],"collection":[{"href":"https:\/\/parafiabesko.pl\/index.php?rest_route=\/wp\/v2\/posts"}],"about":[{"href":"https:\/\/parafiabesko.pl\/index.php?rest_route=\/wp\/v2\/types\/post"}],"author":[{"embeddable":true,"href":"https:\/\/parafiabesko.pl\/index.php?rest_route=\/wp\/v2\/users\/1"}],"replies":[{"embeddable":true,"href":"https:\/\/parafiabesko.pl\/index.php?rest_route=%2Fwp%2Fv2%2Fcomments&post=11637"}],"version-history":[{"count":1,"href":"https:\/\/parafiabesko.pl\/index.php?rest_route=\/wp\/v2\/posts\/11637\/revisions"}],"predecessor-version":[{"id":11638,"href":"https:\/\/parafiabesko.pl\/index.php?rest_route=\/wp\/v2\/posts\/11637\/revisions\/11638"}],"wp:attachment":[{"href":"https:\/\/parafiabesko.pl\/index.php?rest_route=%2Fwp%2Fv2%2Fmedia&parent=11637"}],"wp:term":[{"taxonomy":"category","embeddable":true,"href":"https:\/\/parafiabesko.pl\/index.php?rest_route=%2Fwp%2Fv2%2Fcategories&post=11637"},{"taxonomy":"post_tag","embeddable":true,"href":"https:\/\/parafiabesko.pl\/index.php?rest_route=%2Fwp%2Fv2%2Ftags&post=11637"}],"curies":[{"name":"wp","href":"https:\/\/api.w.org\/{rel}","templated":true}]}}