{"id":11619,"date":"2026-04-25T13:04:54","date_gmt":"2026-04-25T11:04:54","guid":{"rendered":"https:\/\/parafiabesko.pl\/?p=11619"},"modified":"2026-04-26T15:12:00","modified_gmt":"2026-04-26T13:12:00","slug":"ogloszenia-parafialne-4-niedziela-po-wielkanocy-26-04-2026r","status":"publish","type":"post","link":"https:\/\/parafiabesko.pl\/?p=11619","title":{"rendered":"Og\u0142oszenia parafialne 4 Niedziela po Wielkanocy 26.04.2026r."},"content":{"rendered":"\n<p>1.Dzisiaj niedziela Dobrego Pasterza, kt\u00f3ra rozpoczyna Tydzie\u0144 modlitw o powo\u0142ania kap\u0142a\u0144skie i zakonne.<\/p>\n\n\n\n<p>2.Od poniedzia\u0142ku spowied\u017a przed I pi\u0105tkiem miesi\u0105ca rano i wieczorem przed Msz\u0105 \u015bw. Dzieci i m\u0142odzie\u017c do spowiedzi zapraszamy we \u015brod\u0119 od godz. 17.00.<\/p>\n\n\n\n<p>3.W poniedzia\u0142ek o godz. 18.00 modlitwa przy relikwiach \u015bw. Jana Paw\u0142a II.<\/p>\n\n\n\n<p>4.We wtorek o godz. 18.00 Nabo\u017ce\u0144stwo do Bo\u017cego Mi\u0142osierdzia.<\/p>\n\n\n\n<p>5.We&nbsp; \u015brod\u0119 o godz. 18.00 Nowenna do Matki Bo\u017cej Nieustaj\u0105cej Pomocy.<\/p>\n\n\n\n<p>6.Pierwszy pi\u0105tek miesi\u0105ca o godz. 7.00 Msza \u015bw. i adoracja, adoruje&nbsp; r\u00f3\u017ca NMP Cz\u0119stochowskiej prze\u0142o\u017cona Helena Folcik. Wieczorem o godz. 18.00 nabo\u017ce\u0144stwo majowe&nbsp; &nbsp;i Msza \u015bw. W ko\u015bcio\u0142ach filialnych w Mymoniu i Por\u0119bach o godz. 16.00 spowied\u017a, nabo\u017ce\u0144stwo majowe i Msza \u015bw. Chorych w Besku b\u0119dziemy odwiedza\u0107 od godz. 8.00.<\/p>\n\n\n\n<p>7.W pi\u0105tek <strong>1 maja<\/strong> pocz\u0105tek nabo\u017ce\u0144stw majowych. Zach\u0119camy dzieci, m\u0142odzie\u017c i starszych do udzia\u0142u w modlitwie do Matki Bo\u017cej w tym pi\u0119knym miesi\u0105cu. Nabo\u017ce\u0144stwa majowe&nbsp;w Besku o godz.18.00 w dni powszednie, a w niedziel\u0119 i \u015bwi\u0119ta o godz.16.00. Dla dzieci uczestnicz\u0105cych w nabo\u017ce\u0144stwach majowych zosta\u0142y przygotowane przez Parafi\u0119 plansze&nbsp;z wklejaniem kwiat\u00f3w do od razu Matki Bo\u017cej. W ko\u015bcio\u0142ach filialnych nabo\u017ce\u0144stwo majowe w dni powszednie o godz.18.00, a w niedziel\u0119 po Mszy \u015bw. prowadz\u0105 r\u00f3\u017ce r\u00f3\u017ca\u0144cowe. <strong>Arcybiskup Metropolita Przemyski Adam Szal udzieli\u0142 dyspensy od charakteru pokutnego, w tym od zachowania wstrzemi\u0119\u017aliwo\u015bci od spo\u017cywania pokarm\u00f3w mi\u0119snych, w pi\u0105tek 1 maja 2026 r., wszystkim wiernym Archidiecezji Przemyskiej, a tak\u017ce innym osobom przebywaj\u0105cym w tym dniu na terenie Archidiecezji.<\/strong> Jednocze\u015bnie Arcybiskup zobowi\u0105za\u0142 wszystkich korzystaj\u0105cych z dyspensy do z\u0142o\u017cenia ja\u0142mu\u017cny (ofiary) na&nbsp;<a href=\"https:\/\/misje.przemyska.pl\/wplacam\/\" target=\"_blank\" rel=\"noreferrer noopener\">misje \u015bwi\u0119te<\/a>&nbsp;lub&nbsp;<a href=\"https:\/\/caritas.przemyska.pl\/\" target=\"_blank\" rel=\"noreferrer noopener\">Caritas Archidiecezji Przemyskiej<\/a>.<\/p>\n\n\n\n<p>8.Pierwsza sobota miesi\u0105ca<strong> \u2013 <\/strong>przeniesiona <strong>Uroczysto\u015b\u0107 NMP Kr\u00f3lowej Polski G\u0142\u00f3wnej Patronki Polski i Archidiecezji Przemyskiej.<\/strong> Rano o godz.7.00 Msza \u015bw. i nabo\u017ce\u0144stwo &nbsp;&nbsp;do Matki Bo\u017cej, adoruje r\u00f3\u017c\u0105 Matki Ko\u015bcio\u0142a, prze\u0142o\u017cona Ewa Wais. <strong>Wieczorem o godz. 20.00 pierwsze w tym roku nabo\u017ce\u0144stwo fatimskie.<\/strong><\/p>\n\n\n\n<p>9.W przysz\u0142\u0105 niedziel\u0119 &#8211; <strong>Niedziela Adoracyjna.<\/strong> Od godz. 12.00 do 16.00 prywatna adoracja rodzin naszej Parafii. O godz. 16.00 nabo\u017ce\u0144stwo majowe i zmiana tajemnic, adoruje r\u00f3\u017ca MNP Kr\u00f3lowej Polski prze\u0142o\u017cona Krystyna Szajna.<\/p>\n\n\n\n<p>10.Zach\u0119camy muzyk\u00f3w, aby tak jak w ubieg\u0142e lata w \u015bwi\u0119ta i niedziele miesi\u0105ca maja na p\u00f3\u0142 godziny przed nabo\u017ce\u0144stwem majowym zagrali koncert pie\u015bni maryjnych z balkonu nowego ko\u015bcio\u0142a.<\/p>\n\n\n\n<p>11.<strong>Prosimy Parafian,&nbsp; aby przed majem odnowi\u0107 wszystkie kapliczki i krzy\u017ce na terenie Parafii&nbsp; Besko.<\/strong><\/p>\n\n\n\n<p>12. W poniedzia\u0142ek o godz. 19.30 Msza dla m\u0119\u017cczyzn. Zapraszamy<\/p>\n\n\n\n<p><\/p>\n","protected":false},"excerpt":{"rendered":"<p>1.Dzisiaj niedziela Dobrego Pasterza, kt\u00f3ra rozpoczyna Tydzie\u0144 modlitw o powo\u0142ania kap\u0142a\u0144skie i zakonne. 2.Od poniedzia\u0142ku spowied\u017a przed I pi\u0105tkiem miesi\u0105ca rano i wieczorem przed Msz\u0105 \u015bw. Dzieci i m\u0142odzie\u017c do spowiedzi zapraszamy we \u015brod\u0119 od godz. 17.00. 3.W poniedzia\u0142ek o godz. 18.00 modlitwa przy relikwiach \u015bw. Jana Paw\u0142a II. 4.We<span class=\"more-link\"><a href=\"https:\/\/parafiabesko.pl\/?p=11619\">Czytaj wi\u0119cej<\/a><\/span><\/p>\n","protected":false},"author":1,"featured_media":0,"comment_status":"closed","ping_status":"closed","sticky":false,"template":"","format":"standard","meta":{"footnotes":""},"categories":[1],"tags":[],"class_list":["entry","author-adminparafiibesko","post-11619","post","type-post","status-publish","format-standard","category-bez-kategorii"],"_links":{"self":[{"href":"https:\/\/parafiabesko.pl\/index.php?rest_route=\/wp\/v2\/posts\/11619","targetHints":{"allow":["GET"]}}],"collection":[{"href":"https:\/\/parafiabesko.pl\/index.php?rest_route=\/wp\/v2\/posts"}],"about":[{"href":"https:\/\/parafiabesko.pl\/index.php?rest_route=\/wp\/v2\/types\/post"}],"author":[{"embeddable":true,"href":"https:\/\/parafiabesko.pl\/index.php?rest_route=\/wp\/v2\/users\/1"}],"replies":[{"embeddable":true,"href":"https:\/\/parafiabesko.pl\/index.php?rest_route=%2Fwp%2Fv2%2Fcomments&post=11619"}],"version-history":[{"count":3,"href":"https:\/\/parafiabesko.pl\/index.php?rest_route=\/wp\/v2\/posts\/11619\/revisions"}],"predecessor-version":[{"id":11629,"href":"https:\/\/parafiabesko.pl\/index.php?rest_route=\/wp\/v2\/posts\/11619\/revisions\/11629"}],"wp:attachment":[{"href":"https:\/\/parafiabesko.pl\/index.php?rest_route=%2Fwp%2Fv2%2Fmedia&parent=11619"}],"wp:term":[{"taxonomy":"category","embeddable":true,"href":"https:\/\/parafiabesko.pl\/index.php?rest_route=%2Fwp%2Fv2%2Fcategories&post=11619"},{"taxonomy":"post_tag","embeddable":true,"href":"https:\/\/parafiabesko.pl\/index.php?rest_route=%2Fwp%2Fv2%2Ftags&post=11619"}],"curies":[{"name":"wp","href":"https:\/\/api.w.org\/{rel}","templated":true}]}}