{"id":11617,"date":"2026-04-25T13:01:36","date_gmt":"2026-04-25T11:01:36","guid":{"rendered":"https:\/\/parafiabesko.pl\/?p=11617"},"modified":"2026-04-26T08:56:47","modified_gmt":"2026-04-26T06:56:47","slug":"intencje-mszalne-27-04-3-05-2026r","status":"publish","type":"post","link":"https:\/\/parafiabesko.pl\/?p=11617","title":{"rendered":"Intencje mszalne 27.04.-3.05.2026r."},"content":{"rendered":"\n<figure class=\"wp-block-table\"><table><tbody><tr><td rowspan=\"2\"><strong>Poniedzia\u0142ek<\/strong> &nbsp;<\/td><td><strong>7.00<\/strong><\/td><td>+Stanis\u0142aw Pojnar of. Bo\u017cena<\/td><\/tr><tr><td><strong>18.00<\/strong><\/td><td>1. -Z okazji 100-lecia Ko\u0142a Gospody\u0144 w Besku <br>2. +J\u00f3zef\u0119, Stanis\u0142aw, Jan, J\u00f3zef, Tomasz Bury<\/td><\/tr><tr><td rowspan=\"2\"><strong>Wtorek<\/strong> &nbsp;<\/td><td><strong>7.00<\/strong><\/td><td>+Stanis\u0142aw Pojnar of. pracownicy Przedszkola si\u00f3str Felicjanek<\/td><\/tr><tr><td><strong>18.00<\/strong><\/td><td>1. +J\u00f3zef, Maria \/18 r. \u015bm.\/ Szul <br>2. +Artur<\/td><\/tr><tr><td rowspan=\"2\"><strong>\u015aroda<\/strong> <strong>&nbsp;<\/strong><\/td><td><strong>7.00<\/strong><\/td><td>+Kazimier\u0119 \/10 r. \u015bm.\/, W\u0142adys\u0142aw Kielar<\/td><\/tr><tr><td><strong>18.00<\/strong><\/td><td>1. +Jadwiga Mermer \/1 r. \u015bm.\/ <br>2. \u2013Dzi\u0119kczynna za otrzymane \u0142aski w rodzinie z pro\u015bb\u0105 o opiek\u0119 M Bo\u017cej i potrzebne \u0142aski<\/td><\/tr><tr><td rowspan=\"2\"><strong>Czwartek<\/strong> &nbsp;<\/td><td><strong>7.00<\/strong><\/td><td>+Kazimiera \/8 r. \u015bm.\/, Jan Szul<\/td><\/tr><tr><td><strong>18.00<\/strong><\/td><td>1. +Jan D\u0119biec i zm. z rodziny <br>2. +J\u00f3zef \/12 r. \u015bm.\/, Daniela Urban<br>3. -Dzi\u0119kczynna w 60 rocznic\u0119 \u015blubu J\u00f3zefy i J\u00f3zefa z pro\u015bb\u0105 o potrzebne \u0142aski \/poza Parafi\u0105\/<\/td><\/tr><tr><td rowspan=\"2\"><strong>Pi\u0105tek<\/strong> &nbsp;<\/td><td><strong>7.00<\/strong><\/td><td>-Dzi\u0119kczynna za otrzymane zdrowie<\/td><\/tr><tr><td><strong>18.00<\/strong><\/td><td>+Eugeniusz Szybka \/21 r. \u015bm.\/<\/td><\/tr><tr><td rowspan=\"2\"><strong>Sobota<\/strong> &nbsp;<\/td><td><strong>7.00<\/strong><\/td><td>+Tadeusz&nbsp; Kwiatkowski<\/td><\/tr><tr><td><strong>20.00<\/strong><\/td><td>1. +Zofia, Jan Mroczkowscy <br>2. \u2013Dzi\u0119kczynna dla Adeli w 87 urodziny z pro\u015bb\u0105 o opiek\u0119 Bo\u017c\u0105 of. syn i c\u00f3rki<\/td><\/tr><tr><td rowspan=\"4\"><strong>Niedziela<\/strong> &nbsp;<\/td><td><strong>7.30<\/strong><\/td><td>+Jacek Suwa\u0142a of. Sabina i Grzegorz<\/td><\/tr><tr><td><strong>9.15<\/strong><\/td><td>+Zofia, Bogumi\u0142a, Andrzej Kocha\u0144scy<\/td><\/tr><tr><td><strong>11.00<\/strong><\/td><td>-W intencji stra\u017cak\u00f3w<\/td><\/tr><tr><td><strong>16.30<\/strong><\/td><td>+Helena, Stanis\u0142aw Leszczy\u0144scy i Monika<\/td><\/tr><\/tbody><\/table><\/figure>\n","protected":false},"excerpt":{"rendered":"<p>Poniedzia\u0142ek &nbsp; 7.00 +Stanis\u0142aw Pojnar of. Bo\u017cena 18.00 1. -Z okazji 100-lecia Ko\u0142a Gospody\u0144 w Besku 2. +J\u00f3zef\u0119, Stanis\u0142aw, Jan, J\u00f3zef, Tomasz Bury Wtorek &nbsp; 7.00 +Stanis\u0142aw Pojnar of. pracownicy Przedszkola si\u00f3str Felicjanek 18.00 1. +J\u00f3zef, Maria \/18 r. \u015bm.\/ Szul 2. +Artur \u015aroda &nbsp; 7.00 +Kazimier\u0119 \/10 r. \u015bm.\/,<span class=\"more-link\"><a href=\"https:\/\/parafiabesko.pl\/?p=11617\">Czytaj wi\u0119cej<\/a><\/span><\/p>\n","protected":false},"author":1,"featured_media":0,"comment_status":"closed","ping_status":"closed","sticky":false,"template":"","format":"standard","meta":{"footnotes":""},"categories":[4],"tags":[],"class_list":["entry","author-adminparafiibesko","post-11617","post","type-post","status-publish","format-standard","category-intencje-mszalne"],"_links":{"self":[{"href":"https:\/\/parafiabesko.pl\/index.php?rest_route=\/wp\/v2\/posts\/11617","targetHints":{"allow":["GET"]}}],"collection":[{"href":"https:\/\/parafiabesko.pl\/index.php?rest_route=\/wp\/v2\/posts"}],"about":[{"href":"https:\/\/parafiabesko.pl\/index.php?rest_route=\/wp\/v2\/types\/post"}],"author":[{"embeddable":true,"href":"https:\/\/parafiabesko.pl\/index.php?rest_route=\/wp\/v2\/users\/1"}],"replies":[{"embeddable":true,"href":"https:\/\/parafiabesko.pl\/index.php?rest_route=%2Fwp%2Fv2%2Fcomments&post=11617"}],"version-history":[{"count":5,"href":"https:\/\/parafiabesko.pl\/index.php?rest_route=\/wp\/v2\/posts\/11617\/revisions"}],"predecessor-version":[{"id":11627,"href":"https:\/\/parafiabesko.pl\/index.php?rest_route=\/wp\/v2\/posts\/11617\/revisions\/11627"}],"wp:attachment":[{"href":"https:\/\/parafiabesko.pl\/index.php?rest_route=%2Fwp%2Fv2%2Fmedia&parent=11617"}],"wp:term":[{"taxonomy":"category","embeddable":true,"href":"https:\/\/parafiabesko.pl\/index.php?rest_route=%2Fwp%2Fv2%2Fcategories&post=11617"},{"taxonomy":"post_tag","embeddable":true,"href":"https:\/\/parafiabesko.pl\/index.php?rest_route=%2Fwp%2Fv2%2Ftags&post=11617"}],"curies":[{"name":"wp","href":"https:\/\/api.w.org\/{rel}","templated":true}]}}