{"id":11566,"date":"2026-03-14T18:39:27","date_gmt":"2026-03-14T17:39:27","guid":{"rendered":"https:\/\/parafiabesko.pl\/?p=11566"},"modified":"2026-03-14T18:39:27","modified_gmt":"2026-03-14T17:39:27","slug":"intencje-mszalne-16-22-03-2026r","status":"publish","type":"post","link":"https:\/\/parafiabesko.pl\/?p=11566","title":{"rendered":"Intencje mszalne 16-22.03.2026r."},"content":{"rendered":"\n<figure class=\"wp-block-table\"><table><tbody><tr><td rowspan=\"2\"><strong>Poniedzia\u0142ek<\/strong> &nbsp;<\/td><td><strong>7.00<\/strong><\/td><td>+Rozalia, Bronis\u0142aw Suwa\u0142a, Maria i Stanis\u0142aw Kielar<\/td><\/tr><tr><td><strong>17.00<\/strong><\/td><td>1. + Zbigniew<br>2. +Cecylia \/5 r. \u015bm.\/, W\u0142adys\u0142aw Ciep\u0142y i zm. z rodziny of. syn J\u00f3zef<\/td><\/tr><tr><td rowspan=\"2\"><strong>Wtorek<\/strong> &nbsp;<\/td><td><strong>7.00<\/strong><\/td><td>+Stanis\u0142aw \/15 r. \u015bm.\/, Boles\u0142aw \/23 r. \u015bm.\/ Kornasiewicz<\/td><\/tr><tr><td><strong>17.00<\/strong><\/td><td>1. +\u0141ukasz Rajter <br>2. +Zbigniew Kozak of kolega J\u00f3zef Skubel<\/td><\/tr><tr><td rowspan=\"2\"><strong>\u015aroda<\/strong> <strong>&nbsp;<\/strong><\/td><td><strong>7.00<\/strong><\/td><td>+Krystyna Plata<\/td><\/tr><tr><td><strong>17.00<\/strong><\/td><td>1. +J\u00f3zef Kwiatkowski \/1 r. \u015bm.\/ <br>2. +Adam Kuzian i zm. z rodziny<\/td><\/tr><tr><td rowspan=\"2\"><strong>Czwartek<\/strong> &nbsp;<\/td><td><strong>7.00<\/strong><\/td><td>+Stanis\u0142aw Skubel<\/td><\/tr><tr><td><strong>17.00<\/strong><\/td><td>1. +J\u00f3zef Rajchel <br>2. +J\u00f3zef\u0119, Ryszard Szul<\/td><\/tr><tr><td rowspan=\"2\"><strong>Pi\u0105tek<\/strong> &nbsp;<\/td><td><strong>7.00<\/strong><\/td><td>+Krystyna Ma\u0142ek of. kole\u017canki i kolega z Edukacji Wczesnoszkolnej<\/td><\/tr><tr><td><strong>17.00<\/strong><\/td><td>1. +Arkadiusz Da\u0144czyszyn \/5 r. \u015bm.\/ <br>2. \u2013O zdrowie i potrzebne \u0142aski dla J\u00f3zefa z okazji 86 urodzin<\/td><\/tr><tr><td rowspan=\"2\"><strong>Sobota<\/strong> &nbsp;<\/td><td><strong>7.00<\/strong><\/td><td>+J\u00f3zef Szybka i zm. rodzice<\/td><\/tr><tr><td><strong>17.00<\/strong><\/td><td>1. +Za zmar\u0142ych z rodzi Bigos\u00f3w i Nycz\u00f3w <br>2. +J\u00f3zef Sza\u0142ankiewicz<\/td><\/tr><tr><td rowspan=\"4\"><strong>Niedziela<\/strong> &nbsp;<\/td><td><strong>7.30<\/strong><\/td><td>+Edward \u015aliwka<\/td><\/tr><tr><td><strong>9.15<\/strong><\/td><td>+Marian Jasi\u0144ski i zm. z rodziny<\/td><\/tr><tr><td><strong>11.00<\/strong><\/td><td><strong>Za Parafian<\/strong><\/td><\/tr><tr><td><strong>16.30<\/strong><\/td><td>-Za Wiktori\u0119 i Nikodema z okazji 18 urodzin z pro\u015bb\u0105 o b\u0142og. Bo\u017ce i potrzebne \u0142aski w doros\u0142ym \u017cyciu<\/td><\/tr><\/tbody><\/table><\/figure>\n","protected":false},"excerpt":{"rendered":"<p>Poniedzia\u0142ek &nbsp; 7.00 +Rozalia, Bronis\u0142aw Suwa\u0142a, Maria i Stanis\u0142aw Kielar 17.00 1. + Zbigniew2. +Cecylia \/5 r. \u015bm.\/, W\u0142adys\u0142aw Ciep\u0142y i zm. z rodziny of. syn J\u00f3zef Wtorek &nbsp; 7.00 +Stanis\u0142aw \/15 r. \u015bm.\/, Boles\u0142aw \/23 r. \u015bm.\/ Kornasiewicz 17.00 1. +\u0141ukasz Rajter 2. +Zbigniew Kozak of kolega J\u00f3zef Skubel<span class=\"more-link\"><a href=\"https:\/\/parafiabesko.pl\/?p=11566\">Czytaj wi\u0119cej<\/a><\/span><\/p>\n","protected":false},"author":1,"featured_media":0,"comment_status":"closed","ping_status":"","sticky":false,"template":"","format":"standard","meta":{"footnotes":""},"categories":[1],"tags":[],"class_list":["entry","author-adminparafiibesko","post-11566","post","type-post","status-publish","format-standard","category-bez-kategorii"],"_links":{"self":[{"href":"https:\/\/parafiabesko.pl\/index.php?rest_route=\/wp\/v2\/posts\/11566","targetHints":{"allow":["GET"]}}],"collection":[{"href":"https:\/\/parafiabesko.pl\/index.php?rest_route=\/wp\/v2\/posts"}],"about":[{"href":"https:\/\/parafiabesko.pl\/index.php?rest_route=\/wp\/v2\/types\/post"}],"author":[{"embeddable":true,"href":"https:\/\/parafiabesko.pl\/index.php?rest_route=\/wp\/v2\/users\/1"}],"replies":[{"embeddable":true,"href":"https:\/\/parafiabesko.pl\/index.php?rest_route=%2Fwp%2Fv2%2Fcomments&post=11566"}],"version-history":[{"count":1,"href":"https:\/\/parafiabesko.pl\/index.php?rest_route=\/wp\/v2\/posts\/11566\/revisions"}],"predecessor-version":[{"id":11567,"href":"https:\/\/parafiabesko.pl\/index.php?rest_route=\/wp\/v2\/posts\/11566\/revisions\/11567"}],"wp:attachment":[{"href":"https:\/\/parafiabesko.pl\/index.php?rest_route=%2Fwp%2Fv2%2Fmedia&parent=11566"}],"wp:term":[{"taxonomy":"category","embeddable":true,"href":"https:\/\/parafiabesko.pl\/index.php?rest_route=%2Fwp%2Fv2%2Fcategories&post=11566"},{"taxonomy":"post_tag","embeddable":true,"href":"https:\/\/parafiabesko.pl\/index.php?rest_route=%2Fwp%2Fv2%2Ftags&post=11566"}],"curies":[{"name":"wp","href":"https:\/\/api.w.org\/{rel}","templated":true}]}}