{"id":11558,"date":"2026-02-28T15:21:57","date_gmt":"2026-02-28T14:21:57","guid":{"rendered":"https:\/\/parafiabesko.pl\/?p=11558"},"modified":"2026-02-28T15:23:34","modified_gmt":"2026-02-28T14:23:34","slug":"ogloszenia-parafialne-2-niedziela-wielkiego-postu-1-03-2026r","status":"publish","type":"post","link":"https:\/\/parafiabesko.pl\/?p=11558","title":{"rendered":"Og\u0142oszenia parafialne 2 Niedziela Wielkiego Postu 1.03.2026r."},"content":{"rendered":"\n<p>1. Dzisiaj\u00a0 <strong>Niedziela adoracyjna<\/strong> od go. 12.00 do 16.00 prywatna adoracja rodzin naszej Parafii. Dzisiaj <strong>Nabo\u017ce\u0144stwo Gorzkich \u017cali<\/strong> z kazaniem pasyjnym w Besku o godz. 16.00 i zmiana tajemnic. Adoruje r\u00f3\u017ca Matki Teresy z Kalkuty prze\u0142o\u017cona Kazimiera Kasperkowicz. W przysz\u0142\u0105 niedziel\u0119 adoruje r\u00f3\u017ca Matki Bo\u017cej Gromnicznej prze\u0142o\u017cona Zofia Rzo\u0144ca. W ko\u015bcio\u0142ach filialnych Msza \u015bw., Nabo\u017ce\u0144stwo Gorzkich \u017cali i zmiana tajemnic w Mymoniu o godz. 8.30, a w Por\u0119bach o godz. 10.00.<\/p>\n\n\n\n<p>2. &nbsp;Taca z dzisiejszej niedzieli przeznaczona jest na Seminarium Duchowne w Przemy\u015blu.<\/p>\n\n\n\n<p>3.&nbsp; Dzisiaj po Mszach \u015bw. zbi\u00f3rka do puszki na pomoc misjom \u2013 ad gentes.<\/p>\n\n\n\n<p>4. Dzisiaj po Mszach \u015bw. mo\u017cna naby\u0107 \u015bwiece paschaliki przygotowane przez Caritas. Wielkanocne Dzie\u0142o Pomocy Chorym i Niepe\u0142nosprawnym.&nbsp; Caritas rozprowadza paschaliki na st\u00f3\u0142 \u015bwi\u0105teczny. Ofiary 15 z\u0142 za paschalik. R\u00f3wnocze\u015bnie Caritas dzi\u0119kuje za przekazanie 1,5 % podatku na rzecz Stowarzyszenia Caritas.<\/p>\n\n\n\n<p>5. Spowied\u017a przed pierwszym pi\u0105tkiem miesi\u0105ca od poniedzia\u0142ku rano i wieczorem przed Msz\u0105 \u015bw. Dzieci i m\u0142odzie\u017c do spowiedzi zapraszamy we \u015brod\u0119 od godziny 16.00.<\/p>\n\n\n\n<p>6. W poniedzia\u0142ek o godz. 17.00 modlitwa do \u015bw. Jana Paw\u0142a II.<\/p>\n\n\n\n<p>7. We wtorek o godzinie 17.00 Nabo\u017ce\u0144stwo do Bo\u017cego Mi\u0142osierdzia.<\/p>\n\n\n\n<p>8.&nbsp; We&nbsp; \u015brod\u0119 o godzinie 17.00 Nowenna do Matki Bo\u017cej Nieustaj\u0105cej Pomocy.<\/p>\n\n\n\n<p>9. &nbsp;W czwartek o godzinie 17.00 Godzina \u015bwi\u0119ta Msza \u015bwi\u0119ta.<\/p>\n\n\n\n<p>10. &nbsp;&nbsp;W pi\u0105tek Nabo\u017ce\u0144stwo Drogi krzy\u017cowej rano po Mszy \u015bw. o godz. 7.00,&nbsp; po po\u0142udniu o godzinie 17.00. W ko\u015bcio\u0142ach filialnych Nabo\u017ce\u0144stwo Drogi krzy\u017cowej, spowied\u017a i Msza \u015bw. w Mymoniu w Por\u0119bach o godz. 15.30. Chorych w Parafii b\u0119dziemy odwiedza\u0107 udzielaj\u0105c sakrament\u00f3w przed \u015bwi\u0119tami.<\/p>\n\n\n\n<p>11. Pierwsza sobota miesi\u0105ca o godz. 7.00 Msza \u015bw. i nabo\u017ce\u0144stwo do Matki Bo\u017cej adoruje r\u00f3\u017ca MB Nieustaj\u0105cej Pomocy prze\u0142o\u017cona Marta Kaczor, wieczorem o godz. 17.00 Msza \u015bw. i nabo\u017ce\u0144stwo do Matki Bo\u017cej.<\/p>\n\n\n\n<p>12. W przysz\u0142\u0105 niedziel\u0119 Dzie\u0144 Kobiet, modlimy si\u0119 za niewiasty.<\/p>\n\n\n\n<p><\/p>\n","protected":false},"excerpt":{"rendered":"<p>1. Dzisiaj\u00a0 Niedziela adoracyjna od go. 12.00 do 16.00 prywatna adoracja rodzin naszej Parafii. Dzisiaj Nabo\u017ce\u0144stwo Gorzkich \u017cali z kazaniem pasyjnym w Besku o godz. 16.00 i zmiana tajemnic. Adoruje r\u00f3\u017ca Matki Teresy z Kalkuty prze\u0142o\u017cona Kazimiera Kasperkowicz. W przysz\u0142\u0105 niedziel\u0119 adoruje r\u00f3\u017ca Matki Bo\u017cej Gromnicznej prze\u0142o\u017cona Zofia Rzo\u0144ca. W<span class=\"more-link\"><a href=\"https:\/\/parafiabesko.pl\/?p=11558\">Czytaj wi\u0119cej<\/a><\/span><\/p>\n","protected":false},"author":1,"featured_media":0,"comment_status":"closed","ping_status":"","sticky":false,"template":"","format":"standard","meta":{"footnotes":""},"categories":[1],"tags":[],"class_list":["entry","author-adminparafiibesko","post-11558","post","type-post","status-publish","format-standard","category-bez-kategorii"],"_links":{"self":[{"href":"https:\/\/parafiabesko.pl\/index.php?rest_route=\/wp\/v2\/posts\/11558","targetHints":{"allow":["GET"]}}],"collection":[{"href":"https:\/\/parafiabesko.pl\/index.php?rest_route=\/wp\/v2\/posts"}],"about":[{"href":"https:\/\/parafiabesko.pl\/index.php?rest_route=\/wp\/v2\/types\/post"}],"author":[{"embeddable":true,"href":"https:\/\/parafiabesko.pl\/index.php?rest_route=\/wp\/v2\/users\/1"}],"replies":[{"embeddable":true,"href":"https:\/\/parafiabesko.pl\/index.php?rest_route=%2Fwp%2Fv2%2Fcomments&post=11558"}],"version-history":[{"count":2,"href":"https:\/\/parafiabesko.pl\/index.php?rest_route=\/wp\/v2\/posts\/11558\/revisions"}],"predecessor-version":[{"id":11560,"href":"https:\/\/parafiabesko.pl\/index.php?rest_route=\/wp\/v2\/posts\/11558\/revisions\/11560"}],"wp:attachment":[{"href":"https:\/\/parafiabesko.pl\/index.php?rest_route=%2Fwp%2Fv2%2Fmedia&parent=11558"}],"wp:term":[{"taxonomy":"category","embeddable":true,"href":"https:\/\/parafiabesko.pl\/index.php?rest_route=%2Fwp%2Fv2%2Fcategories&post=11558"},{"taxonomy":"post_tag","embeddable":true,"href":"https:\/\/parafiabesko.pl\/index.php?rest_route=%2Fwp%2Fv2%2Ftags&post=11558"}],"curies":[{"name":"wp","href":"https:\/\/api.w.org\/{rel}","templated":true}]}}