{"id":11556,"date":"2026-02-28T15:19:05","date_gmt":"2026-02-28T14:19:05","guid":{"rendered":"https:\/\/parafiabesko.pl\/?p=11556"},"modified":"2026-02-28T15:19:05","modified_gmt":"2026-02-28T14:19:05","slug":"intencje-mszalne-2-8-03-2026r","status":"publish","type":"post","link":"https:\/\/parafiabesko.pl\/?p=11556","title":{"rendered":"Intencje mszalne 2-8.03.2026r."},"content":{"rendered":"\n<figure class=\"wp-block-table\"><table><tbody><tr><td rowspan=\"2\"><strong>Poniedzia\u0142ek<\/strong> &nbsp;<\/td><td><strong>7.00<\/strong><\/td><td>+Krystyna Ma\u0142ek of. Dyrekcja, nauczyciele i pracownicy szko\u0142y w Besku<\/td><\/tr><tr><td><strong>17.00<\/strong><\/td><td>1. +Janina i zm. z rodziny <br>2.\u00a0+Ma\u0142gorzata Mielczarek of. Ewa Wais<\/td><\/tr><tr><td rowspan=\"2\"><strong>Wtorek<\/strong> &nbsp;<\/td><td><strong>7.00<\/strong><\/td><td>+Za dusze w czyjscu cierpi\u0105ce<\/td><\/tr><tr><td><strong>17.00<\/strong><\/td><td>1. +\u0141ukasz Rajter of. rodz. Skotnickich <br>2. +Czes\u0142aw \/26 r. \u015bm.\/, Katarzyna Bo\u0142d of. wnuczka Kamila z rodzin\u0105<\/td><\/tr><tr><td rowspan=\"2\"><strong>\u015aroda<\/strong> <strong>&nbsp;<\/strong><\/td><td><strong>7.00<\/strong><\/td><td>+Kazimiera, Jan Szul<\/td><\/tr><tr><td><strong>17.00<\/strong><\/td><td>1. +Kazimierz Ma\u015blanka <br>2. +Kazimiera, Edward Budziak, Jan, Franciszek, Maria Rzo\u0144ca i Maria Czech<\/td><\/tr><tr><td rowspan=\"2\"><strong>Czwartek<\/strong> &nbsp;<\/td><td><strong>7.00<\/strong><\/td><td>+J\u00f3zef, Edward<\/td><\/tr><tr><td><strong>17.00<\/strong><\/td><td>1. +Janina, Antoni, Maria, Kazimierz i J\u00f3zef Kwiatkowscy <br>2. +Czes\u0142aw\u0119 \/16 r. \u015bm.\/, Stanis\u0142aw Szul<\/td><\/tr><tr><td rowspan=\"2\"><strong>Pi\u0105tek<\/strong> &nbsp;<\/td><td><strong>7.00<\/strong><\/td><td>+Tadeusz W\u00f3jcicki i zm. z rodziny<\/td><\/tr><tr><td><strong>17.00<\/strong><\/td><td>+Aniela, Jan, Andrzej Kijowscy<\/td><\/tr><tr><td rowspan=\"2\"><strong>Sobota<\/strong> &nbsp;<\/td><td><strong>7.00<\/strong><\/td><td>+Kazimier\u0119 Szybka i zm. rodzice<\/td><\/tr><tr><td><strong>17.00<\/strong><\/td><td>1. \u2013W intencji Panu Bogu wiadomej <br>2. +Grzegorz Rymarowicz of. Maria Semenowicz<\/td><\/tr><tr><td rowspan=\"4\"><strong>Niedziela<\/strong> &nbsp;<\/td><td><strong>7.30<\/strong><\/td><td>+Helen\u0119, J\u00f3zef\u0119, Zofi\u0119, Stanis\u0142aw\u0119 i Mari\u0119 z rodz. Kijowskich<\/td><\/tr><tr><td><strong>9.15<\/strong><\/td><td>+Maria Ziemia\u0144ska \/20 r. \u015bm.\/<\/td><\/tr><tr><td><strong>11.00<\/strong><\/td><td><strong>Za Parafian<\/strong><\/td><\/tr><tr><td><strong>16.30<\/strong><\/td><td>+Roman, Szczepan Czech<\/td><\/tr><\/tbody><\/table><\/figure>\n","protected":false},"excerpt":{"rendered":"<p>Poniedzia\u0142ek &nbsp; 7.00 +Krystyna Ma\u0142ek of. Dyrekcja, nauczyciele i pracownicy szko\u0142y w Besku 17.00 1. +Janina i zm. z rodziny 2.\u00a0+Ma\u0142gorzata Mielczarek of. Ewa Wais Wtorek &nbsp; 7.00 +Za dusze w czyjscu cierpi\u0105ce 17.00 1. +\u0141ukasz Rajter of. rodz. Skotnickich 2. +Czes\u0142aw \/26 r. \u015bm.\/, Katarzyna Bo\u0142d of. wnuczka Kamila<span class=\"more-link\"><a href=\"https:\/\/parafiabesko.pl\/?p=11556\">Czytaj wi\u0119cej<\/a><\/span><\/p>\n","protected":false},"author":1,"featured_media":0,"comment_status":"closed","ping_status":"","sticky":false,"template":"","format":"standard","meta":{"footnotes":""},"categories":[1],"tags":[],"class_list":["entry","author-adminparafiibesko","post-11556","post","type-post","status-publish","format-standard","category-bez-kategorii"],"_links":{"self":[{"href":"https:\/\/parafiabesko.pl\/index.php?rest_route=\/wp\/v2\/posts\/11556","targetHints":{"allow":["GET"]}}],"collection":[{"href":"https:\/\/parafiabesko.pl\/index.php?rest_route=\/wp\/v2\/posts"}],"about":[{"href":"https:\/\/parafiabesko.pl\/index.php?rest_route=\/wp\/v2\/types\/post"}],"author":[{"embeddable":true,"href":"https:\/\/parafiabesko.pl\/index.php?rest_route=\/wp\/v2\/users\/1"}],"replies":[{"embeddable":true,"href":"https:\/\/parafiabesko.pl\/index.php?rest_route=%2Fwp%2Fv2%2Fcomments&post=11556"}],"version-history":[{"count":1,"href":"https:\/\/parafiabesko.pl\/index.php?rest_route=\/wp\/v2\/posts\/11556\/revisions"}],"predecessor-version":[{"id":11557,"href":"https:\/\/parafiabesko.pl\/index.php?rest_route=\/wp\/v2\/posts\/11556\/revisions\/11557"}],"wp:attachment":[{"href":"https:\/\/parafiabesko.pl\/index.php?rest_route=%2Fwp%2Fv2%2Fmedia&parent=11556"}],"wp:term":[{"taxonomy":"category","embeddable":true,"href":"https:\/\/parafiabesko.pl\/index.php?rest_route=%2Fwp%2Fv2%2Fcategories&post=11556"},{"taxonomy":"post_tag","embeddable":true,"href":"https:\/\/parafiabesko.pl\/index.php?rest_route=%2Fwp%2Fv2%2Ftags&post=11556"}],"curies":[{"name":"wp","href":"https:\/\/api.w.org\/{rel}","templated":true}]}}