{"id":11545,"date":"2026-02-16T15:26:59","date_gmt":"2026-02-16T14:26:59","guid":{"rendered":"https:\/\/parafiabesko.pl\/?p=11545"},"modified":"2026-02-16T15:26:59","modified_gmt":"2026-02-16T14:26:59","slug":"nabozenstwa-drogi-krzyzowej","status":"publish","type":"post","link":"https:\/\/parafiabesko.pl\/?p=11545","title":{"rendered":"NABO\u017bE\u0143STWA DROGI KRZY\u017bOWEJ"},"content":{"rendered":"\n<p><strong><u>W PARAFII BESKO<\/u><\/strong><\/p>\n\n\n\n<p><strong><u>2026 ROK<\/u><\/strong><\/p>\n\n\n\n<figure class=\"wp-block-table\"><table><tbody><tr><td><strong>Data<\/strong><\/td><td><strong>Prowadz\u0105cy<\/strong><\/td><\/tr><tr><td>20 luty<\/td><td>Akcja Katolicka<\/td><\/tr><tr><td>27 luty<\/td><td>Przedszkole si\u00f3str Felicjanek<\/td><\/tr><tr><td>6 marzec<\/td><td>Ch\u00f3r Miriam<\/td><\/tr><tr><td>13 marzec<\/td><td><a><\/a>KSM + ministranci<\/td><\/tr><tr><td>20 marzec<\/td><td>Domowy Ko\u015bci\u00f3\u0142 + KWC<\/td><\/tr><tr><td>27 marzec<\/td><td>M\u0142odzie\u017cowa schola Parafialna<\/td><\/tr><\/tbody><\/table><\/figure>\n","protected":false},"excerpt":{"rendered":"<p>W PARAFII BESKO 2026 ROK Data Prowadz\u0105cy 20 luty Akcja Katolicka 27 luty Przedszkole si\u00f3str Felicjanek 6 marzec Ch\u00f3r Miriam 13 marzec KSM + ministranci 20 marzec Domowy Ko\u015bci\u00f3\u0142 + KWC 27 marzec M\u0142odzie\u017cowa schola Parafialna<span class=\"more-link\"><a href=\"https:\/\/parafiabesko.pl\/?p=11545\">Czytaj wi\u0119cej<\/a><\/span><\/p>\n","protected":false},"author":1,"featured_media":0,"comment_status":"closed","ping_status":"","sticky":false,"template":"","format":"standard","meta":{"footnotes":""},"categories":[1],"tags":[],"class_list":["entry","author-adminparafiibesko","post-11545","post","type-post","status-publish","format-standard","category-bez-kategorii"],"_links":{"self":[{"href":"https:\/\/parafiabesko.pl\/index.php?rest_route=\/wp\/v2\/posts\/11545","targetHints":{"allow":["GET"]}}],"collection":[{"href":"https:\/\/parafiabesko.pl\/index.php?rest_route=\/wp\/v2\/posts"}],"about":[{"href":"https:\/\/parafiabesko.pl\/index.php?rest_route=\/wp\/v2\/types\/post"}],"author":[{"embeddable":true,"href":"https:\/\/parafiabesko.pl\/index.php?rest_route=\/wp\/v2\/users\/1"}],"replies":[{"embeddable":true,"href":"https:\/\/parafiabesko.pl\/index.php?rest_route=%2Fwp%2Fv2%2Fcomments&post=11545"}],"version-history":[{"count":1,"href":"https:\/\/parafiabesko.pl\/index.php?rest_route=\/wp\/v2\/posts\/11545\/revisions"}],"predecessor-version":[{"id":11546,"href":"https:\/\/parafiabesko.pl\/index.php?rest_route=\/wp\/v2\/posts\/11545\/revisions\/11546"}],"wp:attachment":[{"href":"https:\/\/parafiabesko.pl\/index.php?rest_route=%2Fwp%2Fv2%2Fmedia&parent=11545"}],"wp:term":[{"taxonomy":"category","embeddable":true,"href":"https:\/\/parafiabesko.pl\/index.php?rest_route=%2Fwp%2Fv2%2Fcategories&post=11545"},{"taxonomy":"post_tag","embeddable":true,"href":"https:\/\/parafiabesko.pl\/index.php?rest_route=%2Fwp%2Fv2%2Ftags&post=11545"}],"curies":[{"name":"wp","href":"https:\/\/api.w.org\/{rel}","templated":true}]}}