{"id":11536,"date":"2026-02-08T14:35:19","date_gmt":"2026-02-08T13:35:19","guid":{"rendered":"https:\/\/parafiabesko.pl\/?p=11536"},"modified":"2026-02-08T14:35:19","modified_gmt":"2026-02-08T13:35:19","slug":"ogloszenia-parafialne-5-niedziela-zwykla-8-02-2026r","status":"publish","type":"post","link":"https:\/\/parafiabesko.pl\/?p=11536","title":{"rendered":"Og\u0142oszenia parafialne 5 Niedziela zwyk\u0142a 8.02.2026r."},"content":{"rendered":"\n<p>1. W poniedzia\u0142ek o godz. 17.00 modlitwa przy relikwiach \u015bw. Jana Paw\u0142a II.<\/p>\n\n\n\n<p>2. We wtorek o godz. 17.00 Nabo\u017ce\u0144stwo do Mi\u0142osierdzia Bo\u017cego<\/p>\n\n\n\n<p>3<strong>. W \u015brod\u0119&nbsp; 11 lutego, wspomnienie NMP z Loures. Jest to<\/strong> &nbsp;<strong>\u015awiatowy Dzie\u0144 Chorego. <\/strong>Zapraszamy chorych na godz. 16.00&nbsp; do ko\u015bcio\u0142a parafialnego, b\u0119dzie okazja do spowiedzi, nast\u0119pnie adoracja Naj\u015bwi\u0119tszego Sakramentu, b\u0142ogos\u0142awie\u0144stwo i udzielenie Sakramentu Chorych o godz. 17.00 Msza \u015bw.<\/p>\n\n\n\n<p>4. W sobot\u0119 14 lutego wspomnienie \u015bwi\u0119tych Cyryla i Metodego \u2013 Patron\u00f3w Europy.<\/p>\n\n\n\n<p>5. W przysz\u0142\u0105 niedziel\u0119 po Mszach \u015bw. zbi\u00f3rka do puszki na pomoc Ukrainie. Zarz\u0105dzenie Metropolity arcybiskupa Adama Szala.<\/p>\n","protected":false},"excerpt":{"rendered":"<p>1. W poniedzia\u0142ek o godz. 17.00 modlitwa przy relikwiach \u015bw. Jana Paw\u0142a II. 2. We wtorek o godz. 17.00 Nabo\u017ce\u0144stwo do Mi\u0142osierdzia Bo\u017cego 3. W \u015brod\u0119&nbsp; 11 lutego, wspomnienie NMP z Loures. Jest to &nbsp;\u015awiatowy Dzie\u0144 Chorego. Zapraszamy chorych na godz. 16.00&nbsp; do ko\u015bcio\u0142a parafialnego, b\u0119dzie okazja do spowiedzi, nast\u0119pnie<span class=\"more-link\"><a href=\"https:\/\/parafiabesko.pl\/?p=11536\">Czytaj wi\u0119cej<\/a><\/span><\/p>\n","protected":false},"author":1,"featured_media":0,"comment_status":"closed","ping_status":"","sticky":false,"template":"","format":"standard","meta":{"footnotes":""},"categories":[1],"tags":[],"class_list":["entry","author-adminparafiibesko","post-11536","post","type-post","status-publish","format-standard","category-bez-kategorii"],"_links":{"self":[{"href":"https:\/\/parafiabesko.pl\/index.php?rest_route=\/wp\/v2\/posts\/11536","targetHints":{"allow":["GET"]}}],"collection":[{"href":"https:\/\/parafiabesko.pl\/index.php?rest_route=\/wp\/v2\/posts"}],"about":[{"href":"https:\/\/parafiabesko.pl\/index.php?rest_route=\/wp\/v2\/types\/post"}],"author":[{"embeddable":true,"href":"https:\/\/parafiabesko.pl\/index.php?rest_route=\/wp\/v2\/users\/1"}],"replies":[{"embeddable":true,"href":"https:\/\/parafiabesko.pl\/index.php?rest_route=%2Fwp%2Fv2%2Fcomments&post=11536"}],"version-history":[{"count":1,"href":"https:\/\/parafiabesko.pl\/index.php?rest_route=\/wp\/v2\/posts\/11536\/revisions"}],"predecessor-version":[{"id":11537,"href":"https:\/\/parafiabesko.pl\/index.php?rest_route=\/wp\/v2\/posts\/11536\/revisions\/11537"}],"wp:attachment":[{"href":"https:\/\/parafiabesko.pl\/index.php?rest_route=%2Fwp%2Fv2%2Fmedia&parent=11536"}],"wp:term":[{"taxonomy":"category","embeddable":true,"href":"https:\/\/parafiabesko.pl\/index.php?rest_route=%2Fwp%2Fv2%2Fcategories&post=11536"},{"taxonomy":"post_tag","embeddable":true,"href":"https:\/\/parafiabesko.pl\/index.php?rest_route=%2Fwp%2Fv2%2Ftags&post=11536"}],"curies":[{"name":"wp","href":"https:\/\/api.w.org\/{rel}","templated":true}]}}