{"id":11534,"date":"2026-02-08T14:33:47","date_gmt":"2026-02-08T13:33:47","guid":{"rendered":"https:\/\/parafiabesko.pl\/?p=11534"},"modified":"2026-02-08T14:33:47","modified_gmt":"2026-02-08T13:33:47","slug":"intencje-mszalne-8-15-02-2026r","status":"publish","type":"post","link":"https:\/\/parafiabesko.pl\/?p=11534","title":{"rendered":"Intencje mszalne 8-15.02.2026r."},"content":{"rendered":"\n<figure class=\"wp-block-table\"><table><tbody><tr><td rowspan=\"2\"><strong>Poniedzia\u0142ek<\/strong> &nbsp;<\/td><td><strong>7.00<\/strong><\/td><td>-O \u0142ask\u0119 zdrowia dla Roberta of. Pawe\u0142<\/td><\/tr><tr><td><strong>17.00<\/strong><\/td><td>1. +Irena Prajzner <br>2. \u2013Dzi\u0119kczynna za popraw\u0119 zdrowia z pro\u015bb\u0105 o ca\u0142kowite wycofanie si\u0119 choroby<\/td><\/tr><tr><td rowspan=\"2\"><strong>Wtorek<\/strong> &nbsp;<\/td><td><strong>7.00<\/strong><\/td><td>-W intencji Panu Bogu wiadomej<\/td><\/tr><tr><td><strong>17.00<\/strong><\/td><td>1.+Stefani\u0119 \u015amietana \/25 r. \u015bm.\/ <br>2.+Jacek Suwa\u0142a of. \u017cona<\/td><\/tr><tr><td rowspan=\"2\"><strong>\u015aroda<\/strong> <strong>&nbsp;<\/strong><\/td><td><strong>7.00<\/strong><\/td><td>+Stanis\u0142aw Borkowski of. \u017cona<\/td><\/tr><tr><td><strong>17.00<\/strong><\/td><td>1. +Irena, Jacek \u015aliwka <br>2. \u2013 O zdrowie i b\u0142og. Bo\u017ce dla si\u00f3str z r\u00f3\u017cy \u015bw. Marii Magdaleny<\/td><\/tr><tr><td rowspan=\"2\"><strong>Czwartek<\/strong> &nbsp;<\/td><td><strong>7.00<\/strong><\/td><td>+Stanis\u0142aw Borkowski of. c\u00f3rka Marta z m\u0119\u017cem<\/td><\/tr><tr><td><strong>17.00<\/strong><\/td><td>1. +Tadeusz Saj \/2 r. \u015bm.\/ <br>2. +Jacek Suwa\u0142a od. dzieci<\/td><\/tr><tr><td rowspan=\"2\"><strong>Pi\u0105tek<\/strong> &nbsp;<\/td><td><strong>7.00<\/strong><\/td><td>+Stanis\u0142aw Borkowski of. c\u00f3rka Bernadeta z m\u0119\u017cem<\/td><\/tr><tr><td><strong>17.00<\/strong><\/td><td>1. +Agnieszka Matuszek \/2 r. \u015bm.\/ <br>2. +Jacek Suwa\u0142a of. ojciec Mieczys\u0142aw<\/td><\/tr><tr><td rowspan=\"2\"><strong>Sobota<\/strong> &nbsp;<\/td><td><strong>7.00<\/strong><\/td><td>-Z okazji 18 urodzin Karoliny z pro\u015bb\u0105 o b\u0142og. Bo\u017ce w doros\u0142ym \u017cyciu<\/td><\/tr><tr><td><strong>17.00<\/strong><\/td><td>-Dzi\u0119kczynna za otrzymane \u0142aski z pro\u015bb\u0105 o b\u0142og. Bo\u017ce<\/td><\/tr><tr><td rowspan=\"4\"><strong>Niedziela<\/strong> &nbsp;<\/td><td><strong>7.30<\/strong><\/td><td>+J\u00f3zef\u0119, Stanis\u0142aw Rajchel i zm. rodzice<\/td><\/tr><tr><td><strong>9.15<\/strong><\/td><td>-Za siostry z r\u00f3\u017cy \u015bw. Jadwigi o b\u0142og. Bo\u017ce i opiek\u0119 Matki Bo\u017cej<\/td><\/tr><tr><td><strong>11.00<\/strong><\/td><td><strong>Za Parafian<\/strong><\/td><\/tr><tr><td><strong>16.30<\/strong><\/td><td>J\u00f3zef&nbsp; Skubel \/14 r. \u015bm.\/ i Barbara<\/td><\/tr><\/tbody><\/table><\/figure>\n","protected":false},"excerpt":{"rendered":"<p>Poniedzia\u0142ek &nbsp; 7.00 -O \u0142ask\u0119 zdrowia dla Roberta of. Pawe\u0142 17.00 1. +Irena Prajzner 2. \u2013Dzi\u0119kczynna za popraw\u0119 zdrowia z pro\u015bb\u0105 o ca\u0142kowite wycofanie si\u0119 choroby Wtorek &nbsp; 7.00 -W intencji Panu Bogu wiadomej 17.00 1.+Stefani\u0119 \u015amietana \/25 r. \u015bm.\/ 2.+Jacek Suwa\u0142a of. \u017cona \u015aroda &nbsp; 7.00 +Stanis\u0142aw Borkowski of.<span class=\"more-link\"><a href=\"https:\/\/parafiabesko.pl\/?p=11534\">Czytaj wi\u0119cej<\/a><\/span><\/p>\n","protected":false},"author":1,"featured_media":0,"comment_status":"closed","ping_status":"","sticky":false,"template":"","format":"standard","meta":{"footnotes":""},"categories":[1],"tags":[],"class_list":["entry","author-adminparafiibesko","post-11534","post","type-post","status-publish","format-standard","category-bez-kategorii"],"_links":{"self":[{"href":"https:\/\/parafiabesko.pl\/index.php?rest_route=\/wp\/v2\/posts\/11534","targetHints":{"allow":["GET"]}}],"collection":[{"href":"https:\/\/parafiabesko.pl\/index.php?rest_route=\/wp\/v2\/posts"}],"about":[{"href":"https:\/\/parafiabesko.pl\/index.php?rest_route=\/wp\/v2\/types\/post"}],"author":[{"embeddable":true,"href":"https:\/\/parafiabesko.pl\/index.php?rest_route=\/wp\/v2\/users\/1"}],"replies":[{"embeddable":true,"href":"https:\/\/parafiabesko.pl\/index.php?rest_route=%2Fwp%2Fv2%2Fcomments&post=11534"}],"version-history":[{"count":1,"href":"https:\/\/parafiabesko.pl\/index.php?rest_route=\/wp\/v2\/posts\/11534\/revisions"}],"predecessor-version":[{"id":11535,"href":"https:\/\/parafiabesko.pl\/index.php?rest_route=\/wp\/v2\/posts\/11534\/revisions\/11535"}],"wp:attachment":[{"href":"https:\/\/parafiabesko.pl\/index.php?rest_route=%2Fwp%2Fv2%2Fmedia&parent=11534"}],"wp:term":[{"taxonomy":"category","embeddable":true,"href":"https:\/\/parafiabesko.pl\/index.php?rest_route=%2Fwp%2Fv2%2Fcategories&post=11534"},{"taxonomy":"post_tag","embeddable":true,"href":"https:\/\/parafiabesko.pl\/index.php?rest_route=%2Fwp%2Fv2%2Ftags&post=11534"}],"curies":[{"name":"wp","href":"https:\/\/api.w.org\/{rel}","templated":true}]}}