{"id":11531,"date":"2026-02-02T01:12:38","date_gmt":"2026-02-02T00:12:38","guid":{"rendered":"https:\/\/parafiabesko.pl\/?p=11531"},"modified":"2026-02-02T01:12:38","modified_gmt":"2026-02-02T00:12:38","slug":"ogloszenia-parafialne-4-niedziela-zwykla-1-02-2026r","status":"publish","type":"post","link":"https:\/\/parafiabesko.pl\/?p=11531","title":{"rendered":"Og\u0142oszenia parafialne 4 Niedziela zwyk\u0142a 1.02.2026r."},"content":{"rendered":"\n<p>1. Dzisiaj w naszej Parafii \u2013 <strong>Niedziela Adoracyjna<\/strong>, od godz. 12.00 do 16.00 prywatna adoracja rodzin naszej Parafii. O godz. 16.00 nabo\u017ce\u0144stwo r\u00f3\u017ca\u0144cowe i zmiana tajemnic adoruje r\u00f3\u017ca MB R\u00f3\u017ca\u0144cowej, prze\u0142o\u017cona Beata Hedesz.<\/p>\n\n\n\n<p>2. Taca z dzisiejszej niedzieli przeznaczona jest na potrzeby Archidiecezji.<\/p>\n\n\n\n<p>3. Jutro 2 lutego <strong>\u015awi\u0119to Ofiarowania Pa\u0144skiego \u2013 Matki Bo\u017cej Gromnicznej<\/strong>. Porz\u0105dek Mszy \u015bw. w Besku: 7.30, &nbsp;suma o 10.00, po po\u0142udniu o 17.00. Na ka\u017cdej Mszy \u015bw. po\u015bwi\u0119cenie gromnic. W ko\u015bcio\u0142ach filialnych Msze \u015bw. z po\u015bwi\u0119ceniem gromnic b\u0119d\u0105 odprawione:&nbsp; Mymo\u0144 \u2013&nbsp; 16.00, Por\u0119by \u2013 16.00. W tym dniu modlimy si\u0119 za osoby konsekrowane, a taca przeznaczona jest na zakony klauzurowe.<\/p>\n\n\n\n<p>4. Spowied\u017a przed pierwszym pi\u0105tkiem miesi\u0105ca od poniedzia\u0142ku rano i wieczorem przed Msz\u0105 \u015bw. Dzieci i m\u0142odzie\u017c do spowiedzi zapraszamy we \u015brod\u0119 od godz. 16.00.<\/p>\n\n\n\n<p>5. &nbsp;We wtorek o godz. 17.00 Nabo\u017ce\u0144stwo do Bo\u017cego Mi\u0142osierdzia.<\/p>\n\n\n\n<p>6. &nbsp;We&nbsp; \u015brod\u0119 o godz. 17.00 Nowenna do Matki Bo\u017cej Nieustaj\u0105cej Pomocy.<\/p>\n\n\n\n<p>7. Pierwszy czwartek miesi\u0105ca o godz. 17.00 Godzina \u015bwi\u0119ta.<\/p>\n\n\n\n<p>8. &nbsp;Pierwszy pi\u0105tek miesi\u0105ca o godz. 7.00 Msza \u015bwi\u0119ta i adoracja adoruje r\u00f3\u017ca \u015bw. Siostry Faustyny prze\u0142o\u017cona Maria Mroczkowska. Wieczorem o godz. 17.00 Msza \u015bw. i adoracja. W ko\u015bcio\u0142ach filialnych Mymoniu i w Por\u0119bach \u2013 adoracja, spowied\u017a i Msza \u015bw. o godzinie 15.00. Chorych w Besku odwiedza\u0107 b\u0119dziemy od godziny 8.00.<\/p>\n\n\n\n<p>8. &nbsp;Pierwsza sobota miesi\u0105ca o godzinie 7.00 Msza \u015bw. i nabo\u017ce\u0144stwo do Matki Bo\u017cej adoruje r\u00f3\u017ca Wniebowzi\u0119cia NMP prze\u0142o\u017cona Agata Mroczkowska, wieczorem o godz. 17.00 Msza \u015bw. i nabo\u017ce\u0144stwo do Matki Bo\u017cej.<\/p>\n","protected":false},"excerpt":{"rendered":"<p>1. Dzisiaj w naszej Parafii \u2013 Niedziela Adoracyjna, od godz. 12.00 do 16.00 prywatna adoracja rodzin naszej Parafii. O godz. 16.00 nabo\u017ce\u0144stwo r\u00f3\u017ca\u0144cowe i zmiana tajemnic adoruje r\u00f3\u017ca MB R\u00f3\u017ca\u0144cowej, prze\u0142o\u017cona Beata Hedesz. 2. Taca z dzisiejszej niedzieli przeznaczona jest na potrzeby Archidiecezji. 3. Jutro 2 lutego \u015awi\u0119to Ofiarowania Pa\u0144skiego<span class=\"more-link\"><a href=\"https:\/\/parafiabesko.pl\/?p=11531\">Czytaj wi\u0119cej<\/a><\/span><\/p>\n","protected":false},"author":1,"featured_media":0,"comment_status":"closed","ping_status":"","sticky":false,"template":"","format":"standard","meta":{"footnotes":""},"categories":[1],"tags":[],"class_list":["entry","author-adminparafiibesko","post-11531","post","type-post","status-publish","format-standard","category-bez-kategorii"],"_links":{"self":[{"href":"https:\/\/parafiabesko.pl\/index.php?rest_route=\/wp\/v2\/posts\/11531","targetHints":{"allow":["GET"]}}],"collection":[{"href":"https:\/\/parafiabesko.pl\/index.php?rest_route=\/wp\/v2\/posts"}],"about":[{"href":"https:\/\/parafiabesko.pl\/index.php?rest_route=\/wp\/v2\/types\/post"}],"author":[{"embeddable":true,"href":"https:\/\/parafiabesko.pl\/index.php?rest_route=\/wp\/v2\/users\/1"}],"replies":[{"embeddable":true,"href":"https:\/\/parafiabesko.pl\/index.php?rest_route=%2Fwp%2Fv2%2Fcomments&post=11531"}],"version-history":[{"count":1,"href":"https:\/\/parafiabesko.pl\/index.php?rest_route=\/wp\/v2\/posts\/11531\/revisions"}],"predecessor-version":[{"id":11532,"href":"https:\/\/parafiabesko.pl\/index.php?rest_route=\/wp\/v2\/posts\/11531\/revisions\/11532"}],"wp:attachment":[{"href":"https:\/\/parafiabesko.pl\/index.php?rest_route=%2Fwp%2Fv2%2Fmedia&parent=11531"}],"wp:term":[{"taxonomy":"category","embeddable":true,"href":"https:\/\/parafiabesko.pl\/index.php?rest_route=%2Fwp%2Fv2%2Fcategories&post=11531"},{"taxonomy":"post_tag","embeddable":true,"href":"https:\/\/parafiabesko.pl\/index.php?rest_route=%2Fwp%2Fv2%2Ftags&post=11531"}],"curies":[{"name":"wp","href":"https:\/\/api.w.org\/{rel}","templated":true}]}}