{"id":11526,"date":"2026-01-24T16:15:21","date_gmt":"2026-01-24T15:15:21","guid":{"rendered":"https:\/\/parafiabesko.pl\/?p=11526"},"modified":"2026-01-24T16:15:21","modified_gmt":"2026-01-24T15:15:21","slug":"ogloszenia-parafialne-3-niedziela-zwykla-25-01-2026r","status":"publish","type":"post","link":"https:\/\/parafiabesko.pl\/?p=11526","title":{"rendered":"Og\u0142oszenia parafialne 3 Niedziela zwyk\u0142a 25.01.2026r."},"content":{"rendered":"\n<p>1. &nbsp;Dzisiaj <strong>Niedziela S\u0142owa Bo\u017cego<\/strong>. Zach\u0119camy Parafian do lektury Pisma \u015awi\u0119tego.<\/p>\n\n\n\n<p>2. W poniedzia\u0142ek o godz. 17.00 modlitwa przy relikwiach \u015bw. Jana Paw\u0142a II.<\/p>\n\n\n\n<p>3. We wtorek o godzinie 17.00 Nabo\u017ce\u0144stwo do Bo\u017cego Mi\u0142osierdzia.<\/p>\n\n\n\n<p>4. &nbsp;We &nbsp;\u015brod\u0119 o godzinie 17.00 Nowenna do Matki Bo\u017cej Nieustaj\u0105cej Pomocy<\/p>\n\n\n\n<p>5. W przysz\u0142\u0105 niedziel\u0119 w naszej Parafii \u2013 <strong>Niedziela Adoracyjna<\/strong>, od godz. 12.00 do 16.00 prywatna adoracja rodzin naszej Parafii. O godz. 16.00 nabo\u017ce\u0144stwo r\u00f3\u017ca\u0144cowe i zmiana tajemnic adoruje r\u00f3\u017ca MB R\u00f3\u017ca\u0144cowej, prze\u0142o\u017cona Beata Hedesz.<\/p>\n","protected":false},"excerpt":{"rendered":"<p>1. &nbsp;Dzisiaj Niedziela S\u0142owa Bo\u017cego. Zach\u0119camy Parafian do lektury Pisma \u015awi\u0119tego. 2. W poniedzia\u0142ek o godz. 17.00 modlitwa przy relikwiach \u015bw. Jana Paw\u0142a II. 3. We wtorek o godzinie 17.00 Nabo\u017ce\u0144stwo do Bo\u017cego Mi\u0142osierdzia. 4. &nbsp;We &nbsp;\u015brod\u0119 o godzinie 17.00 Nowenna do Matki Bo\u017cej Nieustaj\u0105cej Pomocy 5. W przysz\u0142\u0105 niedziel\u0119<span class=\"more-link\"><a href=\"https:\/\/parafiabesko.pl\/?p=11526\">Czytaj wi\u0119cej<\/a><\/span><\/p>\n","protected":false},"author":1,"featured_media":0,"comment_status":"closed","ping_status":"","sticky":false,"template":"","format":"standard","meta":{"footnotes":""},"categories":[1],"tags":[],"class_list":["entry","author-adminparafiibesko","post-11526","post","type-post","status-publish","format-standard","category-bez-kategorii"],"_links":{"self":[{"href":"https:\/\/parafiabesko.pl\/index.php?rest_route=\/wp\/v2\/posts\/11526","targetHints":{"allow":["GET"]}}],"collection":[{"href":"https:\/\/parafiabesko.pl\/index.php?rest_route=\/wp\/v2\/posts"}],"about":[{"href":"https:\/\/parafiabesko.pl\/index.php?rest_route=\/wp\/v2\/types\/post"}],"author":[{"embeddable":true,"href":"https:\/\/parafiabesko.pl\/index.php?rest_route=\/wp\/v2\/users\/1"}],"replies":[{"embeddable":true,"href":"https:\/\/parafiabesko.pl\/index.php?rest_route=%2Fwp%2Fv2%2Fcomments&post=11526"}],"version-history":[{"count":1,"href":"https:\/\/parafiabesko.pl\/index.php?rest_route=\/wp\/v2\/posts\/11526\/revisions"}],"predecessor-version":[{"id":11527,"href":"https:\/\/parafiabesko.pl\/index.php?rest_route=\/wp\/v2\/posts\/11526\/revisions\/11527"}],"wp:attachment":[{"href":"https:\/\/parafiabesko.pl\/index.php?rest_route=%2Fwp%2Fv2%2Fmedia&parent=11526"}],"wp:term":[{"taxonomy":"category","embeddable":true,"href":"https:\/\/parafiabesko.pl\/index.php?rest_route=%2Fwp%2Fv2%2Fcategories&post=11526"},{"taxonomy":"post_tag","embeddable":true,"href":"https:\/\/parafiabesko.pl\/index.php?rest_route=%2Fwp%2Fv2%2Ftags&post=11526"}],"curies":[{"name":"wp","href":"https:\/\/api.w.org\/{rel}","templated":true}]}}