{"id":11524,"date":"2026-01-24T16:13:44","date_gmt":"2026-01-24T15:13:44","guid":{"rendered":"https:\/\/parafiabesko.pl\/?p=11524"},"modified":"2026-01-24T19:20:35","modified_gmt":"2026-01-24T18:20:35","slug":"intencje-mszalne-26-01-1-02-2026r","status":"publish","type":"post","link":"https:\/\/parafiabesko.pl\/?p=11524","title":{"rendered":"Intencje mszalne 26.01.-1.02.2026r."},"content":{"rendered":"\n<figure class=\"wp-block-table\"><table><tbody><tr><td rowspan=\"2\"><strong>Poniedzia\u0142ek<\/strong> &nbsp;<\/td><td><strong>7.00<\/strong><\/td><td>+Zdzis\u0142aw\u0119 Filipowicz of. s\u0105siedzi z ul Poprzecznej i Kolejowej<\/td><\/tr><tr><td><strong>17.00<\/strong><\/td><td>1. +Stanis\u0142aw Zelia\u015b w rocznic\u0119 \u015bmierci <br>2. +Tadeusz Kwiatkowski of. s\u0105siedzi z ul. Jarz\u0119binowej<\/td><\/tr><tr><td rowspan=\"2\"><strong>Wtorek<\/strong> &nbsp;<\/td><td><strong>7.00<\/strong><\/td><td>+Maria<\/td><\/tr><tr><td><strong>17.00<\/strong><\/td><td>1. +Kamil Bajorek of. Go\u015bciniec <br>2. +Mari\u0119, Jana, Helen\u0119, J\u00f3zef\u0119 , Zofi\u0119 i Stanis\u0142aw\u0119<\/td><\/tr><tr><td rowspan=\"2\"><strong>\u015aroda<\/strong> <strong>&nbsp;<\/strong><\/td><td><strong>7.00<\/strong><\/td><td>+Zdzis\u0142aw\u0119 Filipowicz of. pracownicy Komedy Policji w Sanoku<\/td><\/tr><tr><td><strong>17.00<\/strong><\/td><td>1. +Mari\u0119 Kielar, Zofi\u0119, Bronis\u0142aw Zawada <br>2. +Zofi\u0119 Misiewicz \/25 r. \u015bm.\/<\/td><\/tr><tr><td rowspan=\"2\"><strong>Czwartek<\/strong> &nbsp;<\/td><td><strong>7.00<\/strong><\/td><td>+Kamil Bajorek of. r\u00f3\u017cy \u015bw. Marii Magdaleny<\/td><\/tr><tr><td><strong>17.00<\/strong><\/td><td>1. +Wojciech \u017b\u00f3\u0142kiewicz \/1 r. \u015bm.\/ <br>2. +Tadeusz Kwiatkowski of. s\u0105siedzi z ul. Starowiejskiej<\/td><\/tr><tr><td rowspan=\"2\"><strong>Pi\u0105tek<\/strong> &nbsp;<\/td><td><strong>7.00<\/strong><\/td><td>-Dzi\u0119kczynna Marii w 60 rocznic\u0119 urodzin<\/td><\/tr><tr><td><strong>17.00<\/strong><\/td><td>1. \u2013Dzi\u0119kczynna za otrzymane \u0142aski z pro\u015bb\u0105 o b\u0142og. Bo\u017ce i opiek\u0119 MB dla w 50 rocznic\u0119 urodzin &nbsp;of. m\u0105\u017c i dzieci <br>2. \u2013Dzi\u0119kczynna za otrzymane \u0142aski z pro\u015bb\u0105 o b\u0142og. Bo\u017ce i opiek\u0119 MB dla Marii Depa w 93 urodziny<\/td><\/tr><tr><td rowspan=\"2\"><strong>Sobota<\/strong> &nbsp;<\/td><td><strong>7.00<\/strong><\/td><td>+Zdzis\u0142aw\u0119 &nbsp;Filipowicz of. kole\u017canki i koledzy Patryka rocznik 1991<\/td><\/tr><tr><td><strong>17.00<\/strong><\/td><td>1. +Ryszard Kowal \/26 r.\u015bm.\/ <br>2. -W intencji Panu Bogu wiadomej<\/td><\/tr><tr><td rowspan=\"4\"><strong>Niedziela<\/strong> &nbsp;<\/td><td><strong>7.30<\/strong><\/td><td>+Maria Bartkowska of. koledzy syna Roberta<\/td><\/tr><tr><td><strong>9.15<\/strong><\/td><td>-O b\u0142og. Bo\u017ce i opiek\u0119 M. Bo\u017cej dla Marysi<\/td><\/tr><tr><td><strong>11.00<\/strong><\/td><td><strong>W intencji dziadk\u00f3w i bab\u0107 of. przedszkolaki si\u00f3str Felicjanek<\/strong><\/td><\/tr><tr><td><strong>16.30<\/strong><\/td><td>-Dzi\u0119kczynna z r\u00f3\u017cy MB R\u00f3\u017ca\u0144cowej<\/td><\/tr><\/tbody><\/table><\/figure>\n","protected":false},"excerpt":{"rendered":"<p>Poniedzia\u0142ek &nbsp; 7.00 +Zdzis\u0142aw\u0119 Filipowicz of. s\u0105siedzi z ul Poprzecznej i Kolejowej 17.00 1. +Stanis\u0142aw Zelia\u015b w rocznic\u0119 \u015bmierci 2. +Tadeusz Kwiatkowski of. s\u0105siedzi z ul. Jarz\u0119binowej Wtorek &nbsp; 7.00 +Maria 17.00 1. +Kamil Bajorek of. Go\u015bciniec 2. +Mari\u0119, Jana, Helen\u0119, J\u00f3zef\u0119 , Zofi\u0119 i Stanis\u0142aw\u0119 \u015aroda &nbsp; 7.00 +Zdzis\u0142aw\u0119<span class=\"more-link\"><a href=\"https:\/\/parafiabesko.pl\/?p=11524\">Czytaj wi\u0119cej<\/a><\/span><\/p>\n","protected":false},"author":1,"featured_media":0,"comment_status":"closed","ping_status":"","sticky":false,"template":"","format":"standard","meta":{"footnotes":""},"categories":[1],"tags":[],"class_list":["entry","author-adminparafiibesko","post-11524","post","type-post","status-publish","format-standard","category-bez-kategorii"],"_links":{"self":[{"href":"https:\/\/parafiabesko.pl\/index.php?rest_route=\/wp\/v2\/posts\/11524","targetHints":{"allow":["GET"]}}],"collection":[{"href":"https:\/\/parafiabesko.pl\/index.php?rest_route=\/wp\/v2\/posts"}],"about":[{"href":"https:\/\/parafiabesko.pl\/index.php?rest_route=\/wp\/v2\/types\/post"}],"author":[{"embeddable":true,"href":"https:\/\/parafiabesko.pl\/index.php?rest_route=\/wp\/v2\/users\/1"}],"replies":[{"embeddable":true,"href":"https:\/\/parafiabesko.pl\/index.php?rest_route=%2Fwp%2Fv2%2Fcomments&post=11524"}],"version-history":[{"count":2,"href":"https:\/\/parafiabesko.pl\/index.php?rest_route=\/wp\/v2\/posts\/11524\/revisions"}],"predecessor-version":[{"id":11528,"href":"https:\/\/parafiabesko.pl\/index.php?rest_route=\/wp\/v2\/posts\/11524\/revisions\/11528"}],"wp:attachment":[{"href":"https:\/\/parafiabesko.pl\/index.php?rest_route=%2Fwp%2Fv2%2Fmedia&parent=11524"}],"wp:term":[{"taxonomy":"category","embeddable":true,"href":"https:\/\/parafiabesko.pl\/index.php?rest_route=%2Fwp%2Fv2%2Fcategories&post=11524"},{"taxonomy":"post_tag","embeddable":true,"href":"https:\/\/parafiabesko.pl\/index.php?rest_route=%2Fwp%2Fv2%2Ftags&post=11524"}],"curies":[{"name":"wp","href":"https:\/\/api.w.org\/{rel}","templated":true}]}}