{"id":11518,"date":"2026-01-17T16:19:35","date_gmt":"2026-01-17T15:19:35","guid":{"rendered":"https:\/\/parafiabesko.pl\/?p=11518"},"modified":"2026-01-17T16:20:39","modified_gmt":"2026-01-17T15:20:39","slug":"ogloszenia-parafialne-2-niedziela-zwykla-18-01-2025r","status":"publish","type":"post","link":"https:\/\/parafiabesko.pl\/?p=11518","title":{"rendered":"Og\u0142oszenia parafialne 2 Niedziela zwyk\u0142a 18.01.2026r."},"content":{"rendered":"\n<p>1. Jutro w poniedzia\u0142ek dzie\u0144 liturgicznego wspomnienia \u015bw. J\u00f3zefa Sebastiana Pelczara, m\u00f3dlmy si\u0119 w intencji naszej Archidiecezji, o godz. 17.00 modlitwa przy relikwiach \u015bw. Jana Paw\u0142a II.<\/p>\n\n\n\n<p>2. &nbsp;We wtorek o godz. 17.00 Nabo\u017ce\u0144stwo do Bo\u017cego Mi\u0142osierdzia.<\/p>\n\n\n\n<p>3. We \u015brod\u0119 o godz. 17.00 Nowenna do Matki Bo\u017cej Nieustaj\u0105cej Pomocy.<\/p>\n\n\n\n<p>5. Zako\u0144czy\u0142a si\u0119 wizyta duszpasterska, serdecznie dzi\u0119kujemy Parafianom&nbsp; za \u017cyczliwo\u015b\u0107, religijn\u0105 atmosfer\u0119 i z\u0142o\u017cone ofiary. B\u00f3g zap\u0142a\u0107!.<\/p>\n\n\n\n<p>6. Za tydzie\u0144 <strong>Niedziela S\u0142owa Bo\u017cego<\/strong>. Zach\u0119camy Parafian do lektury Pisma \u015awi\u0119tego.<\/p>\n\n\n\n<p>7. W najbli\u017csz\u0105 niedziel\u0119 w naszym ko\u015bciele w Besku na sumie koncert kol\u0119d w wykonaniu orkiestry OSP w Besku. Serdecznie zapraszamy.<\/p>\n","protected":false},"excerpt":{"rendered":"<p>1. Jutro w poniedzia\u0142ek dzie\u0144 liturgicznego wspomnienia \u015bw. J\u00f3zefa Sebastiana Pelczara, m\u00f3dlmy si\u0119 w intencji naszej Archidiecezji, o godz. 17.00 modlitwa przy relikwiach \u015bw. Jana Paw\u0142a II. 2. &nbsp;We wtorek o godz. 17.00 Nabo\u017ce\u0144stwo do Bo\u017cego Mi\u0142osierdzia. 3. We \u015brod\u0119 o godz. 17.00 Nowenna do Matki Bo\u017cej Nieustaj\u0105cej Pomocy. 5.<span class=\"more-link\"><a href=\"https:\/\/parafiabesko.pl\/?p=11518\">Czytaj wi\u0119cej<\/a><\/span><\/p>\n","protected":false},"author":1,"featured_media":0,"comment_status":"closed","ping_status":"","sticky":false,"template":"","format":"standard","meta":{"footnotes":""},"categories":[7],"tags":[],"class_list":["entry","author-adminparafiibesko","post-11518","post","type-post","status-publish","format-standard","category-ogloszenia-parafialne"],"_links":{"self":[{"href":"https:\/\/parafiabesko.pl\/index.php?rest_route=\/wp\/v2\/posts\/11518","targetHints":{"allow":["GET"]}}],"collection":[{"href":"https:\/\/parafiabesko.pl\/index.php?rest_route=\/wp\/v2\/posts"}],"about":[{"href":"https:\/\/parafiabesko.pl\/index.php?rest_route=\/wp\/v2\/types\/post"}],"author":[{"embeddable":true,"href":"https:\/\/parafiabesko.pl\/index.php?rest_route=\/wp\/v2\/users\/1"}],"replies":[{"embeddable":true,"href":"https:\/\/parafiabesko.pl\/index.php?rest_route=%2Fwp%2Fv2%2Fcomments&post=11518"}],"version-history":[{"count":2,"href":"https:\/\/parafiabesko.pl\/index.php?rest_route=\/wp\/v2\/posts\/11518\/revisions"}],"predecessor-version":[{"id":11520,"href":"https:\/\/parafiabesko.pl\/index.php?rest_route=\/wp\/v2\/posts\/11518\/revisions\/11520"}],"wp:attachment":[{"href":"https:\/\/parafiabesko.pl\/index.php?rest_route=%2Fwp%2Fv2%2Fmedia&parent=11518"}],"wp:term":[{"taxonomy":"category","embeddable":true,"href":"https:\/\/parafiabesko.pl\/index.php?rest_route=%2Fwp%2Fv2%2Fcategories&post=11518"},{"taxonomy":"post_tag","embeddable":true,"href":"https:\/\/parafiabesko.pl\/index.php?rest_route=%2Fwp%2Fv2%2Ftags&post=11518"}],"curies":[{"name":"wp","href":"https:\/\/api.w.org\/{rel}","templated":true}]}}