{"id":11516,"date":"2026-01-17T16:17:51","date_gmt":"2026-01-17T15:17:51","guid":{"rendered":"https:\/\/parafiabesko.pl\/?p=11516"},"modified":"2026-01-17T16:19:54","modified_gmt":"2026-01-17T15:19:54","slug":"intencje-mszalne-19-25-01-2026r","status":"publish","type":"post","link":"https:\/\/parafiabesko.pl\/?p=11516","title":{"rendered":"Intencje mszalne 19-25.01.2026r."},"content":{"rendered":"\n<figure class=\"wp-block-table\"><table><tbody><tr><td rowspan=\"2\"><strong>Poniedzia\u0142ek<\/strong> &nbsp;<\/td><td><strong>7.00<\/strong><\/td><td>+Zdzis\u0142awa Filipowicz of. ojciec<\/td><\/tr><tr><td><strong>17.00<\/strong><\/td><td>1. +Stanis\u0142aw\u0119 Mermer \/10 r. \u015bm.\/ <br>2. +Zofia, Tomasz, Grzegorz Suwa\u0142a<\/td><\/tr><tr><td rowspan=\"2\"><strong>Wtorek<\/strong> &nbsp;<\/td><td><strong>7.00<\/strong><\/td><td>+Artur \/8 r. \u015bm.\/, Jan i zmarli z rodziny<\/td><\/tr><tr><td><strong>17.00<\/strong><\/td><td>1. +Stanis\u0142aw, J\u00f3zef\u0119 Ziemia\u0144scy <br>2. +Tadeusz Kwiatkowski of. rodzina<\/td><\/tr><tr><td rowspan=\"2\"><strong>\u015aroda<\/strong> <strong>&nbsp;<\/strong><\/td><td><strong>7.00<\/strong><\/td><td>+Zdzis\u0142awa Filipowicz of. syn Patryk z rodzin\u0105<\/td><\/tr><tr><td><strong>17.00<\/strong><\/td><td>1. +Agnieszka Rajter <br>2. +Stanis\u0142aw Folcik \/14 r. \u015bm.\/<\/td><\/tr><tr><td rowspan=\"2\"><strong>Czwartek<\/strong> &nbsp;<\/td><td><strong>7.00<\/strong><\/td><td>-W intencji Panu Bogu wiadomej<\/td><\/tr><tr><td><strong>17.00<\/strong><\/td><td>1. \u2013Dzi\u0119kczynna w 90 r. urodzin Stanis\u0142awy z pro\u015bb\u0105 o zdrowie i b\u0142og. Bo\u017ce <br>2. +Tadeusz Kwiatkowski of. s\u0105siedzi z ul Nadwis\u0142ocze<\/td><\/tr><tr><td rowspan=\"2\"><strong>Pi\u0105tek<\/strong> &nbsp;<\/td><td><strong>7.00<\/strong><\/td><td>+Maria Mermer i zmarli z rodziny<\/td><\/tr><tr><td><strong>17.00<\/strong><\/td><td>1. +Maria Mermer \/8 r. \u015bm.\/ <br>2. +Eugeniusz, Albina Nycz<\/td><\/tr><tr><td rowspan=\"2\"><strong>Sobota<\/strong> &nbsp;<\/td><td><strong>7.00<\/strong><\/td><td>+Tadeusz Kwiatkowski of. w\u00f3jt i pracownicy Gminy w Besku<\/td><\/tr><tr><td><strong>17.00<\/strong><\/td><td>1. +Stanis\u0142aw Rodzinka \/14 r. \u015bm.\/ <br>2. +Stanis\u0142aw Koczwara<\/td><\/tr><tr><td rowspan=\"4\"><strong>Niedziela<\/strong> &nbsp;<\/td><td><strong>7.30<\/strong><\/td><td>+Agnieszka Matuszek<\/td><\/tr><tr><td><strong>9.15<\/strong><\/td><td>+Witold B\u0142a\u017c \/1 r. \u015bm.\/<\/td><\/tr><tr><td><strong>11.00<\/strong><\/td><td><strong>Za parafian<\/strong><\/td><\/tr><tr><td><strong>16.30<\/strong><\/td><td>+Bronis\u0142aw\u0119 Schmidt \/3 r. \u015bm.\/ of. m\u0105\u017c<\/td><\/tr><\/tbody><\/table><\/figure>\n","protected":false},"excerpt":{"rendered":"<p>Poniedzia\u0142ek &nbsp; 7.00 +Zdzis\u0142awa Filipowicz of. ojciec 17.00 1. +Stanis\u0142aw\u0119 Mermer \/10 r. \u015bm.\/ 2. +Zofia, Tomasz, Grzegorz Suwa\u0142a Wtorek &nbsp; 7.00 +Artur \/8 r. \u015bm.\/, Jan i zmarli z rodziny 17.00 1. +Stanis\u0142aw, J\u00f3zef\u0119 Ziemia\u0144scy 2. +Tadeusz Kwiatkowski of. rodzina \u015aroda &nbsp; 7.00 +Zdzis\u0142awa Filipowicz of. syn Patryk z<span class=\"more-link\"><a href=\"https:\/\/parafiabesko.pl\/?p=11516\">Czytaj wi\u0119cej<\/a><\/span><\/p>\n","protected":false},"author":1,"featured_media":0,"comment_status":"closed","ping_status":"","sticky":false,"template":"","format":"standard","meta":{"footnotes":""},"categories":[1,4],"tags":[],"class_list":["entry","author-adminparafiibesko","post-11516","post","type-post","status-publish","format-standard","category-bez-kategorii","category-intencje-mszalne"],"_links":{"self":[{"href":"https:\/\/parafiabesko.pl\/index.php?rest_route=\/wp\/v2\/posts\/11516","targetHints":{"allow":["GET"]}}],"collection":[{"href":"https:\/\/parafiabesko.pl\/index.php?rest_route=\/wp\/v2\/posts"}],"about":[{"href":"https:\/\/parafiabesko.pl\/index.php?rest_route=\/wp\/v2\/types\/post"}],"author":[{"embeddable":true,"href":"https:\/\/parafiabesko.pl\/index.php?rest_route=\/wp\/v2\/users\/1"}],"replies":[{"embeddable":true,"href":"https:\/\/parafiabesko.pl\/index.php?rest_route=%2Fwp%2Fv2%2Fcomments&post=11516"}],"version-history":[{"count":1,"href":"https:\/\/parafiabesko.pl\/index.php?rest_route=\/wp\/v2\/posts\/11516\/revisions"}],"predecessor-version":[{"id":11517,"href":"https:\/\/parafiabesko.pl\/index.php?rest_route=\/wp\/v2\/posts\/11516\/revisions\/11517"}],"wp:attachment":[{"href":"https:\/\/parafiabesko.pl\/index.php?rest_route=%2Fwp%2Fv2%2Fmedia&parent=11516"}],"wp:term":[{"taxonomy":"category","embeddable":true,"href":"https:\/\/parafiabesko.pl\/index.php?rest_route=%2Fwp%2Fv2%2Fcategories&post=11516"},{"taxonomy":"post_tag","embeddable":true,"href":"https:\/\/parafiabesko.pl\/index.php?rest_route=%2Fwp%2Fv2%2Ftags&post=11516"}],"curies":[{"name":"wp","href":"https:\/\/api.w.org\/{rel}","templated":true}]}}