{"id":11508,"date":"2026-01-10T15:12:45","date_gmt":"2026-01-10T14:12:45","guid":{"rendered":"https:\/\/parafiabesko.pl\/?p=11508"},"modified":"2026-01-11T14:09:22","modified_gmt":"2026-01-11T13:09:22","slug":"intencje-mszalne-12-18-01-2026r","status":"publish","type":"post","link":"https:\/\/parafiabesko.pl\/?p=11508","title":{"rendered":"Intencje mszalne 12-18.01.2026r."},"content":{"rendered":"\n<figure class=\"wp-block-table\"><table><tbody><tr><td rowspan=\"2\"><strong>Poniedzia\u0142ek<\/strong> &nbsp;<\/td><td><strong>7.00<\/strong><\/td><td>1. +Beata Chyna\u0142 \/1 r. \u015bm.\/ <br>2. +Stanis\u0142aw, Edward, \u0141ukasz<\/td><\/tr><tr><td><strong>17.00<\/strong><\/td><td>+Marian Dulewski<\/td><\/tr><tr><td rowspan=\"2\"><strong>Wtorek<\/strong> &nbsp;<\/td><td><strong>7.00<\/strong><\/td><td>1. \u2013O bog. Bo\u017ce w rodzinie <br>2. \u2013O b\u0142og. Bo\u017ce i opiek\u0119 MB dla si\u00f3str z r\u00f3\u017cy \u015bw. Anny<\/td><\/tr><tr><td><strong>17.00<\/strong><\/td><td>+Jacek \u015aliwka<\/td><\/tr><tr><td rowspan=\"2\"><strong>\u015aroda<\/strong> <strong>&nbsp;<\/strong><\/td><td><strong>7.00<\/strong><\/td><td>1. +Maksymilian Penar of. Dyrekcja i pracownicy Szko\u0142y w Besku <br>2. +W\u0142adys\u0142aw\u0119 , Stefan Roman<\/td><\/tr><tr><td><strong>17.00<\/strong><\/td><td>+Aniela, Franciszek Nycz<\/td><\/tr><tr><td rowspan=\"2\"><strong>Czwartek<\/strong> &nbsp;<\/td><td><strong>7.00<\/strong><\/td><td>1. +Stanis\u0142aw\u0119, Julian Wr\u00f3bel <br>2. \u2013O \u0142ask\u0119 zdrowia dla Krystyny of. kl. 2 b Szko\u0142y w Besku<\/td><\/tr><tr><td><strong>17.00<\/strong><\/td><td>+Emilia, Stanis\u0142aw De\u0144ko \/11 r. \u015bm.\/<\/td><\/tr><tr><td rowspan=\"2\"><strong>Pi\u0105tek<\/strong> &nbsp;<\/td><td><strong>7.00<\/strong><\/td><td>1. +Edward Oberc \/26 r. \u015bm.\/, Maria, Wawrzyniec <br>2. +Janina, Stanis\u0142aw Mroczkowscy<\/td><\/tr><tr><td><strong>17.00<\/strong><\/td><td>+\u0141ukasz Rajter<\/td><\/tr><tr><td rowspan=\"2\"><strong>Sobota<\/strong> &nbsp;<\/td><td><strong>7.00<\/strong><\/td><td>1. +Joanna Gacek\/1 r. \u015bm.\/ <br>2. +Maksymilian Penar of. mama i Pawe\u0142<\/td><\/tr><tr><td><strong>17.00<\/strong><\/td><td>+Maria, Jan Winiarscy<\/td><\/tr><tr><td rowspan=\"4\"><strong>Niedziela<\/strong> &nbsp;<\/td><td><strong>7.30<\/strong><\/td><td>+Stanis\u0142aw\u0119, Zbigniew Kozak<\/td><\/tr><tr><td><strong>9.15<\/strong><\/td><td>+Krystyna Bok<\/td><\/tr><tr><td><strong>11.00<\/strong><\/td><td><strong>Za parafian<\/strong><\/td><\/tr><tr><td><strong>16.30<\/strong><\/td><td>+Stefani\u0119 \/8 r. \u015bm.\/, Bronis\u0142aw Kornasiewicz i zm. z rodziny<\/td><\/tr><\/tbody><\/table><\/figure>\n","protected":false},"excerpt":{"rendered":"<p>Poniedzia\u0142ek &nbsp; 7.00 1. +Beata Chyna\u0142 \/1 r. \u015bm.\/ 2. +Stanis\u0142aw, Edward, \u0141ukasz 17.00 +Marian Dulewski Wtorek &nbsp; 7.00 1. \u2013O bog. Bo\u017ce w rodzinie 2. \u2013O b\u0142og. Bo\u017ce i opiek\u0119 MB dla si\u00f3str z r\u00f3\u017cy \u015bw. Anny 17.00 +Jacek \u015aliwka \u015aroda &nbsp; 7.00 1. +Maksymilian Penar of. Dyrekcja i<span class=\"more-link\"><a href=\"https:\/\/parafiabesko.pl\/?p=11508\">Czytaj wi\u0119cej<\/a><\/span><\/p>\n","protected":false},"author":1,"featured_media":0,"comment_status":"closed","ping_status":"","sticky":false,"template":"","format":"standard","meta":{"footnotes":""},"categories":[1],"tags":[],"class_list":["entry","author-adminparafiibesko","post-11508","post","type-post","status-publish","format-standard","category-bez-kategorii"],"_links":{"self":[{"href":"https:\/\/parafiabesko.pl\/index.php?rest_route=\/wp\/v2\/posts\/11508","targetHints":{"allow":["GET"]}}],"collection":[{"href":"https:\/\/parafiabesko.pl\/index.php?rest_route=\/wp\/v2\/posts"}],"about":[{"href":"https:\/\/parafiabesko.pl\/index.php?rest_route=\/wp\/v2\/types\/post"}],"author":[{"embeddable":true,"href":"https:\/\/parafiabesko.pl\/index.php?rest_route=\/wp\/v2\/users\/1"}],"replies":[{"embeddable":true,"href":"https:\/\/parafiabesko.pl\/index.php?rest_route=%2Fwp%2Fv2%2Fcomments&post=11508"}],"version-history":[{"count":2,"href":"https:\/\/parafiabesko.pl\/index.php?rest_route=\/wp\/v2\/posts\/11508\/revisions"}],"predecessor-version":[{"id":11514,"href":"https:\/\/parafiabesko.pl\/index.php?rest_route=\/wp\/v2\/posts\/11508\/revisions\/11514"}],"wp:attachment":[{"href":"https:\/\/parafiabesko.pl\/index.php?rest_route=%2Fwp%2Fv2%2Fmedia&parent=11508"}],"wp:term":[{"taxonomy":"category","embeddable":true,"href":"https:\/\/parafiabesko.pl\/index.php?rest_route=%2Fwp%2Fv2%2Fcategories&post=11508"},{"taxonomy":"post_tag","embeddable":true,"href":"https:\/\/parafiabesko.pl\/index.php?rest_route=%2Fwp%2Fv2%2Ftags&post=11508"}],"curies":[{"name":"wp","href":"https:\/\/api.w.org\/{rel}","templated":true}]}}