{"id":11471,"date":"2026-01-03T15:12:33","date_gmt":"2026-01-03T14:12:33","guid":{"rendered":"https:\/\/parafiabesko.pl\/?p=11471"},"modified":"2026-01-03T15:12:33","modified_gmt":"2026-01-03T14:12:33","slug":"ogloszenia-parafialne-2-niedziela-po-bozym-narodzeniu-4-01-2026r","status":"publish","type":"post","link":"https:\/\/parafiabesko.pl\/?p=11471","title":{"rendered":"Og\u0142oszenia parafialne 2 Niedziela po Bo\u017cym Narodzeniu 4.01.2026r."},"content":{"rendered":"\n<p>1. Dzisiaj <strong>4 stycznia 2026r. Niedziela Adoracyjna<\/strong> \u2013 od godz. 12.00 do 16.00 prywatna adoracja rodzin. O godz. 16.00 Nabo\u017ce\u0144stwo r\u00f3\u017ca\u0144cowe i zmiana tajemnic, adoruje r\u00f3\u017ca \u015bw. Marty prze\u0142o\u017cona Maria Szyndler.<\/p>\n\n\n\n<p>2. Taca z dzisiejszej niedzieli przeznaczona potrzeby Archidiecezji.<\/p>\n\n\n\n<p>3.&nbsp; Po Mszach \u015bwi\u0119tych mo\u017cna naby\u0107 pod ch\u00f3rem ko\u015bcio\u0142a kadzid\u0142o i kred\u0119 i po\u015bwi\u0119ci\u0107 na Trzech Kr\u00f3li. Ofiara przeznaczona jest na prace w salkach katechetycznych<\/p>\n\n\n\n<p>4. We wtorek <strong>6 stycznia \u2013<\/strong> <strong>Uroczysto\u015b\u0107 Objawienia Pa\u0144skiego \u2013 Trzech Kr\u00f3li.<\/strong> B\u0142ogos\u0142awie\u0144stwo kredy i kadzid\u0142a na wszystkich Mszach \u015bwi\u0119tych w Besku. Porz\u0105dek Mszy \u015bwi\u0119tych w Besku: rano 7.30, suma o godz. 10.00 i po po\u0142udniu o godz. 15.00 bez Nieszpor\u00f3w. W ko\u015bcio\u0142ach filialnych Msze \u015bwi\u0119te b\u0119d\u0105 odprawiane z po\u015bwi\u0119ceniem kredy i kadzid\u0142a: w Mymoniu o godz. 8.30 i w Por\u0119bach o godz. 10.00.<\/p>\n\n\n\n<p>5. Ofiary z\u0142o\u017cone na tac\u0119 w dniu Trzech Kr\u00f3li przeznaczone s\u0105 na Misje \u015bwi\u0119te.<\/p>\n\n\n\n<p>6. <strong>Orszak Trzech Kr\u00f3li<\/strong><strong> odb\u0119dzie si\u0119 6 stycznia 2026<\/strong><strong> roku w Besku,<\/strong><strong> a oto program: \/przeczyta\u0107 !\/<\/strong><strong> Zach\u0119camy Parafian do udzia\u0142u w Orszaku Trzech Kr\u00f3li.<\/strong>&nbsp;<\/p>\n\n\n\n<p>7. W tym tygodniu dalszy ci\u0105g wizyty duszpasterskiej:<\/p>\n\n\n\n<p><strong>Ksi\u0105dz Jacek <\/strong>b\u0119dzie odwiedza\u0142 rodziny w poniedzia\u0142ek, pi\u0105tek i sobot\u0119 od godz. 9.00 \u015broda, czwartek od godz. 15.00.<\/p>\n\n\n\n<p><strong>Ksi\u0105dz Pawe\u0142 <\/strong>b\u0119dzie odwiedza\u0142 rodziny w poniedzia\u0142ek, sobot\u0119 od godz. 9.00, w \u015brod\u0119, czwartek i pi\u0105tek od godz. 15.00.<\/p>\n\n\n\n<p>8. Za tydzie\u0144 w niedziel\u0119 Chrztu Pa\u0144skiego ko\u0144czy si\u0119 czas Bo\u017cego Narodzenia.<\/p>\n\n\n\n<p>9. Przypominamy Parafianom, \u017ce w sezonie zimowym zabytkowy ko\u015bci\u00f3\u0142 w Besku otwarty jest na modlitw\u0119 przy trumnie zmar\u0142ego od godz. 7.00 do 19.00.<\/p>\n","protected":false},"excerpt":{"rendered":"<p>1. Dzisiaj 4 stycznia 2026r. Niedziela Adoracyjna \u2013 od godz. 12.00 do 16.00 prywatna adoracja rodzin. O godz. 16.00 Nabo\u017ce\u0144stwo r\u00f3\u017ca\u0144cowe i zmiana tajemnic, adoruje r\u00f3\u017ca \u015bw. Marty prze\u0142o\u017cona Maria Szyndler. 2. Taca z dzisiejszej niedzieli przeznaczona potrzeby Archidiecezji. 3.&nbsp; Po Mszach \u015bwi\u0119tych mo\u017cna naby\u0107 pod ch\u00f3rem ko\u015bcio\u0142a kadzid\u0142o i<span class=\"more-link\"><a href=\"https:\/\/parafiabesko.pl\/?p=11471\">Czytaj wi\u0119cej<\/a><\/span><\/p>\n","protected":false},"author":1,"featured_media":0,"comment_status":"closed","ping_status":"","sticky":false,"template":"","format":"standard","meta":{"footnotes":""},"categories":[7],"tags":[],"class_list":["entry","author-adminparafiibesko","post-11471","post","type-post","status-publish","format-standard","category-ogloszenia-parafialne"],"_links":{"self":[{"href":"https:\/\/parafiabesko.pl\/index.php?rest_route=\/wp\/v2\/posts\/11471","targetHints":{"allow":["GET"]}}],"collection":[{"href":"https:\/\/parafiabesko.pl\/index.php?rest_route=\/wp\/v2\/posts"}],"about":[{"href":"https:\/\/parafiabesko.pl\/index.php?rest_route=\/wp\/v2\/types\/post"}],"author":[{"embeddable":true,"href":"https:\/\/parafiabesko.pl\/index.php?rest_route=\/wp\/v2\/users\/1"}],"replies":[{"embeddable":true,"href":"https:\/\/parafiabesko.pl\/index.php?rest_route=%2Fwp%2Fv2%2Fcomments&post=11471"}],"version-history":[{"count":1,"href":"https:\/\/parafiabesko.pl\/index.php?rest_route=\/wp\/v2\/posts\/11471\/revisions"}],"predecessor-version":[{"id":11472,"href":"https:\/\/parafiabesko.pl\/index.php?rest_route=\/wp\/v2\/posts\/11471\/revisions\/11472"}],"wp:attachment":[{"href":"https:\/\/parafiabesko.pl\/index.php?rest_route=%2Fwp%2Fv2%2Fmedia&parent=11471"}],"wp:term":[{"taxonomy":"category","embeddable":true,"href":"https:\/\/parafiabesko.pl\/index.php?rest_route=%2Fwp%2Fv2%2Fcategories&post=11471"},{"taxonomy":"post_tag","embeddable":true,"href":"https:\/\/parafiabesko.pl\/index.php?rest_route=%2Fwp%2Fv2%2Ftags&post=11471"}],"curies":[{"name":"wp","href":"https:\/\/api.w.org\/{rel}","templated":true}]}}