{"id":11442,"date":"2025-11-30T08:09:15","date_gmt":"2025-11-30T07:09:15","guid":{"rendered":"https:\/\/parafiabesko.pl\/?p=11442"},"modified":"2025-11-30T08:11:11","modified_gmt":"2025-11-30T07:11:11","slug":"ogloszenia-parafialne-1-niedziela-adwentu-30-11-2025r","status":"publish","type":"post","link":"https:\/\/parafiabesko.pl\/?p=11442","title":{"rendered":"Og\u0142oszenia parafialne 1 Niedziela Adwentu 30.11.2025r."},"content":{"rendered":"\n<h2 class=\"wp-block-heading has-medium-font-size\">1. Dzi\u015b pocz\u0105tek Adwentu. Rozpoczyna si\u0119 nowy rok duszpasterski &#8211; Komisja Duszpasterstwa Konferencji Episkopatu Polski przygotowa\u0142a program duszpasterski <strong>&#8222;Uczniowie-misjonarze&#8221;<\/strong>. Program duszpasterski skupia si\u0119 na formacji chrze\u015bcija\u0144skiej, zach\u0119caj\u0105c do odnowy i bycia aktywnymi misjonarzami w \u017cyciu codziennym. Warto zaznaczy\u0107, \u017ce rok ten jest te\u017c kontynuacj\u0105 Jubileuszu Roku 2025, kt\u00f3rego program nosi\u0142 has\u0142o &#8222;Pielgrzymi nadziei&#8221;.&nbsp;<\/h2>\n\n\n\n<p class=\"has-medium-font-size\">2. &nbsp;W przedsionku ko\u015bcio\u0142a pan ko\u015bcielny po Mszach \u015bw. rozprowadza \u015bwiece Caritas <strong>Wigilijne Dzie\u0142o Pomocy Dzieciom<\/strong> na wigilijny st\u00f3\u0142. Ofiara za&nbsp; \u015bwiec\u0119 to r\u00f3wnowarto\u015b\u0107 jednego obiadu dla biednego dziecka \u2013 co najmniej 10 z\u0142.<\/p>\n\n\n\n<p class=\"has-medium-font-size\">3. Spowied\u017a przed pierwszym pi\u0105tkiem miesi\u0105ca od poniedzia\u0142ku rano i wieczorem przed Msz\u0105 \u015bw. Dzieci i m\u0142odzie\u017c do spowiedzi zapraszamy we \u015brod\u0119 od godz. 16.00.<\/p>\n\n\n\n<p class=\"has-medium-font-size\">4. Roraty od jutra w dni powszednie o godz. 16.20 Koronka do Bo\u017cego Mi\u0142osierdzia z intencj\u0105 dnia, o godz. 16.35 Godzinki, o 17.00 Msza \u015bw. roratnia<\/p>\n\n\n\n<p class=\"has-medium-font-size\">5. W tym tygodniu wypada pierwszy czwartek miesi\u0105ca.<\/p>\n\n\n\n<p class=\"has-medium-font-size\">6. Pierwszy pi\u0105tek miesi\u0105ca. Rano Msza \u015bw. i adoracja, adoruje r\u00f3\u017ca&nbsp; Niepokalanego Pocz\u0119cia NMP prze\u0142o\u017cona Bronis\u0142awa Ziemia\u0144ska. Wieczorem roraty. Chorych w Besku w pierwszy pi\u0105tek nie b\u0119dziemy odwiedza\u0107, odwiedzimy przed \u015bwi\u0119tami. W Mymoniu i Por\u0119bach w pi\u0105tek o godz. 15.00 adoracja, spowied\u017a i Msza \u015bw.<\/p>\n\n\n\n<p class=\"has-medium-font-size\">7. Pierwsza sobota miesi\u0105ca. Rano Msza \u015bw. i nabo\u017ce\u0144stwo do Matki Bo\u017cej, adoruje r\u00f3\u017ca \u015bw. Anny prze\u0142o\u017cona Janina Suwa\u0142a. Wieczorem roraty.<\/p>\n\n\n\n<p class=\"has-medium-font-size\">8.<strong>&nbsp; &nbsp;<\/strong>W przysz\u0142\u0105 niedziel\u0119 <strong>Niedziela Adoracyjna<\/strong>, od godziny 12.00 do 16.00 prywatna adoracja rodzin naszej Parafii. O godzinie 16.00 nabo\u017ce\u0144stwo r\u00f3\u017ca\u0144cowe i zmiana tajemnic, adoruje r\u00f3\u017ca Niepokalanego Serca NMP prze\u0142o\u017cona Anna Szul.<\/p>\n\n\n\n<p class=\"has-medium-font-size\">9. W przysz\u0142\u0105 niedziel\u0119 przypada <strong>Dzie\u0144 modlitwy i&nbsp;pomocy Ko\u015bcio\u0142owi na Wschodzie.<\/strong> Zbi\u00f3rka ta, jest realizacj\u0105 uchwa\u0142y Konferencji Episkopatu \u201eBaz\u0119 finansow\u0105 Zespo\u0142u, stanowi zbi\u00f3rka do puszek w drug\u0105 niedziel\u0119&nbsp;Adwentu oraz ofiary i darowizny przeznaczone na pomoc Ko\u015bcio\u0142owi na&nbsp;Wschodzie\u201d. W imieniu kap\u0142an\u00f3w, si\u00f3str i braci zakonnych oraz wolontariuszy&nbsp;\u015bwieckich, pos\u0142uguj\u0105cych aktualnie na wschodzie a tak\u017ce wiernych, sk\u0142adamy&nbsp;serdeczne podzi\u0119kowanie za wszelk\u0105 pomoc i modlitw\u0119. Pragniemy zapewni\u0107,&nbsp;\u017ce wierni tworz\u0105cy Ko\u015bci\u00f3\u0142 Katolicki na Wschodzie, gorliwie modl\u0105 si\u0119 za&nbsp;ofiarodawc\u00f3w w duchu wdzi\u0119czno\u015bci za przekazane ofiary. Pami\u0119tajmy o&nbsp;naszych siostrach i&nbsp;braciach, kt\u00f3rym przychodzi \u017cy\u0107 w&nbsp;trudniejszych od nas okoliczno\u015bciach \u2013 apeluje Zesp\u00f3\u0142 Pomocy Ko\u015bcio\u0142owi na Wschodzie przy Konferencji Episkopatu Polski kt\u00f3ry&nbsp; niesie pomoc ju\u017c ponad 25 lat. <strong>W przysz\u0142\u0105 niedziel\u0119 po Mszach \u015bwi\u0119tych zbi\u00f3rka do puszki&nbsp; na pomoc Ko\u015bcio\u0142owi na Wschodzie.<\/strong><\/p>\n\n\n\n<p class=\"has-medium-font-size\">10. W tym tygodniu pan organista kontynuuje\u00a0 roznoszenie op\u0142atk\u00f3w w wyznaczonej cz\u0119\u015bci Parafii. U si\u00f3str zakonnych w op\u0142atki zaopatruje si\u0119 wyznaczona cz\u0119\u015b\u0107 Parafii. Przypominamy ze ofiary sk\u0142adane przy tej okazji to jest cz\u0119\u015b\u0107 wynagrodzenia za ca\u0142oroczn\u0105 prac\u0119 w naszym ko\u015bciele.<\/p>\n","protected":false},"excerpt":{"rendered":"<p>1. Dzi\u015b pocz\u0105tek Adwentu. Rozpoczyna si\u0119 nowy rok duszpasterski &#8211; Komisja Duszpasterstwa Konferencji Episkopatu Polski przygotowa\u0142a program duszpasterski &#8222;Uczniowie-misjonarze&#8221;. Program duszpasterski skupia si\u0119 na formacji chrze\u015bcija\u0144skiej, zach\u0119caj\u0105c do odnowy i bycia aktywnymi misjonarzami w \u017cyciu codziennym. Warto zaznaczy\u0107, \u017ce rok ten jest te\u017c kontynuacj\u0105 Jubileuszu Roku 2025, kt\u00f3rego program nosi\u0142<span class=\"more-link\"><a href=\"https:\/\/parafiabesko.pl\/?p=11442\">Czytaj wi\u0119cej<\/a><\/span><\/p>\n","protected":false},"author":1,"featured_media":0,"comment_status":"closed","ping_status":"","sticky":false,"template":"","format":"standard","meta":{"footnotes":""},"categories":[7],"tags":[],"class_list":["entry","author-adminparafiibesko","post-11442","post","type-post","status-publish","format-standard","category-ogloszenia-parafialne"],"_links":{"self":[{"href":"https:\/\/parafiabesko.pl\/index.php?rest_route=\/wp\/v2\/posts\/11442","targetHints":{"allow":["GET"]}}],"collection":[{"href":"https:\/\/parafiabesko.pl\/index.php?rest_route=\/wp\/v2\/posts"}],"about":[{"href":"https:\/\/parafiabesko.pl\/index.php?rest_route=\/wp\/v2\/types\/post"}],"author":[{"embeddable":true,"href":"https:\/\/parafiabesko.pl\/index.php?rest_route=\/wp\/v2\/users\/1"}],"replies":[{"embeddable":true,"href":"https:\/\/parafiabesko.pl\/index.php?rest_route=%2Fwp%2Fv2%2Fcomments&post=11442"}],"version-history":[{"count":2,"href":"https:\/\/parafiabesko.pl\/index.php?rest_route=\/wp\/v2\/posts\/11442\/revisions"}],"predecessor-version":[{"id":11444,"href":"https:\/\/parafiabesko.pl\/index.php?rest_route=\/wp\/v2\/posts\/11442\/revisions\/11444"}],"wp:attachment":[{"href":"https:\/\/parafiabesko.pl\/index.php?rest_route=%2Fwp%2Fv2%2Fmedia&parent=11442"}],"wp:term":[{"taxonomy":"category","embeddable":true,"href":"https:\/\/parafiabesko.pl\/index.php?rest_route=%2Fwp%2Fv2%2Fcategories&post=11442"},{"taxonomy":"post_tag","embeddable":true,"href":"https:\/\/parafiabesko.pl\/index.php?rest_route=%2Fwp%2Fv2%2Ftags&post=11442"}],"curies":[{"name":"wp","href":"https:\/\/api.w.org\/{rel}","templated":true}]}}