{"id":11437,"date":"2025-11-22T19:20:05","date_gmt":"2025-11-22T18:20:05","guid":{"rendered":"https:\/\/parafiabesko.pl\/?p=11437"},"modified":"2025-11-22T19:20:05","modified_gmt":"2025-11-22T18:20:05","slug":"ogloszenia-parafialne-uroczystosc-chrystus-krola-23-11-2025r","status":"publish","type":"post","link":"https:\/\/parafiabesko.pl\/?p=11437","title":{"rendered":"Og\u0142oszenia parafialne Uroczysto\u015b\u0107 Chrystus Kr\u00f3la 23.11.2025r."},"content":{"rendered":"\n<p>1. Dzisiaj <strong>Uroczysto\u015b\u0107 Chrystusa Kr\u00f3la<\/strong> \u2013 ostatnia niedziela roku liturgicznego. Po sumie wystawienie Naj\u015bwi\u0119tszego Sakramentu.<\/p>\n\n\n\n<p>2. Dzisiaj w &nbsp;kaplicy u si\u00f3str felicjanek adoracja Naj\u015bwi\u0119tszego Sakramentu od godziny 8.00 do 15.00. Siostry serdecznie zapraszaj\u0105 na wsp\u00f3ln\u0105 modlitw\u0119.<\/p>\n\n\n\n<h1 class=\"wp-block-heading has-medium-font-size\">3. Zbi\u00f3rka do puszek na rzecz poszkodowanych na Jamajce [KOMUNIKAT]<\/h1>\n\n\n\n<p><strong>&nbsp;&nbsp; Kuria Metropolitalna w Przemy\u015blu informuje, \u017ce Metropolita Przemyski, kieruj\u0105c si\u0119 duchem chrze\u015bcija\u0144skiej solidarno\u015bci i troski o osoby dotkni\u0119te nieszcz\u0119\u015bciem, zarz\u0105dzi\u0142 przeprowadzenie specjalnej zbi\u00f3rki do puszek na rzecz ofiar huraganu&nbsp;<\/strong><em><strong>Melissa<\/strong><\/em><strong>, kt\u00f3ry w ostatnim czasie spowodowa\u0142 rozleg\u0142e zniszczenia na Jamajce, gdzie pracuje ks. Wojciech Szpylma, misjonarz z archidiecezji przemyskiej.<\/strong> Niestety w skutek kataklizmu ucierpia\u0142 dom parafialny, ko\u015bci\u00f3\u0142 g\u0142\u00f3wny i dwa ko\u015bcio\u0142y dojazdowe, w kt\u00f3rych pos\u0142uguje ks. Szpylma, a plebania straci\u0142a ok. 70% dachu. Dlatego na pro\u015bb\u0119 kap\u0142an\u00f3w \u2013 wsp\u00f3\u0142braci kursowych, abp Adam Szal apeluje do wiernych o modlitw\u0119 w intencji poszkodowanych, a tak\u017ce o konkretny gest mi\u0142osierdzia. <strong>Zbi\u00f3rka odb\u0119dzie si\u0119 we wszystkich ko\u015bcio\u0142ach i kaplicach archidiecezji w niedziel\u0119, 23 listopada 2025 r., a zebrane ofiary nale\u017cy w ca\u0142o\u015bci przekaza\u0107 do Kurii Metropolitalnej w Przemy\u015blu, kt\u00f3ra przeka\u017ce je bezpo\u015brednio ksi\u0119dzu misjonarzowi.<\/strong> Metropolita Przemyski przypomina, \u017ce nawet najmniejsza ofiara ma ogromne znaczenie, gdy pochodzi z serca. Zach\u0119ca r\u00f3wnie\u017c do sta\u0142ej postawy wra\u017cliwo\u015bci na cierpienie innych, zw\u0142aszcza w obliczu katastrof humanitarnych.<\/p>\n\n\n\n<p>4. W przysz\u0142\u0105 niedziel\u0119 rozpoczyna si\u0119 <strong>Adwent<\/strong>. W &nbsp;Besku godz. 6.00 Godzinki po nich o 6.30 Msza \u015bw. Pozosta\u0142e Msze \u015bwi\u0119te: 9.15, 11.00 i 16.30. W ko\u015bcio\u0142ach filialnych: Mymo\u0144 8.30, Por\u0119by 10.00.<\/p>\n\n\n\n<p>5. W pierwsz\u0105 niedziel\u0119 Adwentu, po raz kolejny rozpoczyna si\u0119 <strong>Wigilijne Dzie\u0142o Pomocy Dzieciom<\/strong> &#8211; najwi\u0119ksza og\u00f3lnopolska akcja Caritas. Rozprowadzamy w Parafii \u015bwiece z logo Caritas, kt\u00f3re &#8211; mamy nadziej\u0119 &#8211; znajd\u0105 swoje miejsce na wielu wigilijnych sto\u0142ach. Ich p\u0142omie\u0144 jest znakiem solidarno\u015bci z najbardziej potrzebuj\u0105cymi dzie\u0107mi w Polsce i na \u015bwiecie. Po Mszach \u015bwi\u0119tych mo\u017cna naby\u0107 \u015bwiec\u0119 \u201eWigilijne Dzie\u0142o Pomocy Dzieciom\u201d. W przedsionku ko\u015bcio\u0142a pan ko\u015bcielny rozprowadza \u015bwiece Caritas na wigilijny st\u00f3\u0142. Cena \u015bwiecy to r\u00f3wnowarto\u015b\u0107 jednego obiadu dla biednego dziecka \u2013 co najmniej 10 z\u0142.<\/p>\n\n\n\n<p>6. W tym tygodniu pan organista od 24 listopada, czyli od najbli\u017cszego poniedzia\u0142ku rozpoczyna&nbsp; roznoszenie op\u0142atk\u00f3w wigilijnych od dzielnicy Wola.&nbsp; U si\u00f3str zakonnych w op\u0142atki zaopatruje si\u0119 wyznaczona cz\u0119\u015b\u0107 Parafii. Przypominamy, ze ofiary sk\u0142adane przy tej okazji to jest cz\u0119\u015b\u0107 wynagrodzenia za ca\u0142oroczn\u0105 pos\u0142ug\u0119 w naszym ko\u015bciele.<\/p>\n","protected":false},"excerpt":{"rendered":"<p>1. Dzisiaj Uroczysto\u015b\u0107 Chrystusa Kr\u00f3la \u2013 ostatnia niedziela roku liturgicznego. Po sumie wystawienie Naj\u015bwi\u0119tszego Sakramentu. 2. Dzisiaj w &nbsp;kaplicy u si\u00f3str felicjanek adoracja Naj\u015bwi\u0119tszego Sakramentu od godziny 8.00 do 15.00. Siostry serdecznie zapraszaj\u0105 na wsp\u00f3ln\u0105 modlitw\u0119. 3. Zbi\u00f3rka do puszek na rzecz poszkodowanych na Jamajce [KOMUNIKAT] &nbsp;&nbsp; Kuria Metropolitalna w<span class=\"more-link\"><a href=\"https:\/\/parafiabesko.pl\/?p=11437\">Czytaj wi\u0119cej<\/a><\/span><\/p>\n","protected":false},"author":1,"featured_media":0,"comment_status":"closed","ping_status":"","sticky":false,"template":"","format":"standard","meta":{"footnotes":""},"categories":[7],"tags":[],"class_list":["entry","author-adminparafiibesko","post-11437","post","type-post","status-publish","format-standard","category-ogloszenia-parafialne"],"_links":{"self":[{"href":"https:\/\/parafiabesko.pl\/index.php?rest_route=\/wp\/v2\/posts\/11437","targetHints":{"allow":["GET"]}}],"collection":[{"href":"https:\/\/parafiabesko.pl\/index.php?rest_route=\/wp\/v2\/posts"}],"about":[{"href":"https:\/\/parafiabesko.pl\/index.php?rest_route=\/wp\/v2\/types\/post"}],"author":[{"embeddable":true,"href":"https:\/\/parafiabesko.pl\/index.php?rest_route=\/wp\/v2\/users\/1"}],"replies":[{"embeddable":true,"href":"https:\/\/parafiabesko.pl\/index.php?rest_route=%2Fwp%2Fv2%2Fcomments&post=11437"}],"version-history":[{"count":1,"href":"https:\/\/parafiabesko.pl\/index.php?rest_route=\/wp\/v2\/posts\/11437\/revisions"}],"predecessor-version":[{"id":11438,"href":"https:\/\/parafiabesko.pl\/index.php?rest_route=\/wp\/v2\/posts\/11437\/revisions\/11438"}],"wp:attachment":[{"href":"https:\/\/parafiabesko.pl\/index.php?rest_route=%2Fwp%2Fv2%2Fmedia&parent=11437"}],"wp:term":[{"taxonomy":"category","embeddable":true,"href":"https:\/\/parafiabesko.pl\/index.php?rest_route=%2Fwp%2Fv2%2Fcategories&post=11437"},{"taxonomy":"post_tag","embeddable":true,"href":"https:\/\/parafiabesko.pl\/index.php?rest_route=%2Fwp%2Fv2%2Ftags&post=11437"}],"curies":[{"name":"wp","href":"https:\/\/api.w.org\/{rel}","templated":true}]}}