{"id":11435,"date":"2025-11-22T19:15:46","date_gmt":"2025-11-22T18:15:46","guid":{"rendered":"https:\/\/parafiabesko.pl\/?p=11435"},"modified":"2025-11-22T19:15:46","modified_gmt":"2025-11-22T18:15:46","slug":"intencje-mszalne-24-30-11-2025r","status":"publish","type":"post","link":"https:\/\/parafiabesko.pl\/?p=11435","title":{"rendered":"Intencje mszalne 24-30.11.2025r."},"content":{"rendered":"\n<figure class=\"wp-block-table\"><table><tbody><tr><td rowspan=\"2\"><strong>Poniedzia\u0142ek<\/strong> &nbsp;<\/td><td><strong>7.00<\/strong><\/td><td>+Wypominkowa \/4\/<\/td><\/tr><tr><td><strong>17.00<\/strong><\/td><td>1. +Stanis\u0142aw Mroczkowski <br>2. +Stanis\u0142aw, Krystyna Mroczkowscy<\/td><\/tr><tr><td rowspan=\"2\"><strong>Wtorek<\/strong> &nbsp;<\/td><td><strong>7.00<\/strong><\/td><td>-O zdrowie Jakuba of. pracownicy Orew w Rymanowie<\/td><\/tr><tr><td><strong>17.00<\/strong><\/td><td>1. +Andrzej Chrobak of. rodz. Wac\u0142awskich <br>2. +J\u00f3zef Stapi\u0144ski of. rodz. Wac\u0142awskich \/poza Parafi\u0105\/<\/td><\/tr><tr><td rowspan=\"2\"><strong>\u015aroda<\/strong> <strong>&nbsp;<\/strong><\/td><td><strong>7.00<\/strong><\/td><td>+Ks. Szczepan Semenowicz o dar nieba<\/td><\/tr><tr><td><strong>17.00<\/strong><\/td><td>1. +\u0141ukasz Rajter of. rodzice <br>2. +\u0141ukasz Rajter of. \u017cona z dzie\u0107mi \/poza Parafi\u0105\/<\/td><\/tr><tr><td rowspan=\"2\"><strong>Czwartek<\/strong> &nbsp;<\/td><td><strong>7.00<\/strong><\/td><td>+Roman, Kazimiera Oberc<\/td><\/tr><tr><td><strong>17.00<\/strong><\/td><td>1. +Tadeusz i zm. z rodziny <br>2. +J\u00f3zef Fedio, Stefania Sir\u0119ga i zm. z rodziny \/poza Parafi\u0105\/<\/td><\/tr><tr><td rowspan=\"2\"><strong>Pi\u0105tek<\/strong> &nbsp;<\/td><td><strong>7.00<\/strong><\/td><td>+\u0141ukasz Rajter of. J\u00f3zef, W\u0142adys\u0142awa Wielob\u00f3b<\/td><\/tr><tr><td><strong>17.00<\/strong><\/td><td>1. +Stefani\u0119, Edward Warmus of. c\u00f3rka z rodzin\u0105 <br>2. \u2013Dzi\u0119kczynna w 60 rocznic\u0119 \u015blubu Marii i Stanis\u0142awa Ba\u0142aban of. c\u00f3rka i synowie z rodzinami<\/td><\/tr><tr><td rowspan=\"2\"><strong>Sobota<\/strong> &nbsp;<\/td><td><strong>7.00<\/strong><\/td><td>+Stefani\u0119 Kortyna \/12 r. \u015bm.\/<\/td><\/tr><tr><td><strong>17.00<\/strong><\/td><td>1. -W intencji ks. Proboszcza o \u0142ask\u0119 zdrowia i opiek\u0119 M. Bo\u017cej of. r\u00f3\u017ce parafialne<br>2. +Ks. Witold Mroczkowski of. bratanice i bratanek<\/td><\/tr><tr><td rowspan=\"4\"><strong>Niedziela<\/strong> &nbsp;<\/td><td><strong>6.30<\/strong><\/td><td>-W intencji ks. Proboszcza o b\u0142og. Bo\u017ce i potrzebne \u0142aski of. siostry Felicjanki<\/td><\/tr><tr><td><strong>9.15<\/strong><\/td><td>-W intencji ks. Proboszcza z okazji imienin<\/td><\/tr><tr><td><strong>11.00<\/strong><\/td><td><strong>Za Parafian<\/strong><\/td><\/tr><tr><td><strong>16.30<\/strong><\/td><td>-O b\u0142og. Bo\u017ce dla pana Ko\u015bcielnego w dniu imienin<\/td><\/tr><\/tbody><\/table><\/figure>\n","protected":false},"excerpt":{"rendered":"<p>Poniedzia\u0142ek &nbsp; 7.00 +Wypominkowa \/4\/ 17.00 1. +Stanis\u0142aw Mroczkowski 2. +Stanis\u0142aw, Krystyna Mroczkowscy Wtorek &nbsp; 7.00 -O zdrowie Jakuba of. pracownicy Orew w Rymanowie 17.00 1. +Andrzej Chrobak of. rodz. Wac\u0142awskich 2. +J\u00f3zef Stapi\u0144ski of. rodz. Wac\u0142awskich \/poza Parafi\u0105\/ \u015aroda &nbsp; 7.00 +Ks. Szczepan Semenowicz o dar nieba 17.00 1.<span class=\"more-link\"><a href=\"https:\/\/parafiabesko.pl\/?p=11435\">Czytaj wi\u0119cej<\/a><\/span><\/p>\n","protected":false},"author":1,"featured_media":0,"comment_status":"closed","ping_status":"","sticky":false,"template":"","format":"standard","meta":{"footnotes":""},"categories":[4],"tags":[],"class_list":["entry","author-adminparafiibesko","post-11435","post","type-post","status-publish","format-standard","category-intencje-mszalne"],"_links":{"self":[{"href":"https:\/\/parafiabesko.pl\/index.php?rest_route=\/wp\/v2\/posts\/11435","targetHints":{"allow":["GET"]}}],"collection":[{"href":"https:\/\/parafiabesko.pl\/index.php?rest_route=\/wp\/v2\/posts"}],"about":[{"href":"https:\/\/parafiabesko.pl\/index.php?rest_route=\/wp\/v2\/types\/post"}],"author":[{"embeddable":true,"href":"https:\/\/parafiabesko.pl\/index.php?rest_route=\/wp\/v2\/users\/1"}],"replies":[{"embeddable":true,"href":"https:\/\/parafiabesko.pl\/index.php?rest_route=%2Fwp%2Fv2%2Fcomments&post=11435"}],"version-history":[{"count":1,"href":"https:\/\/parafiabesko.pl\/index.php?rest_route=\/wp\/v2\/posts\/11435\/revisions"}],"predecessor-version":[{"id":11436,"href":"https:\/\/parafiabesko.pl\/index.php?rest_route=\/wp\/v2\/posts\/11435\/revisions\/11436"}],"wp:attachment":[{"href":"https:\/\/parafiabesko.pl\/index.php?rest_route=%2Fwp%2Fv2%2Fmedia&parent=11435"}],"wp:term":[{"taxonomy":"category","embeddable":true,"href":"https:\/\/parafiabesko.pl\/index.php?rest_route=%2Fwp%2Fv2%2Fcategories&post=11435"},{"taxonomy":"post_tag","embeddable":true,"href":"https:\/\/parafiabesko.pl\/index.php?rest_route=%2Fwp%2Fv2%2Ftags&post=11435"}],"curies":[{"name":"wp","href":"https:\/\/api.w.org\/{rel}","templated":true}]}}